{"id":9953,"date":"2025-09-23T17:09:27","date_gmt":"2025-09-23T20:09:27","guid":{"rendered":"https:\/\/mportezuelo.cl\/Inicio\/?p=9953"},"modified":"2025-09-23T17:14:50","modified_gmt":"2025-09-23T20:14:50","slug":"fiestas-patrias-en-portezuelo","status":"publish","type":"post","link":"https:\/\/mportezuelo.cl\/Inicio\/2025\/09\/23\/fiestas-patrias-en-portezuelo\/","title":{"rendered":"FIESTAS PATRIAS EN PORTEZUELO"},"content":{"rendered":"\t\t<div data-elementor-type=\"wp-post\" data-elementor-id=\"9953\" class=\"elementor elementor-9953\" data-elementor-post-type=\"post\">\n\t\t\t\t<div class=\"elementor-element elementor-element-4c17553 e-flex e-con-boxed e-con e-parent\" data-id=\"4c17553\" data-element_type=\"container\" data-e-type=\"container\" data-settings=\"{&quot;tmea_shape_divider_top&quot;:&quot;none&quot;,&quot;tmea_shape_divider_bottom&quot;:&quot;none&quot;}\">\n\t\t\t\t\t<div class=\"e-con-inner\">\n\t\t\t\t<div class=\"elementor-element elementor-element-d51d02c elementor-widget elementor-widget-image\" data-id=\"d51d02c\" data-element_type=\"widget\" data-e-type=\"widget\" data-widget_type=\"image.default\">\n\t\t\t\t<div class=\"elementor-widget-container\">\n\t\t\t\t\t\t\t\t\t\t\t\t\t\t\t<img fetchpriority=\"high\" decoding=\"async\" width=\"1024\" height=\"581\" src=\"https:\/\/mportezuelo.cl\/Inicio\/wp-content\/uploads\/2025\/09\/IMG_5168-e1758657624609-1024x581.jpg\" class=\"attachment-large size-large wp-image-9954\" alt=\"\" srcset=\"https:\/\/mportezuelo.cl\/Inicio\/wp-content\/uploads\/2025\/09\/IMG_5168-e1758657624609-1024x581.jpg 1024w, https:\/\/mportezuelo.cl\/Inicio\/wp-content\/uploads\/2025\/09\/IMG_5168-e1758657624609-300x170.jpg 300w, https:\/\/mportezuelo.cl\/Inicio\/wp-content\/uploads\/2025\/09\/IMG_5168-e1758657624609-768x436.jpg 768w, https:\/\/mportezuelo.cl\/Inicio\/wp-content\/uploads\/2025\/09\/IMG_5168-e1758657624609-1536x872.jpg 1536w, https:\/\/mportezuelo.cl\/Inicio\/wp-content\/uploads\/2025\/09\/IMG_5168-e1758657624609-177x100.jpg 177w, https:\/\/mportezuelo.cl\/Inicio\/wp-content\/uploads\/2025\/09\/IMG_5168-e1758657624609.jpg 1867w\" sizes=\"(max-width: 1024px) 100vw, 1024px\" \/>\t\t\t\t\t\t\t\t\t\t\t\t\t\t\t<\/div>\n\t\t\t\t<\/div>\n\t\t\t\t\t<\/div>\n\t\t\t\t<\/div>\n\t\t<div class=\"elementor-element elementor-element-ef0c80a e-flex e-con-boxed e-con e-parent\" data-id=\"ef0c80a\" data-element_type=\"container\" data-e-type=\"container\" data-settings=\"{&quot;tmea_shape_divider_top&quot;:&quot;none&quot;,&quot;tmea_shape_divider_bottom&quot;:&quot;none&quot;}\">\n\t\t\t\t\t<div class=\"e-con-inner\">\n\t\t\n\t\t<div class=\"elementor-element elementor-element-7c9cff4 elementor-widget elementor-widget-text-editor\" data-id=\"7c9cff4\" data-element_type=\"widget\" data-e-type=\"widget\" data-widget_type=\"text-editor.default\">\n\t\t\t\t<div class=\"elementor-widget-container\">\n\t\t\t\t\t\t\t\t\t<p>Con una emotiva ceremonia cargada de patriotismo, tradici\u00f3n y comunidad, la comuna de Portezuelo vivi\u00f3 sus Fiestas Patrias 2025 en un ambiente de alegr\u00eda y reconocimiento a quienes hacen grande a la localidad. La celebraci\u00f3n cont\u00f3 con la presencia de numerosas instituciones territoriales y funcionales, adem\u00e1s del delegado provincial del Itata, Mario Cruces, quien lleg\u00f3 hasta la comuna para acompa\u00f1ar al alcalde Juan Carlos Ram\u00edrez Sep\u00falveda en esta importante fecha.<\/p>\t\t\t\t\t\t\t\t<\/div>\n\t\t\t\t<\/div>\n\t\t\t\t\t<\/div>\n\t\t\t\t<\/div>\n\t\t<div class=\"elementor-element elementor-element-752fc23 e-flex e-con-boxed e-con e-parent\" data-id=\"752fc23\" data-element_type=\"container\" data-e-type=\"container\" data-settings=\"{&quot;tmea_shape_divider_top&quot;:&quot;none&quot;,&quot;tmea_shape_divider_bottom&quot;:&quot;none&quot;}\">\n\t\t\t\t\t<div class=\"e-con-inner\">\n\t\t<div class=\"elementor-element elementor-element-b690d59 e-con-full e-flex e-con e-child\" data-id=\"b690d59\" data-element_type=\"container\" data-e-type=\"container\" data-settings=\"{&quot;tmea_shape_divider_top&quot;:&quot;none&quot;,&quot;tmea_shape_divider_bottom&quot;:&quot;none&quot;}\">\n\t\t\t\t<div class=\"elementor-element elementor-element-464e854 elementor-widget elementor-widget-image\" data-id=\"464e854\" data-element_type=\"widget\" data-e-type=\"widget\" data-widget_type=\"image.default\">\n\t\t\t\t<div class=\"elementor-widget-container\">\n\t\t\t\t\t\t\t\t\t\t\t\t\t\t\t<img decoding=\"async\" width=\"1024\" height=\"683\" src=\"https:\/\/mportezuelo.cl\/Inicio\/wp-content\/uploads\/2025\/09\/IMG_4843-1024x683.jpg\" class=\"attachment-large size-large wp-image-9957\" alt=\"\" srcset=\"https:\/\/mportezuelo.cl\/Inicio\/wp-content\/uploads\/2025\/09\/IMG_4843-1024x683.jpg 1024w, https:\/\/mportezuelo.cl\/Inicio\/wp-content\/uploads\/2025\/09\/IMG_4843-300x200.jpg 300w, https:\/\/mportezuelo.cl\/Inicio\/wp-content\/uploads\/2025\/09\/IMG_4843-768x512.jpg 768w, https:\/\/mportezuelo.cl\/Inicio\/wp-content\/uploads\/2025\/09\/IMG_4843-1536x1024.jpg 1536w, https:\/\/mportezuelo.cl\/Inicio\/wp-content\/uploads\/2025\/09\/IMG_4843.jpg 1867w\" sizes=\"(max-width: 1024px) 100vw, 1024px\" \/>\t\t\t\t\t\t\t\t\t\t\t\t\t\t\t<\/div>\n\t\t\t\t<\/div>\n\t\t\t\t<\/div>\n\t\t<div class=\"elementor-element elementor-element-9b32b0b e-con-full e-flex e-con e-child\" data-id=\"9b32b0b\" data-element_type=\"container\" data-e-type=\"container\" data-settings=\"{&quot;tmea_shape_divider_top&quot;:&quot;none&quot;,&quot;tmea_shape_divider_bottom&quot;:&quot;none&quot;}\">\n\t\t\t\t<div class=\"elementor-element elementor-element-034c880 elementor-widget elementor-widget-text-editor\" data-id=\"034c880\" data-element_type=\"widget\" data-e-type=\"widget\" data-widget_type=\"text-editor.default\">\n\t\t\t\t<div class=\"elementor-widget-container\">\n\t\t\t\t\t\t\t\t\t<h4><strong>Reconocimientos a talentos locales<\/strong><\/h4><p>Durante el acto central, se entregaron distinciones a destacados representantes de la comuna. Entre ellos, el grupo de futsal del colegio Nuestra Se\u00f1ora del Carmen, que pr\u00f3ximamente representar\u00e1 a Portezuelo en competencias a nivel regional, recibi\u00f3 un merecido homenaje por su esfuerzo y dedicaci\u00f3n.<\/p><p>Tambi\u00e9n se premi\u00f3 a los comerciantes participantes del concurso \u201cAdorno mi local\u201d, iniciativa que busca embellecer y potenciar el esp\u00edritu festivo en el comercio local. El primer lugar fue para el Supermercado Claudicar, seguido por el Restaurant T\u00eda Juanita en segundo lugar, y La Pulper\u00eda en tercera posici\u00f3n.<\/p><p>En el \u00e1mbito art\u00edstico, se destac\u00f3 a Alice Lizama Gonz\u00e1lez, joven talento portezolana que obtuvo el tercer lugar regional en el Concurso de Pintura \u201cMes de la Monta\u00f1a\u201d, demostrando una vez m\u00e1s el potencial creativo de los j\u00f3venes de la comuna.<\/p>\t\t\t\t\t\t\t\t<\/div>\n\t\t\t\t<\/div>\n\t\t\t\t<\/div>\n\t\t\t\t\t<\/div>\n\t\t\t\t<\/div>\n\t\t<div class=\"elementor-element elementor-element-ff84b7d e-flex e-con-boxed e-con e-parent\" data-id=\"ff84b7d\" data-element_type=\"container\" data-e-type=\"container\" data-settings=\"{&quot;tmea_shape_divider_top&quot;:&quot;none&quot;,&quot;tmea_shape_divider_bottom&quot;:&quot;none&quot;}\">\n\t\t\t\t\t<div class=\"e-con-inner\">\n\t\t<div class=\"elementor-element elementor-element-e2dd3cf e-con-full e-flex e-con e-child\" data-id=\"e2dd3cf\" data-element_type=\"container\" data-e-type=\"container\" data-settings=\"{&quot;tmea_shape_divider_top&quot;:&quot;none&quot;,&quot;tmea_shape_divider_bottom&quot;:&quot;none&quot;}\">\n\t\t\t\t<div class=\"elementor-element elementor-element-0609551 elementor-widget elementor-widget-image\" data-id=\"0609551\" data-element_type=\"widget\" data-e-type=\"widget\" data-widget_type=\"image.default\">\n\t\t\t\t<div class=\"elementor-widget-container\">\n\t\t\t\t\t\t\t\t\t\t\t\t\t\t\t<img decoding=\"async\" width=\"1024\" height=\"683\" src=\"https:\/\/mportezuelo.cl\/Inicio\/wp-content\/uploads\/2025\/09\/IMG_4906-1024x683.jpg\" class=\"attachment-large size-large wp-image-9958\" alt=\"\" srcset=\"https:\/\/mportezuelo.cl\/Inicio\/wp-content\/uploads\/2025\/09\/IMG_4906-1024x683.jpg 1024w, https:\/\/mportezuelo.cl\/Inicio\/wp-content\/uploads\/2025\/09\/IMG_4906-300x200.jpg 300w, https:\/\/mportezuelo.cl\/Inicio\/wp-content\/uploads\/2025\/09\/IMG_4906-768x512.jpg 768w, https:\/\/mportezuelo.cl\/Inicio\/wp-content\/uploads\/2025\/09\/IMG_4906-1536x1024.jpg 1536w, https:\/\/mportezuelo.cl\/Inicio\/wp-content\/uploads\/2025\/09\/IMG_4906.jpg 1867w\" sizes=\"(max-width: 1024px) 100vw, 1024px\" \/>\t\t\t\t\t\t\t\t\t\t\t\t\t\t\t<\/div>\n\t\t\t\t<\/div>\n\t\t\t\t<\/div>\n\t\t<div class=\"elementor-element elementor-element-e05566f e-con-full e-flex e-con e-child\" data-id=\"e05566f\" data-element_type=\"container\" data-e-type=\"container\" data-settings=\"{&quot;tmea_shape_divider_top&quot;:&quot;none&quot;,&quot;tmea_shape_divider_bottom&quot;:&quot;none&quot;}\">\n\t\t\t\t<div class=\"elementor-element elementor-element-971cb8d elementor-widget elementor-widget-text-editor\" data-id=\"971cb8d\" data-element_type=\"widget\" data-e-type=\"widget\" data-widget_type=\"text-editor.default\">\n\t\t\t\t<div class=\"elementor-widget-container\">\n\t\t\t\t\t\t\t\t\t<h3><strong>La cueca, alma de la fiesta<\/strong><\/h3><p>Como buenos cuequeros que son, los portezolanos rindieron homenaje a la danza nacional. Se reconoci\u00f3 a los estudiantes Nicol\u00e1s Quiroz y Ana\u00eds Arriagada del colegio Lomas de Chudal, as\u00ed como a Benjam\u00edn Constanzo y Antonella Escobar del liceo Nibaldo Sep\u00falveda Fern\u00e1ndez, por su destacada participaci\u00f3n. Adem\u00e1s, se premi\u00f3 a los ganadores de la cueca lugare\u00f1a: Maximiliano Sep\u00falveda, de la escuela de Huacalemu, y Catalina Mu\u00f1oz, del colegio Lomas de Chudal, quienes encantaron al p\u00fablico con su autenticidad y destreza.<\/p>\t\t\t\t\t\t\t\t<\/div>\n\t\t\t\t<\/div>\n\t\t\t\t<\/div>\n\t\t\t\t\t<\/div>\n\t\t\t\t<\/div>\n\t\t<div class=\"elementor-element elementor-element-41a3e73 e-flex e-con-boxed e-con e-parent\" data-id=\"41a3e73\" data-element_type=\"container\" data-e-type=\"container\" data-settings=\"{&quot;tmea_shape_divider_top&quot;:&quot;none&quot;,&quot;tmea_shape_divider_bottom&quot;:&quot;none&quot;}\">\n\t\t\t\t\t<div class=\"e-con-inner\">\n\t\t<div class=\"elementor-element elementor-element-b00fc34 e-con-full e-flex e-con e-child\" data-id=\"b00fc34\" data-element_type=\"container\" data-e-type=\"container\" data-settings=\"{&quot;tmea_shape_divider_top&quot;:&quot;none&quot;,&quot;tmea_shape_divider_bottom&quot;:&quot;none&quot;}\">\n\t\t\t\t<div class=\"elementor-element elementor-element-ab74ae1 elementor-widget elementor-widget-image\" data-id=\"ab74ae1\" data-element_type=\"widget\" data-e-type=\"widget\" data-widget_type=\"image.default\">\n\t\t\t\t<div class=\"elementor-widget-container\">\n\t\t\t\t\t\t\t\t\t\t\t\t\t\t\t<img loading=\"lazy\" decoding=\"async\" width=\"1024\" height=\"683\" src=\"https:\/\/mportezuelo.cl\/Inicio\/wp-content\/uploads\/2025\/09\/IMG_5010-1024x683.jpg\" class=\"attachment-large size-large wp-image-9959\" alt=\"\" srcset=\"https:\/\/mportezuelo.cl\/Inicio\/wp-content\/uploads\/2025\/09\/IMG_5010-1024x683.jpg 1024w, https:\/\/mportezuelo.cl\/Inicio\/wp-content\/uploads\/2025\/09\/IMG_5010-300x200.jpg 300w, https:\/\/mportezuelo.cl\/Inicio\/wp-content\/uploads\/2025\/09\/IMG_5010-768x512.jpg 768w, https:\/\/mportezuelo.cl\/Inicio\/wp-content\/uploads\/2025\/09\/IMG_5010-1536x1024.jpg 1536w, https:\/\/mportezuelo.cl\/Inicio\/wp-content\/uploads\/2025\/09\/IMG_5010.jpg 1867w\" sizes=\"(max-width: 1024px) 100vw, 1024px\" \/>\t\t\t\t\t\t\t\t\t\t\t\t\t\t\t<\/div>\n\t\t\t\t<\/div>\n\t\t\t\t<\/div>\n\t\t<div class=\"elementor-element elementor-element-70d8970 e-con-full e-flex e-con e-child\" data-id=\"70d8970\" data-element_type=\"container\" data-e-type=\"container\" data-settings=\"{&quot;tmea_shape_divider_top&quot;:&quot;none&quot;,&quot;tmea_shape_divider_bottom&quot;:&quot;none&quot;}\">\n\t\t\t\t<div class=\"elementor-element elementor-element-9c14922 elementor-widget elementor-widget-text-editor\" data-id=\"9c14922\" data-element_type=\"widget\" data-e-type=\"widget\" data-widget_type=\"text-editor.default\">\n\t\t\t\t<div class=\"elementor-widget-container\">\n\t\t\t\t\t\t\t\t\t<h4><strong>Esquinazo y desfile: tradici\u00f3n a caballo y con m\u00fasica<\/strong><\/h4><p>El esquinazo, momento cumbre de la celebraci\u00f3n, estuvo a cargo de los hist\u00f3ricos clubes de huasos de la comuna: R\u00edo Lonqu\u00e9n de Buenos Aires, San Rafael de Cucha Urrejola y el Club de Huasos de Portezuelo. En una novedad significativa, este a\u00f1o se sumaron las integrantes del reci\u00e9n creado Grupo Ecuestre Femenino Amazonas de Portezuelo, quienes marcaron un hito al incorporar la fuerza y elegancia femenina a esta tradici\u00f3n campesina.<\/p><p>El desfile patrio, que rindi\u00f3 homenaje a los 215 a\u00f1os de la Primera Junta Nacional de Gobierno, cont\u00f3 con la participaci\u00f3n de las bandas escolares del liceo Nibaldo Sep\u00falveda Fern\u00e1ndez y del colegio Nuestra Se\u00f1ora del Carmen, cuyas marchas entonaron el orgullo nacional y emocionaron a los asistentes.<\/p>\t\t\t\t\t\t\t\t<\/div>\n\t\t\t\t<\/div>\n\t\t\t\t<\/div>\n\t\t\t\t\t<\/div>\n\t\t\t\t<\/div>\n\t\t<div class=\"elementor-element elementor-element-daab3a3 e-flex e-con-boxed e-con e-parent\" data-id=\"daab3a3\" data-element_type=\"container\" data-e-type=\"container\" data-settings=\"{&quot;tmea_shape_divider_top&quot;:&quot;none&quot;,&quot;tmea_shape_divider_bottom&quot;:&quot;none&quot;}\">\n\t\t\t\t\t<div class=\"e-con-inner\">\n\t\t<div class=\"elementor-element elementor-element-c55db28 e-con-full e-flex e-con e-child\" data-id=\"c55db28\" data-element_type=\"container\" data-e-type=\"container\" data-settings=\"{&quot;tmea_shape_divider_top&quot;:&quot;none&quot;,&quot;tmea_shape_divider_bottom&quot;:&quot;none&quot;}\">\n\t\t\t\t<div class=\"elementor-element elementor-element-c267f00 elementor-widget elementor-widget-image\" data-id=\"c267f00\" data-element_type=\"widget\" data-e-type=\"widget\" data-widget_type=\"image.default\">\n\t\t\t\t<div class=\"elementor-widget-container\">\n\t\t\t\t\t\t\t\t\t\t\t\t\t\t\t<img loading=\"lazy\" decoding=\"async\" width=\"1024\" height=\"683\" src=\"https:\/\/mportezuelo.cl\/Inicio\/wp-content\/uploads\/2025\/09\/IMG_4875-1024x683.jpg\" class=\"attachment-large size-large wp-image-9960\" alt=\"\" srcset=\"https:\/\/mportezuelo.cl\/Inicio\/wp-content\/uploads\/2025\/09\/IMG_4875-1024x683.jpg 1024w, https:\/\/mportezuelo.cl\/Inicio\/wp-content\/uploads\/2025\/09\/IMG_4875-300x200.jpg 300w, https:\/\/mportezuelo.cl\/Inicio\/wp-content\/uploads\/2025\/09\/IMG_4875-768x512.jpg 768w, https:\/\/mportezuelo.cl\/Inicio\/wp-content\/uploads\/2025\/09\/IMG_4875-1536x1024.jpg 1536w, https:\/\/mportezuelo.cl\/Inicio\/wp-content\/uploads\/2025\/09\/IMG_4875.jpg 1867w\" sizes=\"(max-width: 1024px) 100vw, 1024px\" \/>\t\t\t\t\t\t\t\t\t\t\t\t\t\t\t<\/div>\n\t\t\t\t<\/div>\n\t\t\t\t<\/div>\n\t\t<div class=\"elementor-element elementor-element-d018719 e-con-full e-flex e-con e-child\" data-id=\"d018719\" data-element_type=\"container\" data-e-type=\"container\" data-settings=\"{&quot;tmea_shape_divider_top&quot;:&quot;none&quot;,&quot;tmea_shape_divider_bottom&quot;:&quot;none&quot;}\">\n\t\t\t\t<div class=\"elementor-element elementor-element-7fabef8 elementor-widget elementor-widget-text-editor\" data-id=\"7fabef8\" data-element_type=\"widget\" data-e-type=\"widget\" data-widget_type=\"text-editor.default\">\n\t\t\t\t<div class=\"elementor-widget-container\">\n\t\t\t\t\t\t\t\t\t<h4><strong>Compromiso con el futuro de Portezuelo<\/strong><\/h4><p>En su discurso, el alcalde Juan Carlos Ram\u00edrez Sep\u00falveda extendi\u00f3 un c\u00e1lido saludo a todos los habitantes de la comuna y a los visitantes que cada a\u00f1o regresan a sus ra\u00edces para celebrar en familia. \u201cQue estas Fiestas Patrias sean un momento de unidad, alegr\u00eda y renovaci\u00f3n de nuestro compromiso con Portezuelo\u201d, expres\u00f3 el edil.<\/p><p>Adem\u00e1s, anunci\u00f3 dos importantes proyectos para el desarrollo comunal: la construcci\u00f3n de La P\u00e9rgola, un nuevo \u00edcono de bienvenida a la entrada del pueblo, y la gesti\u00f3n de recursos para la edificaci\u00f3n del nuevo CESFAM, infraestructura clave para mejorar la salud de los vecinos.<\/p>\t\t\t\t\t\t\t\t<\/div>\n\t\t\t\t<\/div>\n\t\t\t\t<\/div>\n\t\t\t\t\t<\/div>\n\t\t\t\t<\/div>\n\t\t<div class=\"elementor-element elementor-element-75080c3 e-flex e-con-boxed e-con e-parent\" data-id=\"75080c3\" data-element_type=\"container\" data-e-type=\"container\" data-settings=\"{&quot;tmea_shape_divider_top&quot;:&quot;none&quot;,&quot;tmea_shape_divider_bottom&quot;:&quot;none&quot;}\">\n\t\t\t\t\t<div class=\"e-con-inner\">\n\t\t<div class=\"elementor-element elementor-element-0aca27c e-con-full e-flex e-con e-child\" data-id=\"0aca27c\" data-element_type=\"container\" data-e-type=\"container\" data-settings=\"{&quot;tmea_shape_divider_top&quot;:&quot;none&quot;,&quot;tmea_shape_divider_bottom&quot;:&quot;none&quot;}\">\n\t\t\t\t<div class=\"elementor-element elementor-element-766a9a0 elementor-widget elementor-widget-image\" data-id=\"766a9a0\" data-element_type=\"widget\" data-e-type=\"widget\" data-widget_type=\"image.default\">\n\t\t\t\t<div class=\"elementor-widget-container\">\n\t\t\t\t\t\t\t\t\t\t\t\t\t\t\t<img loading=\"lazy\" decoding=\"async\" width=\"1024\" height=\"683\" src=\"https:\/\/mportezuelo.cl\/Inicio\/wp-content\/uploads\/2025\/09\/IMG_5193-1024x683.jpg\" class=\"attachment-large size-large wp-image-9961\" alt=\"\" srcset=\"https:\/\/mportezuelo.cl\/Inicio\/wp-content\/uploads\/2025\/09\/IMG_5193-1024x683.jpg 1024w, https:\/\/mportezuelo.cl\/Inicio\/wp-content\/uploads\/2025\/09\/IMG_5193-300x200.jpg 300w, https:\/\/mportezuelo.cl\/Inicio\/wp-content\/uploads\/2025\/09\/IMG_5193-768x512.jpg 768w, https:\/\/mportezuelo.cl\/Inicio\/wp-content\/uploads\/2025\/09\/IMG_5193-1536x1024.jpg 1536w, https:\/\/mportezuelo.cl\/Inicio\/wp-content\/uploads\/2025\/09\/IMG_5193.jpg 1867w\" sizes=\"(max-width: 1024px) 100vw, 1024px\" \/>\t\t\t\t\t\t\t\t\t\t\t\t\t\t\t<\/div>\n\t\t\t\t<\/div>\n\t\t\t\t<\/div>\n\t\t<div class=\"elementor-element elementor-element-a56fcfb e-con-full e-flex e-con e-child\" data-id=\"a56fcfb\" data-element_type=\"container\" data-e-type=\"container\" data-settings=\"{&quot;tmea_shape_divider_top&quot;:&quot;none&quot;,&quot;tmea_shape_divider_bottom&quot;:&quot;none&quot;}\">\n\t\t\t\t<div class=\"elementor-element elementor-element-f837af4 elementor-widget elementor-widget-text-editor\" data-id=\"f837af4\" data-element_type=\"widget\" data-e-type=\"widget\" data-widget_type=\"text-editor.default\">\n\t\t\t\t<div class=\"elementor-widget-container\">\n\t\t\t\t\t\t\t\t\t<h3><strong>Una celebraci\u00f3n que une tradici\u00f3n y progreso<\/strong><\/h3><p>Las Fiestas Patrias en Portezuelo no solo fueron un homenaje a la historia de Chile, sino tambi\u00e9n una muestra viva del esp\u00edritu comunitario, el talento local y la voluntad de seguir construyendo un futuro con identidad, orgullo y progreso. Una fiesta que, como cada a\u00f1o, dej\u00f3 huella en el coraz\u00f3n de grandes y chicos, y que reafirma a Portezuelo como una comuna que celebra con alma, tradici\u00f3n y mirada hacia adelante.<br \/><br \/>Colaboraci\u00f3n: Adolay Sobarzo.<\/p>\t\t\t\t\t\t\t\t<\/div>\n\t\t\t\t<\/div>\n\t\t\t\t<\/div>\n\t\t\t\t\t<\/div>\n\t\t\t\t<\/div>\n\t\t<div class=\"elementor-element elementor-element-b9d8d78 e-flex e-con-boxed e-con e-parent\" data-id=\"b9d8d78\" data-element_type=\"container\" data-e-type=\"container\" data-settings=\"{&quot;tmea_shape_divider_top&quot;:&quot;none&quot;,&quot;tmea_shape_divider_bottom&quot;:&quot;none&quot;}\">\n\t\t\t\t\t<div class=\"e-con-inner\">\n\t\t\t\t<div class=\"elementor-element elementor-element-a1ff221 elementor-widget elementor-widget-gallery\" data-id=\"a1ff221\" data-element_type=\"widget\" data-e-type=\"widget\" data-settings=\"{&quot;lazyload&quot;:&quot;yes&quot;,&quot;gallery_layout&quot;:&quot;grid&quot;,&quot;columns&quot;:4,&quot;columns_tablet&quot;:2,&quot;columns_mobile&quot;:1,&quot;gap&quot;:{&quot;unit&quot;:&quot;px&quot;,&quot;size&quot;:10,&quot;sizes&quot;:[]},&quot;gap_tablet&quot;:{&quot;unit&quot;:&quot;px&quot;,&quot;size&quot;:10,&quot;sizes&quot;:[]},&quot;gap_mobile&quot;:{&quot;unit&quot;:&quot;px&quot;,&quot;size&quot;:10,&quot;sizes&quot;:[]},&quot;link_to&quot;:&quot;file&quot;,&quot;aspect_ratio&quot;:&quot;3:2&quot;,&quot;overlay_background&quot;:&quot;yes&quot;,&quot;content_hover_animation&quot;:&quot;fade-in&quot;}\" data-widget_type=\"gallery.default\">\n\t\t\t\t<div class=\"elementor-widget-container\">\n\t\t\t\t\t\t\t<div class=\"elementor-gallery__container\">\n\t\t\t\t\t\t\t<a class=\"e-gallery-item elementor-gallery-item elementor-animated-content\" href=\"https:\/\/mportezuelo.cl\/Inicio\/wp-content\/uploads\/2025\/09\/IMG_4629.jpg\" data-elementor-open-lightbox=\"yes\" data-elementor-lightbox-slideshow=\"a1ff221\" data-elementor-lightbox-title=\"FIESTAS PATRIAS EN PORTEZUELO\" data-e-action-hash=\"#elementor-action%3Aaction%3Dlightbox%26settings%3DeyJpZCI6OTk2MiwidXJsIjoiaHR0cHM6XC9cL21wb3J0ZXp1ZWxvLmNsXC9JbmljaW9cL3dwLWNvbnRlbnRcL3VwbG9hZHNcLzIwMjVcLzA5XC9JTUdfNDYyOS5qcGciLCJzbGlkZXNob3ciOiJhMWZmMjIxIn0%3D\">\n\t\t\t\t\t<div class=\"e-gallery-image elementor-gallery-item__image\" data-thumbnail=\"https:\/\/mportezuelo.cl\/Inicio\/wp-content\/uploads\/2025\/09\/IMG_4629-300x200.jpg\" data-width=\"300\" data-height=\"200\" aria-label=\"\" role=\"img\" ><\/div>\n\t\t\t\t\t\t\t\t\t\t\t<div class=\"elementor-gallery-item__overlay\"><\/div>\n\t\t\t\t\t\t\t\t\t\t\t\t\t\t<\/a>\n\t\t\t\t\t\t\t<a class=\"e-gallery-item elementor-gallery-item elementor-animated-content\" href=\"https:\/\/mportezuelo.cl\/Inicio\/wp-content\/uploads\/2025\/09\/IMG_4683.jpg\" data-elementor-open-lightbox=\"yes\" data-elementor-lightbox-slideshow=\"a1ff221\" data-elementor-lightbox-title=\"FIESTAS PATRIAS EN PORTEZUELO\" data-e-action-hash=\"#elementor-action%3Aaction%3Dlightbox%26settings%3DeyJpZCI6OTk2MywidXJsIjoiaHR0cHM6XC9cL21wb3J0ZXp1ZWxvLmNsXC9JbmljaW9cL3dwLWNvbnRlbnRcL3VwbG9hZHNcLzIwMjVcLzA5XC9JTUdfNDY4My5qcGciLCJzbGlkZXNob3ciOiJhMWZmMjIxIn0%3D\">\n\t\t\t\t\t<div class=\"e-gallery-image elementor-gallery-item__image\" data-thumbnail=\"https:\/\/mportezuelo.cl\/Inicio\/wp-content\/uploads\/2025\/09\/IMG_4683-300x200.jpg\" data-width=\"300\" data-height=\"200\" aria-label=\"\" role=\"img\" ><\/div>\n\t\t\t\t\t\t\t\t\t\t\t<div class=\"elementor-gallery-item__overlay\"><\/div>\n\t\t\t\t\t\t\t\t\t\t\t\t\t\t<\/a>\n\t\t\t\t\t\t\t<a class=\"e-gallery-item elementor-gallery-item elementor-animated-content\" href=\"https:\/\/mportezuelo.cl\/Inicio\/wp-content\/uploads\/2025\/09\/IMG_4758.jpg\" data-elementor-open-lightbox=\"yes\" data-elementor-lightbox-slideshow=\"a1ff221\" data-elementor-lightbox-title=\"FIESTAS PATRIAS EN PORTEZUELO\" data-e-action-hash=\"#elementor-action%3Aaction%3Dlightbox%26settings%3DeyJpZCI6OTk2NCwidXJsIjoiaHR0cHM6XC9cL21wb3J0ZXp1ZWxvLmNsXC9JbmljaW9cL3dwLWNvbnRlbnRcL3VwbG9hZHNcLzIwMjVcLzA5XC9JTUdfNDc1OC5qcGciLCJzbGlkZXNob3ciOiJhMWZmMjIxIn0%3D\">\n\t\t\t\t\t<div class=\"e-gallery-image elementor-gallery-item__image\" data-thumbnail=\"https:\/\/mportezuelo.cl\/Inicio\/wp-content\/uploads\/2025\/09\/IMG_4758-300x200.jpg\" data-width=\"300\" data-height=\"200\" aria-label=\"\" role=\"img\" ><\/div>\n\t\t\t\t\t\t\t\t\t\t\t<div class=\"elementor-gallery-item__overlay\"><\/div>\n\t\t\t\t\t\t\t\t\t\t\t\t\t\t<\/a>\n\t\t\t\t\t\t\t<a class=\"e-gallery-item elementor-gallery-item elementor-animated-content\" href=\"https:\/\/mportezuelo.cl\/Inicio\/wp-content\/uploads\/2025\/09\/IMG_4774-1.jpg\" data-elementor-open-lightbox=\"yes\" data-elementor-lightbox-slideshow=\"a1ff221\" data-elementor-lightbox-title=\"FIESTAS PATRIAS EN PORTEZUELO\" data-e-action-hash=\"#elementor-action%3Aaction%3Dlightbox%26settings%3DeyJpZCI6OTk2NSwidXJsIjoiaHR0cHM6XC9cL21wb3J0ZXp1ZWxvLmNsXC9JbmljaW9cL3dwLWNvbnRlbnRcL3VwbG9hZHNcLzIwMjVcLzA5XC9JTUdfNDc3NC0xLmpwZyIsInNsaWRlc2hvdyI6ImExZmYyMjEifQ%3D%3D\">\n\t\t\t\t\t<div class=\"e-gallery-image elementor-gallery-item__image\" data-thumbnail=\"https:\/\/mportezuelo.cl\/Inicio\/wp-content\/uploads\/2025\/09\/IMG_4774-1-300x200.jpg\" data-width=\"300\" data-height=\"200\" aria-label=\"\" role=\"img\" ><\/div>\n\t\t\t\t\t\t\t\t\t\t\t<div class=\"elementor-gallery-item__overlay\"><\/div>\n\t\t\t\t\t\t\t\t\t\t\t\t\t\t<\/a>\n\t\t\t\t\t\t\t<a class=\"e-gallery-item elementor-gallery-item elementor-animated-content\" href=\"https:\/\/mportezuelo.cl\/Inicio\/wp-content\/uploads\/2025\/09\/IMG_4783.jpg\" data-elementor-open-lightbox=\"yes\" data-elementor-lightbox-slideshow=\"a1ff221\" data-elementor-lightbox-title=\"FIESTAS PATRIAS EN PORTEZUELO\" data-e-action-hash=\"#elementor-action%3Aaction%3Dlightbox%26settings%3DeyJpZCI6OTk2NiwidXJsIjoiaHR0cHM6XC9cL21wb3J0ZXp1ZWxvLmNsXC9JbmljaW9cL3dwLWNvbnRlbnRcL3VwbG9hZHNcLzIwMjVcLzA5XC9JTUdfNDc4My5qcGciLCJzbGlkZXNob3ciOiJhMWZmMjIxIn0%3D\">\n\t\t\t\t\t<div class=\"e-gallery-image elementor-gallery-item__image\" data-thumbnail=\"https:\/\/mportezuelo.cl\/Inicio\/wp-content\/uploads\/2025\/09\/IMG_4783-300x200.jpg\" data-width=\"300\" data-height=\"200\" aria-label=\"\" role=\"img\" ><\/div>\n\t\t\t\t\t\t\t\t\t\t\t<div class=\"elementor-gallery-item__overlay\"><\/div>\n\t\t\t\t\t\t\t\t\t\t\t\t\t\t<\/a>\n\t\t\t\t\t\t\t<a class=\"e-gallery-item elementor-gallery-item elementor-animated-content\" href=\"https:\/\/mportezuelo.cl\/Inicio\/wp-content\/uploads\/2025\/09\/IMG_4794.jpg\" data-elementor-open-lightbox=\"yes\" data-elementor-lightbox-slideshow=\"a1ff221\" data-elementor-lightbox-title=\"FIESTAS PATRIAS EN PORTEZUELO\" data-e-action-hash=\"#elementor-action%3Aaction%3Dlightbox%26settings%3DeyJpZCI6OTk2NywidXJsIjoiaHR0cHM6XC9cL21wb3J0ZXp1ZWxvLmNsXC9JbmljaW9cL3dwLWNvbnRlbnRcL3VwbG9hZHNcLzIwMjVcLzA5XC9JTUdfNDc5NC5qcGciLCJzbGlkZXNob3ciOiJhMWZmMjIxIn0%3D\">\n\t\t\t\t\t<div class=\"e-gallery-image elementor-gallery-item__image\" data-thumbnail=\"https:\/\/mportezuelo.cl\/Inicio\/wp-content\/uploads\/2025\/09\/IMG_4794-300x200.jpg\" data-width=\"300\" data-height=\"200\" aria-label=\"\" role=\"img\" ><\/div>\n\t\t\t\t\t\t\t\t\t\t\t<div class=\"elementor-gallery-item__overlay\"><\/div>\n\t\t\t\t\t\t\t\t\t\t\t\t\t\t<\/a>\n\t\t\t\t\t\t\t<a class=\"e-gallery-item elementor-gallery-item elementor-animated-content\" href=\"https:\/\/mportezuelo.cl\/Inicio\/wp-content\/uploads\/2025\/09\/IMG_4828.jpg\" data-elementor-open-lightbox=\"yes\" data-elementor-lightbox-slideshow=\"a1ff221\" data-elementor-lightbox-title=\"FIESTAS PATRIAS EN PORTEZUELO\" data-e-action-hash=\"#elementor-action%3Aaction%3Dlightbox%26settings%3DeyJpZCI6OTk2OCwidXJsIjoiaHR0cHM6XC9cL21wb3J0ZXp1ZWxvLmNsXC9JbmljaW9cL3dwLWNvbnRlbnRcL3VwbG9hZHNcLzIwMjVcLzA5XC9JTUdfNDgyOC5qcGciLCJzbGlkZXNob3ciOiJhMWZmMjIxIn0%3D\">\n\t\t\t\t\t<div class=\"e-gallery-image elementor-gallery-item__image\" data-thumbnail=\"https:\/\/mportezuelo.cl\/Inicio\/wp-content\/uploads\/2025\/09\/IMG_4828-300x200.jpg\" data-width=\"300\" data-height=\"200\" aria-label=\"\" role=\"img\" ><\/div>\n\t\t\t\t\t\t\t\t\t\t\t<div class=\"elementor-gallery-item__overlay\"><\/div>\n\t\t\t\t\t\t\t\t\t\t\t\t\t\t<\/a>\n\t\t\t\t\t\t\t<a class=\"e-gallery-item elementor-gallery-item elementor-animated-content\" href=\"https:\/\/mportezuelo.cl\/Inicio\/wp-content\/uploads\/2025\/09\/IMG_4843-1.jpg\" data-elementor-open-lightbox=\"yes\" data-elementor-lightbox-slideshow=\"a1ff221\" data-elementor-lightbox-title=\"FIESTAS PATRIAS EN PORTEZUELO\" data-e-action-hash=\"#elementor-action%3Aaction%3Dlightbox%26settings%3DeyJpZCI6OTk2OSwidXJsIjoiaHR0cHM6XC9cL21wb3J0ZXp1ZWxvLmNsXC9JbmljaW9cL3dwLWNvbnRlbnRcL3VwbG9hZHNcLzIwMjVcLzA5XC9JTUdfNDg0My0xLmpwZyIsInNsaWRlc2hvdyI6ImExZmYyMjEifQ%3D%3D\">\n\t\t\t\t\t<div class=\"e-gallery-image elementor-gallery-item__image\" data-thumbnail=\"https:\/\/mportezuelo.cl\/Inicio\/wp-content\/uploads\/2025\/09\/IMG_4843-1-300x200.jpg\" data-width=\"300\" data-height=\"200\" aria-label=\"\" role=\"img\" ><\/div>\n\t\t\t\t\t\t\t\t\t\t\t<div class=\"elementor-gallery-item__overlay\"><\/div>\n\t\t\t\t\t\t\t\t\t\t\t\t\t\t<\/a>\n\t\t\t\t\t\t\t<a class=\"e-gallery-item elementor-gallery-item elementor-animated-content\" href=\"https:\/\/mportezuelo.cl\/Inicio\/wp-content\/uploads\/2025\/09\/IMG_4862.jpg\" data-elementor-open-lightbox=\"yes\" data-elementor-lightbox-slideshow=\"a1ff221\" data-elementor-lightbox-title=\"FIESTAS PATRIAS EN PORTEZUELO\" data-e-action-hash=\"#elementor-action%3Aaction%3Dlightbox%26settings%3DeyJpZCI6OTk3MCwidXJsIjoiaHR0cHM6XC9cL21wb3J0ZXp1ZWxvLmNsXC9JbmljaW9cL3dwLWNvbnRlbnRcL3VwbG9hZHNcLzIwMjVcLzA5XC9JTUdfNDg2Mi5qcGciLCJzbGlkZXNob3ciOiJhMWZmMjIxIn0%3D\">\n\t\t\t\t\t<div class=\"e-gallery-image elementor-gallery-item__image\" data-thumbnail=\"https:\/\/mportezuelo.cl\/Inicio\/wp-content\/uploads\/2025\/09\/IMG_4862-300x200.jpg\" data-width=\"300\" data-height=\"200\" aria-label=\"\" role=\"img\" ><\/div>\n\t\t\t\t\t\t\t\t\t\t\t<div class=\"elementor-gallery-item__overlay\"><\/div>\n\t\t\t\t\t\t\t\t\t\t\t\t\t\t<\/a>\n\t\t\t\t\t\t\t<a class=\"e-gallery-item elementor-gallery-item elementor-animated-content\" href=\"https:\/\/mportezuelo.cl\/Inicio\/wp-content\/uploads\/2025\/09\/IMG_4875-1.jpg\" data-elementor-open-lightbox=\"yes\" data-elementor-lightbox-slideshow=\"a1ff221\" data-elementor-lightbox-title=\"FIESTAS PATRIAS EN PORTEZUELO\" data-e-action-hash=\"#elementor-action%3Aaction%3Dlightbox%26settings%3DeyJpZCI6OTk3MSwidXJsIjoiaHR0cHM6XC9cL21wb3J0ZXp1ZWxvLmNsXC9JbmljaW9cL3dwLWNvbnRlbnRcL3VwbG9hZHNcLzIwMjVcLzA5XC9JTUdfNDg3NS0xLmpwZyIsInNsaWRlc2hvdyI6ImExZmYyMjEifQ%3D%3D\">\n\t\t\t\t\t<div class=\"e-gallery-image elementor-gallery-item__image\" data-thumbnail=\"https:\/\/mportezuelo.cl\/Inicio\/wp-content\/uploads\/2025\/09\/IMG_4875-1-300x200.jpg\" data-width=\"300\" data-height=\"200\" aria-label=\"\" role=\"img\" ><\/div>\n\t\t\t\t\t\t\t\t\t\t\t<div class=\"elementor-gallery-item__overlay\"><\/div>\n\t\t\t\t\t\t\t\t\t\t\t\t\t\t<\/a>\n\t\t\t\t\t\t\t<a class=\"e-gallery-item elementor-gallery-item elementor-animated-content\" href=\"https:\/\/mportezuelo.cl\/Inicio\/wp-content\/uploads\/2025\/09\/IMG_4906-1.jpg\" data-elementor-open-lightbox=\"yes\" data-elementor-lightbox-slideshow=\"a1ff221\" data-elementor-lightbox-title=\"FIESTAS PATRIAS EN PORTEZUELO\" data-e-action-hash=\"#elementor-action%3Aaction%3Dlightbox%26settings%3DeyJpZCI6OTk3MiwidXJsIjoiaHR0cHM6XC9cL21wb3J0ZXp1ZWxvLmNsXC9JbmljaW9cL3dwLWNvbnRlbnRcL3VwbG9hZHNcLzIwMjVcLzA5XC9JTUdfNDkwNi0xLmpwZyIsInNsaWRlc2hvdyI6ImExZmYyMjEifQ%3D%3D\">\n\t\t\t\t\t<div class=\"e-gallery-image elementor-gallery-item__image\" data-thumbnail=\"https:\/\/mportezuelo.cl\/Inicio\/wp-content\/uploads\/2025\/09\/IMG_4906-1-300x200.jpg\" data-width=\"300\" data-height=\"200\" aria-label=\"\" role=\"img\" ><\/div>\n\t\t\t\t\t\t\t\t\t\t\t<div class=\"elementor-gallery-item__overlay\"><\/div>\n\t\t\t\t\t\t\t\t\t\t\t\t\t\t<\/a>\n\t\t\t\t\t\t\t<a class=\"e-gallery-item elementor-gallery-item elementor-animated-content\" href=\"https:\/\/mportezuelo.cl\/Inicio\/wp-content\/uploads\/2025\/09\/IMG_4966.jpg\" data-elementor-open-lightbox=\"yes\" data-elementor-lightbox-slideshow=\"a1ff221\" data-elementor-lightbox-title=\"FIESTAS PATRIAS EN PORTEZUELO\" data-e-action-hash=\"#elementor-action%3Aaction%3Dlightbox%26settings%3DeyJpZCI6OTk3MywidXJsIjoiaHR0cHM6XC9cL21wb3J0ZXp1ZWxvLmNsXC9JbmljaW9cL3dwLWNvbnRlbnRcL3VwbG9hZHNcLzIwMjVcLzA5XC9JTUdfNDk2Ni5qcGciLCJzbGlkZXNob3ciOiJhMWZmMjIxIn0%3D\">\n\t\t\t\t\t<div class=\"e-gallery-image elementor-gallery-item__image\" data-thumbnail=\"https:\/\/mportezuelo.cl\/Inicio\/wp-content\/uploads\/2025\/09\/IMG_4966-300x200.jpg\" data-width=\"300\" data-height=\"200\" aria-label=\"\" role=\"img\" ><\/div>\n\t\t\t\t\t\t\t\t\t\t\t<div class=\"elementor-gallery-item__overlay\"><\/div>\n\t\t\t\t\t\t\t\t\t\t\t\t\t\t<\/a>\n\t\t\t\t\t\t\t<a class=\"e-gallery-item elementor-gallery-item elementor-animated-content\" href=\"https:\/\/mportezuelo.cl\/Inicio\/wp-content\/uploads\/2025\/09\/IMG_5010-1.jpg\" data-elementor-open-lightbox=\"yes\" data-elementor-lightbox-slideshow=\"a1ff221\" data-elementor-lightbox-title=\"FIESTAS PATRIAS EN PORTEZUELO\" data-e-action-hash=\"#elementor-action%3Aaction%3Dlightbox%26settings%3DeyJpZCI6OTk3NCwidXJsIjoiaHR0cHM6XC9cL21wb3J0ZXp1ZWxvLmNsXC9JbmljaW9cL3dwLWNvbnRlbnRcL3VwbG9hZHNcLzIwMjVcLzA5XC9JTUdfNTAxMC0xLmpwZyIsInNsaWRlc2hvdyI6ImExZmYyMjEifQ%3D%3D\">\n\t\t\t\t\t<div class=\"e-gallery-image elementor-gallery-item__image\" data-thumbnail=\"https:\/\/mportezuelo.cl\/Inicio\/wp-content\/uploads\/2025\/09\/IMG_5010-1-300x200.jpg\" data-width=\"300\" data-height=\"200\" aria-label=\"\" role=\"img\" ><\/div>\n\t\t\t\t\t\t\t\t\t\t\t<div class=\"elementor-gallery-item__overlay\"><\/div>\n\t\t\t\t\t\t\t\t\t\t\t\t\t\t<\/a>\n\t\t\t\t\t\t\t<a class=\"e-gallery-item elementor-gallery-item elementor-animated-content\" href=\"https:\/\/mportezuelo.cl\/Inicio\/wp-content\/uploads\/2025\/09\/IMG_5036.jpg\" data-elementor-open-lightbox=\"yes\" data-elementor-lightbox-slideshow=\"a1ff221\" data-elementor-lightbox-title=\"FIESTAS PATRIAS EN PORTEZUELO\" data-e-action-hash=\"#elementor-action%3Aaction%3Dlightbox%26settings%3DeyJpZCI6OTk3NSwidXJsIjoiaHR0cHM6XC9cL21wb3J0ZXp1ZWxvLmNsXC9JbmljaW9cL3dwLWNvbnRlbnRcL3VwbG9hZHNcLzIwMjVcLzA5XC9JTUdfNTAzNi5qcGciLCJzbGlkZXNob3ciOiJhMWZmMjIxIn0%3D\">\n\t\t\t\t\t<div class=\"e-gallery-image elementor-gallery-item__image\" data-thumbnail=\"https:\/\/mportezuelo.cl\/Inicio\/wp-content\/uploads\/2025\/09\/IMG_5036-300x200.jpg\" data-width=\"300\" data-height=\"200\" aria-label=\"\" role=\"img\" ><\/div>\n\t\t\t\t\t\t\t\t\t\t\t<div class=\"elementor-gallery-item__overlay\"><\/div>\n\t\t\t\t\t\t\t\t\t\t\t\t\t\t<\/a>\n\t\t\t\t\t\t\t<a class=\"e-gallery-item elementor-gallery-item elementor-animated-content\" href=\"https:\/\/mportezuelo.cl\/Inicio\/wp-content\/uploads\/2025\/09\/IMG_5168-1.jpg\" data-elementor-open-lightbox=\"yes\" data-elementor-lightbox-slideshow=\"a1ff221\" data-elementor-lightbox-title=\"FIESTAS PATRIAS EN PORTEZUELO\" data-e-action-hash=\"#elementor-action%3Aaction%3Dlightbox%26settings%3DeyJpZCI6OTk3NiwidXJsIjoiaHR0cHM6XC9cL21wb3J0ZXp1ZWxvLmNsXC9JbmljaW9cL3dwLWNvbnRlbnRcL3VwbG9hZHNcLzIwMjVcLzA5XC9JTUdfNTE2OC0xLmpwZyIsInNsaWRlc2hvdyI6ImExZmYyMjEifQ%3D%3D\">\n\t\t\t\t\t<div class=\"e-gallery-image elementor-gallery-item__image\" data-thumbnail=\"https:\/\/mportezuelo.cl\/Inicio\/wp-content\/uploads\/2025\/09\/IMG_5168-1-300x200.jpg\" data-width=\"300\" data-height=\"200\" aria-label=\"\" role=\"img\" ><\/div>\n\t\t\t\t\t\t\t\t\t\t\t<div class=\"elementor-gallery-item__overlay\"><\/div>\n\t\t\t\t\t\t\t\t\t\t\t\t\t\t<\/a>\n\t\t\t\t\t\t\t<a class=\"e-gallery-item elementor-gallery-item elementor-animated-content\" href=\"https:\/\/mportezuelo.cl\/Inicio\/wp-content\/uploads\/2025\/09\/IMG_5193-1.jpg\" data-elementor-open-lightbox=\"yes\" data-elementor-lightbox-slideshow=\"a1ff221\" data-elementor-lightbox-title=\"FIESTAS PATRIAS EN PORTEZUELO\" data-e-action-hash=\"#elementor-action%3Aaction%3Dlightbox%26settings%3DeyJpZCI6OTk3NywidXJsIjoiaHR0cHM6XC9cL21wb3J0ZXp1ZWxvLmNsXC9JbmljaW9cL3dwLWNvbnRlbnRcL3VwbG9hZHNcLzIwMjVcLzA5XC9JTUdfNTE5My0xLmpwZyIsInNsaWRlc2hvdyI6ImExZmYyMjEifQ%3D%3D\">\n\t\t\t\t\t<div class=\"e-gallery-image elementor-gallery-item__image\" data-thumbnail=\"https:\/\/mportezuelo.cl\/Inicio\/wp-content\/uploads\/2025\/09\/IMG_5193-1-300x200.jpg\" data-width=\"300\" data-height=\"200\" aria-label=\"\" role=\"img\" ><\/div>\n\t\t\t\t\t\t\t\t\t\t\t<div class=\"elementor-gallery-item__overlay\"><\/div>\n\t\t\t\t\t\t\t\t\t\t\t\t\t\t<\/a>\n\t\t\t\t\t\t\t<a class=\"e-gallery-item elementor-gallery-item elementor-animated-content\" href=\"https:\/\/mportezuelo.cl\/Inicio\/wp-content\/uploads\/2025\/09\/IMG_5233.jpg\" data-elementor-open-lightbox=\"yes\" data-elementor-lightbox-slideshow=\"a1ff221\" data-elementor-lightbox-title=\"FIESTAS PATRIAS EN PORTEZUELO\" data-e-action-hash=\"#elementor-action%3Aaction%3Dlightbox%26settings%3DeyJpZCI6OTk3OCwidXJsIjoiaHR0cHM6XC9cL21wb3J0ZXp1ZWxvLmNsXC9JbmljaW9cL3dwLWNvbnRlbnRcL3VwbG9hZHNcLzIwMjVcLzA5XC9JTUdfNTIzMy5qcGciLCJzbGlkZXNob3ciOiJhMWZmMjIxIn0%3D\">\n\t\t\t\t\t<div class=\"e-gallery-image elementor-gallery-item__image\" data-thumbnail=\"https:\/\/mportezuelo.cl\/Inicio\/wp-content\/uploads\/2025\/09\/IMG_5233-300x200.jpg\" data-width=\"300\" data-height=\"200\" aria-label=\"\" role=\"img\" ><\/div>\n\t\t\t\t\t\t\t\t\t\t\t<div class=\"elementor-gallery-item__overlay\"><\/div>\n\t\t\t\t\t\t\t\t\t\t\t\t\t\t<\/a>\n\t\t\t\t\t\t\t<a class=\"e-gallery-item elementor-gallery-item elementor-animated-content\" href=\"https:\/\/mportezuelo.cl\/Inicio\/wp-content\/uploads\/2025\/09\/IMG_5298.jpg\" data-elementor-open-lightbox=\"yes\" data-elementor-lightbox-slideshow=\"a1ff221\" data-elementor-lightbox-title=\"FIESTAS PATRIAS EN PORTEZUELO\" data-e-action-hash=\"#elementor-action%3Aaction%3Dlightbox%26settings%3DeyJpZCI6OTk3OSwidXJsIjoiaHR0cHM6XC9cL21wb3J0ZXp1ZWxvLmNsXC9JbmljaW9cL3dwLWNvbnRlbnRcL3VwbG9hZHNcLzIwMjVcLzA5XC9JTUdfNTI5OC5qcGciLCJzbGlkZXNob3ciOiJhMWZmMjIxIn0%3D\">\n\t\t\t\t\t<div class=\"e-gallery-image elementor-gallery-item__image\" data-thumbnail=\"https:\/\/mportezuelo.cl\/Inicio\/wp-content\/uploads\/2025\/09\/IMG_5298-300x200.jpg\" data-width=\"300\" data-height=\"200\" aria-label=\"\" role=\"img\" ><\/div>\n\t\t\t\t\t\t\t\t\t\t\t<div class=\"elementor-gallery-item__overlay\"><\/div>\n\t\t\t\t\t\t\t\t\t\t\t\t\t\t<\/a>\n\t\t\t\t\t\t\t<a class=\"e-gallery-item elementor-gallery-item elementor-animated-content\" href=\"https:\/\/mportezuelo.cl\/Inicio\/wp-content\/uploads\/2025\/09\/IMG_5359.jpg\" data-elementor-open-lightbox=\"yes\" data-elementor-lightbox-slideshow=\"a1ff221\" data-elementor-lightbox-title=\"FIESTAS PATRIAS EN PORTEZUELO\" data-e-action-hash=\"#elementor-action%3Aaction%3Dlightbox%26settings%3DeyJpZCI6OTk4MCwidXJsIjoiaHR0cHM6XC9cL21wb3J0ZXp1ZWxvLmNsXC9JbmljaW9cL3dwLWNvbnRlbnRcL3VwbG9hZHNcLzIwMjVcLzA5XC9JTUdfNTM1OS5qcGciLCJzbGlkZXNob3ciOiJhMWZmMjIxIn0%3D\">\n\t\t\t\t\t<div class=\"e-gallery-image elementor-gallery-item__image\" data-thumbnail=\"https:\/\/mportezuelo.cl\/Inicio\/wp-content\/uploads\/2025\/09\/IMG_5359-300x200.jpg\" data-width=\"300\" data-height=\"200\" aria-label=\"\" role=\"img\" ><\/div>\n\t\t\t\t\t\t\t\t\t\t\t<div class=\"elementor-gallery-item__overlay\"><\/div>\n\t\t\t\t\t\t\t\t\t\t\t\t\t\t<\/a>\n\t\t\t\t\t\t\t<a class=\"e-gallery-item elementor-gallery-item elementor-animated-content\" href=\"https:\/\/mportezuelo.cl\/Inicio\/wp-content\/uploads\/2025\/09\/IMG_5548.jpg\" data-elementor-open-lightbox=\"yes\" data-elementor-lightbox-slideshow=\"a1ff221\" data-elementor-lightbox-title=\"FIESTAS PATRIAS EN PORTEZUELO\" data-e-action-hash=\"#elementor-action%3Aaction%3Dlightbox%26settings%3DeyJpZCI6OTk4MSwidXJsIjoiaHR0cHM6XC9cL21wb3J0ZXp1ZWxvLmNsXC9JbmljaW9cL3dwLWNvbnRlbnRcL3VwbG9hZHNcLzIwMjVcLzA5XC9JTUdfNTU0OC5qcGciLCJzbGlkZXNob3ciOiJhMWZmMjIxIn0%3D\">\n\t\t\t\t\t<div class=\"e-gallery-image elementor-gallery-item__image\" data-thumbnail=\"https:\/\/mportezuelo.cl\/Inicio\/wp-content\/uploads\/2025\/09\/IMG_5548-300x200.jpg\" data-width=\"300\" data-height=\"200\" aria-label=\"\" role=\"img\" ><\/div>\n\t\t\t\t\t\t\t\t\t\t\t<div class=\"elementor-gallery-item__overlay\"><\/div>\n\t\t\t\t\t\t\t\t\t\t\t\t\t\t<\/a>\n\t\t\t\t\t\t\t<a class=\"e-gallery-item elementor-gallery-item elementor-animated-content\" href=\"https:\/\/mportezuelo.cl\/Inicio\/wp-content\/uploads\/2025\/09\/IMG_5614.jpg\" data-elementor-open-lightbox=\"yes\" data-elementor-lightbox-slideshow=\"a1ff221\" data-elementor-lightbox-title=\"FIESTAS PATRIAS EN PORTEZUELO\" data-e-action-hash=\"#elementor-action%3Aaction%3Dlightbox%26settings%3DeyJpZCI6OTk4MiwidXJsIjoiaHR0cHM6XC9cL21wb3J0ZXp1ZWxvLmNsXC9JbmljaW9cL3dwLWNvbnRlbnRcL3VwbG9hZHNcLzIwMjVcLzA5XC9JTUdfNTYxNC5qcGciLCJzbGlkZXNob3ciOiJhMWZmMjIxIn0%3D\">\n\t\t\t\t\t<div class=\"e-gallery-image elementor-gallery-item__image\" data-thumbnail=\"https:\/\/mportezuelo.cl\/Inicio\/wp-content\/uploads\/2025\/09\/IMG_5614-300x200.jpg\" data-width=\"300\" data-height=\"200\" aria-label=\"\" role=\"img\" ><\/div>\n\t\t\t\t\t\t\t\t\t\t\t<div class=\"elementor-gallery-item__overlay\"><\/div>\n\t\t\t\t\t\t\t\t\t\t\t\t\t\t<\/a>\n\t\t\t\t\t<\/div>\n\t\t\t\t\t<\/div>\n\t\t\t\t<\/div>\n\t\t\t\t\t<\/div>\n\t\t\t\t<\/div>\n\t\t<div class=\"elementor-element elementor-element-48ac98b e-flex e-con-boxed e-con e-parent\" data-id=\"48ac98b\" data-element_type=\"container\" data-e-type=\"container\" data-settings=\"{&quot;tmea_shape_divider_top&quot;:&quot;none&quot;,&quot;tmea_shape_divider_bottom&quot;:&quot;none&quot;}\">\n\t\t\t\t\t<div class=\"e-con-inner\">\n\t\t\t\t<div class=\"elementor-element elementor-element-5ed0623 elementor-widget elementor-widget-spacer\" data-id=\"5ed0623\" data-element_type=\"widget\" data-e-type=\"widget\" data-widget_type=\"spacer.default\">\n\t\t\t\t<div class=\"elementor-widget-container\">\n\t\t\t\t\t\t\t<div class=\"elementor-spacer\">\n\t\t\t<div class=\"elementor-spacer-inner\"><\/div>\n\t\t<\/div>\n\t\t\t\t\t\t<\/div>\n\t\t\t\t<\/div>\n\t\t\t\t\t<\/div>\n\t\t\t\t<\/div>\n\t\t\t\t<\/div>\n\t\t","protected":false},"excerpt":{"rendered":"<p>Con una emotiva ceremonia cargada de patriotismo, tradici\u00f3n y comunidad, la comuna de Portezuelo vivi\u00f3 sus Fiestas Patrias 2025 en un ambiente de alegr\u00eda y reconocimiento a quienes hacen grande a la localidad. La celebraci\u00f3n cont\u00f3 con la presencia de numerosas instituciones territoriales y funcionales, adem\u00e1s del delegado provincial del Itata, Mario Cruces, quien lleg\u00f3 [&hellip;]<\/p>\n","protected":false},"author":1,"featured_media":9954,"comment_status":"open","ping_status":"open","sticky":false,"template":"elementor_header_footer","format":"standard","meta":{"_monsterinsights_skip_tracking":false,"_monsterinsights_sitenote_active":false,"_monsterinsights_sitenote_note":"","_monsterinsights_sitenote_category":0,"iawp_total_views":3,"footnotes":""},"categories":[52],"tags":[],"class_list":["post-9953","post","type-post","status-publish","format-standard","has-post-thumbnail","hentry","category-comuna"],"aioseo_notices":[],"_links":{"self":[{"href":"https:\/\/mportezuelo.cl\/Inicio\/wp-json\/wp\/v2\/posts\/9953","targetHints":{"allow":["GET"]}}],"collection":[{"href":"https:\/\/mportezuelo.cl\/Inicio\/wp-json\/wp\/v2\/posts"}],"about":[{"href":"https:\/\/mportezuelo.cl\/Inicio\/wp-json\/wp\/v2\/types\/post"}],"author":[{"embeddable":true,"href":"https:\/\/mportezuelo.cl\/Inicio\/wp-json\/wp\/v2\/users\/1"}],"replies":[{"embeddable":true,"href":"https:\/\/mportezuelo.cl\/Inicio\/wp-json\/wp\/v2\/comments?post=9953"}],"version-history":[{"count":7,"href":"https:\/\/mportezuelo.cl\/Inicio\/wp-json\/wp\/v2\/posts\/9953\/revisions"}],"predecessor-version":[{"id":9988,"href":"https:\/\/mportezuelo.cl\/Inicio\/wp-json\/wp\/v2\/posts\/9953\/revisions\/9988"}],"wp:featuredmedia":[{"embeddable":true,"href":"https:\/\/mportezuelo.cl\/Inicio\/wp-json\/wp\/v2\/media\/9954"}],"wp:attachment":[{"href":"https:\/\/mportezuelo.cl\/Inicio\/wp-json\/wp\/v2\/media?parent=9953"}],"wp:term":[{"taxonomy":"category","embeddable":true,"href":"https:\/\/mportezuelo.cl\/Inicio\/wp-json\/wp\/v2\/categories?post=9953"},{"taxonomy":"post_tag","embeddable":true,"href":"https:\/\/mportezuelo.cl\/Inicio\/wp-json\/wp\/v2\/tags?post=9953"}],"curies":[{"name":"wp","href":"https:\/\/api.w.org\/{rel}","templated":true}]}}