{"id":9717,"date":"2025-08-13T19:04:52","date_gmt":"2025-08-13T22:04:52","guid":{"rendered":"https:\/\/mportezuelo.cl\/Inicio\/?p=9717"},"modified":"2025-08-13T22:42:51","modified_gmt":"2025-08-14T01:42:51","slug":"historica-inversion-para-el-itata-comienzan-los-trabajos-para-pavimentar-15-km-entre-ninhue-y-portezuelo","status":"publish","type":"post","link":"https:\/\/mportezuelo.cl\/Inicio\/2025\/08\/13\/historica-inversion-para-el-itata-comienzan-los-trabajos-para-pavimentar-15-km-entre-ninhue-y-portezuelo\/","title":{"rendered":"Hist\u00f3rica inversi\u00f3n para el Itata: Comienzan los trabajos para pavimentar 15 km entre Ninhue y Portezuelo"},"content":{"rendered":"\t\t<div data-elementor-type=\"wp-post\" data-elementor-id=\"9717\" class=\"elementor elementor-9717\" data-elementor-post-type=\"post\">\n\t\t\t\t<div class=\"elementor-element elementor-element-f26825e e-flex e-con-boxed e-con e-parent\" data-id=\"f26825e\" data-element_type=\"container\" data-e-type=\"container\" data-settings=\"{&quot;tmea_shape_divider_top&quot;:&quot;none&quot;,&quot;tmea_shape_divider_bottom&quot;:&quot;none&quot;}\">\n\t\t\t\t\t<div class=\"e-con-inner\">\n\t\t\t\t<div class=\"elementor-element elementor-element-39a27e5 elementor-widget elementor-widget-image\" data-id=\"39a27e5\" data-element_type=\"widget\" data-e-type=\"widget\" data-widget_type=\"image.default\">\n\t\t\t\t<div class=\"elementor-widget-container\">\n\t\t\t\t\t\t\t\t\t\t\t\t\t\t\t<img fetchpriority=\"high\" decoding=\"async\" width=\"1024\" height=\"682\" src=\"https:\/\/mportezuelo.cl\/Inicio\/wp-content\/uploads\/2025\/08\/DJI_0872-copia-1024x682.jpg\" class=\"attachment-large size-large wp-image-9718\" alt=\"\" srcset=\"https:\/\/mportezuelo.cl\/Inicio\/wp-content\/uploads\/2025\/08\/DJI_0872-copia-1024x682.jpg 1024w, https:\/\/mportezuelo.cl\/Inicio\/wp-content\/uploads\/2025\/08\/DJI_0872-copia-300x200.jpg 300w, https:\/\/mportezuelo.cl\/Inicio\/wp-content\/uploads\/2025\/08\/DJI_0872-copia-768x512.jpg 768w, https:\/\/mportezuelo.cl\/Inicio\/wp-content\/uploads\/2025\/08\/DJI_0872-copia-1536x1023.jpg 1536w, https:\/\/mportezuelo.cl\/Inicio\/wp-content\/uploads\/2025\/08\/DJI_0872-copia-2048x1364.jpg 2048w\" sizes=\"(max-width: 1024px) 100vw, 1024px\" \/>\t\t\t\t\t\t\t\t\t\t\t\t\t\t\t<\/div>\n\t\t\t\t<\/div>\n\t\t\t\t\t<\/div>\n\t\t\t\t<\/div>\n\t\t<div class=\"elementor-element elementor-element-ad2393b e-flex e-con-boxed e-con e-parent\" data-id=\"ad2393b\" data-element_type=\"container\" data-e-type=\"container\" data-settings=\"{&quot;tmea_shape_divider_top&quot;:&quot;none&quot;,&quot;tmea_shape_divider_bottom&quot;:&quot;none&quot;}\">\n\t\t\t\t\t<div class=\"e-con-inner\">\n\t\t\n\t\t<div class=\"elementor-element elementor-element-e89c714 elementor-widget elementor-widget-text-editor\" data-id=\"e89c714\" data-element_type=\"widget\" data-e-type=\"widget\" data-widget_type=\"text-editor.default\">\n\t\t\t\t<div class=\"elementor-widget-container\">\n\t\t\t\t\t\t\t\t\t<p><em>Portezuelo, 13 de agosto de 2025.<\/em> \u2014 En una jornada de gran relevancia para el desarrollo vial y territorial de la Provincia de Itata, este mi\u00e9rcoles 13 de agosto fue oficialmente anunciada la adjudicaci\u00f3n de la licitaci\u00f3n para la pavimentaci\u00f3n de 15 kil\u00f3metros de la Ruta N-52 (ex N-480), que conecta las comunas de Ninhue y Portezuelo, en la Regi\u00f3n de \u00d1uble.<\/p>\t\t\t\t\t\t\t\t<\/div>\n\t\t\t\t<\/div>\n\t\t\t\t\t<\/div>\n\t\t\t\t<\/div>\n\t\t<div class=\"elementor-element elementor-element-28d8c30 e-flex e-con-boxed e-con e-parent\" data-id=\"28d8c30\" data-element_type=\"container\" data-e-type=\"container\" data-settings=\"{&quot;tmea_shape_divider_top&quot;:&quot;none&quot;,&quot;tmea_shape_divider_bottom&quot;:&quot;none&quot;}\">\n\t\t\t\t\t<div class=\"e-con-inner\">\n\t\t<div class=\"elementor-element elementor-element-96a9b1c e-con-full e-flex e-con e-child\" data-id=\"96a9b1c\" data-element_type=\"container\" data-e-type=\"container\" data-settings=\"{&quot;tmea_shape_divider_top&quot;:&quot;none&quot;,&quot;tmea_shape_divider_bottom&quot;:&quot;none&quot;}\">\n\t\t\t\t<div class=\"elementor-element elementor-element-6fb6a35 elementor-widget elementor-widget-image\" data-id=\"6fb6a35\" data-element_type=\"widget\" data-e-type=\"widget\" data-widget_type=\"image.default\">\n\t\t\t\t<div class=\"elementor-widget-container\">\n\t\t\t\t\t\t\t\t\t\t\t\t\t\t\t<img decoding=\"async\" width=\"1024\" height=\"816\" src=\"https:\/\/mportezuelo.cl\/Inicio\/wp-content\/uploads\/2025\/08\/514314807_1207939074703359_685342711538174965_n-1024x816.jpg\" class=\"attachment-large size-large wp-image-9732\" alt=\"\" srcset=\"https:\/\/mportezuelo.cl\/Inicio\/wp-content\/uploads\/2025\/08\/514314807_1207939074703359_685342711538174965_n-1024x816.jpg 1024w, https:\/\/mportezuelo.cl\/Inicio\/wp-content\/uploads\/2025\/08\/514314807_1207939074703359_685342711538174965_n-300x239.jpg 300w, https:\/\/mportezuelo.cl\/Inicio\/wp-content\/uploads\/2025\/08\/514314807_1207939074703359_685342711538174965_n-768x612.jpg 768w, https:\/\/mportezuelo.cl\/Inicio\/wp-content\/uploads\/2025\/08\/514314807_1207939074703359_685342711538174965_n.jpg 1280w\" sizes=\"(max-width: 1024px) 100vw, 1024px\" \/>\t\t\t\t\t\t\t\t\t\t\t\t\t\t\t<\/div>\n\t\t\t\t<\/div>\n\t\t\t\t<\/div>\n\t\t<div class=\"elementor-element elementor-element-de5d9ac e-con-full e-flex e-con e-child\" data-id=\"de5d9ac\" data-element_type=\"container\" data-e-type=\"container\" data-settings=\"{&quot;tmea_shape_divider_top&quot;:&quot;none&quot;,&quot;tmea_shape_divider_bottom&quot;:&quot;none&quot;}\">\n\t\t\t\t<div class=\"elementor-element elementor-element-82e654e elementor-widget elementor-widget-text-editor\" data-id=\"82e654e\" data-element_type=\"widget\" data-e-type=\"widget\" data-widget_type=\"text-editor.default\">\n\t\t\t\t<div class=\"elementor-widget-container\">\n\t\t\t\t\t\t\t\t\t<p>La noticia fue dada a conocer en un punto de prensa encabezado por el Seremi Regional de Obras P\u00fablicas, Freddy Gelves, y el Director Regional de Vialidad, Oliver Morales, en conjunto con los alcaldes de ambas comunas: Luis Molina, de Ninhue, y Juan Carlos Ram\u00edrez, de Portezuelo, quienes celebraron el anuncio como una &#8220;tremenda noticia&#8221; y una inversi\u00f3n hist\u00f3rica para la zona del secano interior.<\/p><p>La obra, denominada &#8220;Mejoramiento Ruta Intercomunal del Secano Interior, Etapa 1 \u2013 Tramo DM 0.000 a DM 14.579,625&#8221;, tiene un presupuesto adjudicado de $24.617.374.744 y ser\u00e1 financiada con recursos sectoriales. Este ambicioso proyecto contempla no solo la pavimentaci\u00f3n de la v\u00eda con un alto est\u00e1ndar asf\u00e1ltico, sino tambi\u00e9n la rectificaci\u00f3n del trazado, la construcci\u00f3n de obras de saneamiento y la implementaci\u00f3n de elementos de seguridad vial.<\/p>\t\t\t\t\t\t\t\t<\/div>\n\t\t\t\t<\/div>\n\t\t\t\t<\/div>\n\t\t\t\t\t<\/div>\n\t\t\t\t<\/div>\n\t\t<div class=\"elementor-element elementor-element-b77007b e-flex e-con-boxed e-con e-parent\" data-id=\"b77007b\" data-element_type=\"container\" data-e-type=\"container\" data-settings=\"{&quot;tmea_shape_divider_top&quot;:&quot;none&quot;,&quot;tmea_shape_divider_bottom&quot;:&quot;none&quot;}\">\n\t\t\t\t\t<div class=\"e-con-inner\">\n\t\t<div class=\"elementor-element elementor-element-dbd8d39 e-con-full e-flex e-con e-child\" data-id=\"dbd8d39\" data-element_type=\"container\" data-e-type=\"container\" data-settings=\"{&quot;tmea_shape_divider_top&quot;:&quot;none&quot;,&quot;tmea_shape_divider_bottom&quot;:&quot;none&quot;}\">\n\t\t\t\t<div class=\"elementor-element elementor-element-5957e76 elementor-widget elementor-widget-image\" data-id=\"5957e76\" data-element_type=\"widget\" data-e-type=\"widget\" data-widget_type=\"image.default\">\n\t\t\t\t<div class=\"elementor-widget-container\">\n\t\t\t\t\t\t\t\t\t\t\t\t\t\t\t<img decoding=\"async\" width=\"808\" height=\"1024\" src=\"https:\/\/mportezuelo.cl\/Inicio\/wp-content\/uploads\/2025\/08\/mapa-808x1024.png\" class=\"attachment-large size-large wp-image-9721\" alt=\"\" srcset=\"https:\/\/mportezuelo.cl\/Inicio\/wp-content\/uploads\/2025\/08\/mapa-808x1024.png 808w, https:\/\/mportezuelo.cl\/Inicio\/wp-content\/uploads\/2025\/08\/mapa-237x300.png 237w, https:\/\/mportezuelo.cl\/Inicio\/wp-content\/uploads\/2025\/08\/mapa-768x973.png 768w, https:\/\/mportezuelo.cl\/Inicio\/wp-content\/uploads\/2025\/08\/mapa-1212x1536.png 1212w, https:\/\/mportezuelo.cl\/Inicio\/wp-content\/uploads\/2025\/08\/mapa.png 1328w\" sizes=\"(max-width: 808px) 100vw, 808px\" \/>\t\t\t\t\t\t\t\t\t\t\t\t\t\t\t<\/div>\n\t\t\t\t<\/div>\n\t\t\t\t<\/div>\n\t\t<div class=\"elementor-element elementor-element-fe10912 e-con-full e-flex e-con e-child\" data-id=\"fe10912\" data-element_type=\"container\" data-e-type=\"container\" data-settings=\"{&quot;tmea_shape_divider_top&quot;:&quot;none&quot;,&quot;tmea_shape_divider_bottom&quot;:&quot;none&quot;}\">\n\t\t\t\t<div class=\"elementor-element elementor-element-39d4ba6 elementor-widget elementor-widget-text-editor\" data-id=\"39d4ba6\" data-element_type=\"widget\" data-e-type=\"widget\" data-widget_type=\"text-editor.default\">\n\t\t\t\t<div class=\"elementor-widget-container\">\n\t\t\t\t\t\t\t\t\t<h4>Una conexi\u00f3n estrat\u00e9gica<\/h4><p>La Ruta N-52, que se desarrolla en sentido norte-sur, conecta directamente a las comunas de Ninhue (desde el km 0 al 7,8) y Portezuelo (del km 7,8 al 14,579). El tramo inicia en la intersecci\u00f3n con la Ruta N-50 (km 35,4) y finaliza en el l\u00edmite urbano de Portezuelo, donde actualmente termina el pavimento existente. Esta v\u00eda es fundamental para la movilidad rural, el transporte escolar, el acceso a servicios y la comercializaci\u00f3n de productos agr\u00edcolas y forestales de la zona.<\/p><p>Actualmente, gran parte del camino posee una carpeta granular en estado regular a bueno, con excepci\u00f3n del sector poblado de Pangue (entre los Dm 1.120 y 1.590), que ya cuenta con pavimento en buen estado. Con esta intervenci\u00f3n, se mejorar\u00e1 la geometr\u00eda de la v\u00eda, se suavizar\u00e1n curvas restrictivas \u2014como las de radios de 50 m, 60 m y 70 m\u2014 y se optimizar\u00e1n las pendientes, que en algunos tramos alcanzan el 5,5%, garantizando una conducci\u00f3n m\u00e1s segura y eficiente.<\/p>\t\t\t\t\t\t\t\t<\/div>\n\t\t\t\t<\/div>\n\t\t\t\t<\/div>\n\t\t\t\t\t<\/div>\n\t\t\t\t<\/div>\n\t\t<div class=\"elementor-element elementor-element-4e722d6 e-flex e-con-boxed e-con e-parent\" data-id=\"4e722d6\" data-element_type=\"container\" data-e-type=\"container\" data-settings=\"{&quot;tmea_shape_divider_top&quot;:&quot;none&quot;,&quot;tmea_shape_divider_bottom&quot;:&quot;none&quot;}\">\n\t\t\t\t\t<div class=\"e-con-inner\">\n\t\t<div class=\"elementor-element elementor-element-15bf71c e-con-full e-flex e-con e-child\" data-id=\"15bf71c\" data-element_type=\"container\" data-e-type=\"container\" data-settings=\"{&quot;tmea_shape_divider_top&quot;:&quot;none&quot;,&quot;tmea_shape_divider_bottom&quot;:&quot;none&quot;}\">\n\t\t\t\t<div class=\"elementor-element elementor-element-10549a2 elementor-widget elementor-widget-image\" data-id=\"10549a2\" data-element_type=\"widget\" data-e-type=\"widget\" data-widget_type=\"image.default\">\n\t\t\t\t<div class=\"elementor-widget-container\">\n\t\t\t\t\t\t\t\t\t\t\t\t\t\t\t<img loading=\"lazy\" decoding=\"async\" width=\"1024\" height=\"768\" src=\"https:\/\/mportezuelo.cl\/Inicio\/wp-content\/uploads\/2025\/08\/531344069_1207939101370023_8130239237880977287_n-1024x768.jpg\" class=\"attachment-large size-large wp-image-9733\" alt=\"\" srcset=\"https:\/\/mportezuelo.cl\/Inicio\/wp-content\/uploads\/2025\/08\/531344069_1207939101370023_8130239237880977287_n-1024x768.jpg 1024w, https:\/\/mportezuelo.cl\/Inicio\/wp-content\/uploads\/2025\/08\/531344069_1207939101370023_8130239237880977287_n-300x225.jpg 300w, https:\/\/mportezuelo.cl\/Inicio\/wp-content\/uploads\/2025\/08\/531344069_1207939101370023_8130239237880977287_n-768x576.jpg 768w, https:\/\/mportezuelo.cl\/Inicio\/wp-content\/uploads\/2025\/08\/531344069_1207939101370023_8130239237880977287_n.jpg 1280w\" sizes=\"(max-width: 1024px) 100vw, 1024px\" \/>\t\t\t\t\t\t\t\t\t\t\t\t\t\t\t<\/div>\n\t\t\t\t<\/div>\n\t\t\t\t<\/div>\n\t\t<div class=\"elementor-element elementor-element-acb0bfe e-con-full e-flex e-con e-child\" data-id=\"acb0bfe\" data-element_type=\"container\" data-e-type=\"container\" data-settings=\"{&quot;tmea_shape_divider_top&quot;:&quot;none&quot;,&quot;tmea_shape_divider_bottom&quot;:&quot;none&quot;}\">\n\t\t\t\t<div class=\"elementor-element elementor-element-2d2c547 elementor-widget elementor-widget-text-editor\" data-id=\"2d2c547\" data-element_type=\"widget\" data-e-type=\"widget\" data-widget_type=\"text-editor.default\">\n\t\t\t\t<div class=\"elementor-widget-container\">\n\t\t\t\t\t\t\t\t\t<h4>Cronograma de ejecuci\u00f3n<\/h4><p>Seg\u00fan inform\u00f3 el alcalde de Portezuelo, tras la adjudicaci\u00f3n del contrato y la revisi\u00f3n por parte de los entes correspondientes, la empresa contratista tendr\u00e1 un plazo m\u00e1ximo de tres meses para instalar la faena. Esto significa que, a partir de noviembre de 2025, ya podr\u00edan comenzar los trabajos en terreno.<\/p><p>La obra tendr\u00e1 una duraci\u00f3n estimada de 2 a\u00f1os, con fecha de inicio programada para el 7 de agosto de 2025 y t\u00e9rmino previsto para el 28 de julio de 2027. Una vez finalizada, la ruta ofrecer\u00e1 una conectividad moderna, segura y permanente entre ambas comunas, fortaleciendo su integraci\u00f3n con la capital provincial, Quirihue, y mejorando significativamente la calidad de vida de miles de habitantes rurales.<\/p>\t\t\t\t\t\t\t\t<\/div>\n\t\t\t\t<\/div>\n\t\t\t\t<\/div>\n\t\t\t\t\t<\/div>\n\t\t\t\t<\/div>\n\t\t<div class=\"elementor-element elementor-element-d1f8e8b e-flex e-con-boxed e-con e-parent\" data-id=\"d1f8e8b\" data-element_type=\"container\" data-e-type=\"container\" data-settings=\"{&quot;tmea_shape_divider_top&quot;:&quot;none&quot;,&quot;tmea_shape_divider_bottom&quot;:&quot;none&quot;}\">\n\t\t\t\t\t<div class=\"e-con-inner\">\n\t\t<div class=\"elementor-element elementor-element-df5ef75 e-con-full e-flex e-con e-child\" data-id=\"df5ef75\" data-element_type=\"container\" data-e-type=\"container\" data-settings=\"{&quot;tmea_shape_divider_top&quot;:&quot;none&quot;,&quot;tmea_shape_divider_bottom&quot;:&quot;none&quot;}\">\n\t\t\t\t<div class=\"elementor-element elementor-element-b457c76 elementor-widget elementor-widget-image\" data-id=\"b457c76\" data-element_type=\"widget\" data-e-type=\"widget\" data-widget_type=\"image.default\">\n\t\t\t\t<div class=\"elementor-widget-container\">\n\t\t\t\t\t\t\t\t\t\t\t\t\t\t\t<img loading=\"lazy\" decoding=\"async\" width=\"1024\" height=\"682\" src=\"https:\/\/mportezuelo.cl\/Inicio\/wp-content\/uploads\/2025\/08\/DJI_0859-1024x682.jpg\" class=\"attachment-large size-large wp-image-9724\" alt=\"\" srcset=\"https:\/\/mportezuelo.cl\/Inicio\/wp-content\/uploads\/2025\/08\/DJI_0859-1024x682.jpg 1024w, https:\/\/mportezuelo.cl\/Inicio\/wp-content\/uploads\/2025\/08\/DJI_0859-300x200.jpg 300w, https:\/\/mportezuelo.cl\/Inicio\/wp-content\/uploads\/2025\/08\/DJI_0859-768x512.jpg 768w, https:\/\/mportezuelo.cl\/Inicio\/wp-content\/uploads\/2025\/08\/DJI_0859-1536x1023.jpg 1536w, https:\/\/mportezuelo.cl\/Inicio\/wp-content\/uploads\/2025\/08\/DJI_0859-2048x1364.jpg 2048w\" sizes=\"(max-width: 1024px) 100vw, 1024px\" \/>\t\t\t\t\t\t\t\t\t\t\t\t\t\t\t<\/div>\n\t\t\t\t<\/div>\n\t\t\t\t<\/div>\n\t\t<div class=\"elementor-element elementor-element-e9359bc e-con-full e-flex e-con e-child\" data-id=\"e9359bc\" data-element_type=\"container\" data-e-type=\"container\" data-settings=\"{&quot;tmea_shape_divider_top&quot;:&quot;none&quot;,&quot;tmea_shape_divider_bottom&quot;:&quot;none&quot;}\">\n\t\t\t\t<div class=\"elementor-element elementor-element-93cab4a elementor-widget elementor-widget-text-editor\" data-id=\"93cab4a\" data-element_type=\"widget\" data-e-type=\"widget\" data-widget_type=\"text-editor.default\">\n\t\t\t\t<div class=\"elementor-widget-container\">\n\t\t\t\t\t\t\t\t\t<p><strong>Un hito para el desarrollo regional<\/strong><\/p><p>Ambos alcaldes destacaron que esta obra no solo representa un avance en infraestructura, sino tambi\u00e9n un s\u00edmbolo de integraci\u00f3n y progreso para el secano interior de \u00d1uble. \u201cEsto va a permitir una conectividad real con Quirihue y con el resto de la regi\u00f3n, facilitando el traslado de estudiantes, adultos mayores, productores y turistas\u201d, afirm\u00f3 el alcalde Juan Carlos Ram\u00edrez.<\/p><p>Por su parte, el Director Regional de Vialidad, Oliver Morales, reafirm\u00f3 el compromiso del MOP con la desconcentraci\u00f3n de inversiones y el desarrollo equitativo: \u201cEste es un proyecto que naci\u00f3 de un estudio de ingenier\u00eda profundo y que responde a una necesidad hist\u00f3rica de las comunidades. Estamos cumpliendo con un anhelo de d\u00e9cadas\u201d.<\/p><p>Con esta pavimentaci\u00f3n, la Regi\u00f3n de \u00d1uble da un paso decisivo hacia una red vial m\u00e1s inclusiva, segura y resiliente, consolidando el eje intercomunal del secano interior como un corredor estrat\u00e9gico para el futuro.<\/p>\t\t\t\t\t\t\t\t<\/div>\n\t\t\t\t<\/div>\n\t\t\t\t<\/div>\n\t\t\t\t\t<\/div>\n\t\t\t\t<\/div>\n\t\t<div class=\"elementor-element elementor-element-21c7fb6 e-flex e-con-boxed e-con e-parent\" data-id=\"21c7fb6\" data-element_type=\"container\" data-e-type=\"container\" data-settings=\"{&quot;tmea_shape_divider_top&quot;:&quot;none&quot;,&quot;tmea_shape_divider_bottom&quot;:&quot;none&quot;}\">\n\t\t\t\t\t<div class=\"e-con-inner\">\n\t\t\t\t<div class=\"elementor-element elementor-element-9360354 elementor-widget elementor-widget-spacer\" data-id=\"9360354\" data-element_type=\"widget\" data-e-type=\"widget\" data-widget_type=\"spacer.default\">\n\t\t\t\t<div class=\"elementor-widget-container\">\n\t\t\t\t\t\t\t<div class=\"elementor-spacer\">\n\t\t\t<div class=\"elementor-spacer-inner\"><\/div>\n\t\t<\/div>\n\t\t\t\t\t\t<\/div>\n\t\t\t\t<\/div>\n\t\t\t\t\t<\/div>\n\t\t\t\t<\/div>\n\t\t\t\t<\/div>\n\t\t","protected":false},"excerpt":{"rendered":"<p>Portezuelo, 13 de agosto de 2025. \u2014 En una jornada de gran relevancia para el desarrollo vial y territorial de la Provincia de Itata, este mi\u00e9rcoles 13 de agosto fue oficialmente anunciada la adjudicaci\u00f3n de la licitaci\u00f3n para la pavimentaci\u00f3n de 15 kil\u00f3metros de la Ruta N-52 (ex N-480), que conecta las comunas de Ninhue [&hellip;]<\/p>\n","protected":false},"author":1,"featured_media":9718,"comment_status":"open","ping_status":"open","sticky":false,"template":"elementor_header_footer","format":"standard","meta":{"_monsterinsights_skip_tracking":false,"_monsterinsights_sitenote_active":false,"_monsterinsights_sitenote_note":"","_monsterinsights_sitenote_category":0,"iawp_total_views":162,"footnotes":""},"categories":[52],"tags":[],"class_list":["post-9717","post","type-post","status-publish","format-standard","has-post-thumbnail","hentry","category-comuna"],"aioseo_notices":[],"_links":{"self":[{"href":"https:\/\/mportezuelo.cl\/Inicio\/wp-json\/wp\/v2\/posts\/9717","targetHints":{"allow":["GET"]}}],"collection":[{"href":"https:\/\/mportezuelo.cl\/Inicio\/wp-json\/wp\/v2\/posts"}],"about":[{"href":"https:\/\/mportezuelo.cl\/Inicio\/wp-json\/wp\/v2\/types\/post"}],"author":[{"embeddable":true,"href":"https:\/\/mportezuelo.cl\/Inicio\/wp-json\/wp\/v2\/users\/1"}],"replies":[{"embeddable":true,"href":"https:\/\/mportezuelo.cl\/Inicio\/wp-json\/wp\/v2\/comments?post=9717"}],"version-history":[{"count":10,"href":"https:\/\/mportezuelo.cl\/Inicio\/wp-json\/wp\/v2\/posts\/9717\/revisions"}],"predecessor-version":[{"id":9736,"href":"https:\/\/mportezuelo.cl\/Inicio\/wp-json\/wp\/v2\/posts\/9717\/revisions\/9736"}],"wp:featuredmedia":[{"embeddable":true,"href":"https:\/\/mportezuelo.cl\/Inicio\/wp-json\/wp\/v2\/media\/9718"}],"wp:attachment":[{"href":"https:\/\/mportezuelo.cl\/Inicio\/wp-json\/wp\/v2\/media?parent=9717"}],"wp:term":[{"taxonomy":"category","embeddable":true,"href":"https:\/\/mportezuelo.cl\/Inicio\/wp-json\/wp\/v2\/categories?post=9717"},{"taxonomy":"post_tag","embeddable":true,"href":"https:\/\/mportezuelo.cl\/Inicio\/wp-json\/wp\/v2\/tags?post=9717"}],"curies":[{"name":"wp","href":"https:\/\/api.w.org\/{rel}","templated":true}]}}