{"id":9173,"date":"2025-05-25T15:02:37","date_gmt":"2025-05-25T18:02:37","guid":{"rendered":"https:\/\/mportezuelo.cl\/Inicio\/?p=9173"},"modified":"2025-05-25T15:20:48","modified_gmt":"2025-05-25T18:20:48","slug":"emergencia-hidrica-en-portezuelo-mas-de-3-400-personas-afectadas-y-suspension-de-clases-en-radio-urbano","status":"publish","type":"post","link":"https:\/\/mportezuelo.cl\/Inicio\/2025\/05\/25\/emergencia-hidrica-en-portezuelo-mas-de-3-400-personas-afectadas-y-suspension-de-clases-en-radio-urbano\/","title":{"rendered":"Emergencia H\u00eddrica en Portezuelo: M\u00e1s de 3.400 Personas Afectadas y Suspensi\u00f3n de Clases en Radio Urbano"},"content":{"rendered":"\t\t<div data-elementor-type=\"wp-post\" data-elementor-id=\"9173\" class=\"elementor elementor-9173\" data-elementor-post-type=\"post\">\n\t\t\t\t<div class=\"elementor-element elementor-element-5204867 e-flex e-con-boxed e-con e-parent\" data-id=\"5204867\" data-element_type=\"container\" data-e-type=\"container\" data-settings=\"{&quot;tmea_shape_divider_top&quot;:&quot;none&quot;,&quot;tmea_shape_divider_bottom&quot;:&quot;none&quot;}\">\n\t\t\t\t\t<div class=\"e-con-inner\">\n\t\t\t\t<div class=\"elementor-element elementor-element-4c96282 elementor-widget elementor-widget-image\" data-id=\"4c96282\" data-element_type=\"widget\" data-e-type=\"widget\" data-widget_type=\"image.default\">\n\t\t\t\t<div class=\"elementor-widget-container\">\n\t\t\t\t\t\t\t\t\t\t\t\t\t\t\t<img fetchpriority=\"high\" decoding=\"async\" width=\"1024\" height=\"588\" src=\"https:\/\/mportezuelo.cl\/Inicio\/wp-content\/uploads\/2025\/05\/WhatsApp-Image-2025-05-25-at-13.01.05-1-e1748196269240-1024x588.jpeg\" class=\"attachment-large size-large wp-image-9174\" alt=\"\" srcset=\"https:\/\/mportezuelo.cl\/Inicio\/wp-content\/uploads\/2025\/05\/WhatsApp-Image-2025-05-25-at-13.01.05-1-e1748196269240-1024x588.jpeg 1024w, https:\/\/mportezuelo.cl\/Inicio\/wp-content\/uploads\/2025\/05\/WhatsApp-Image-2025-05-25-at-13.01.05-1-e1748196269240-300x172.jpeg 300w, https:\/\/mportezuelo.cl\/Inicio\/wp-content\/uploads\/2025\/05\/WhatsApp-Image-2025-05-25-at-13.01.05-1-e1748196269240-768x441.jpeg 768w, https:\/\/mportezuelo.cl\/Inicio\/wp-content\/uploads\/2025\/05\/WhatsApp-Image-2025-05-25-at-13.01.05-1-e1748196269240.jpeg 1080w\" sizes=\"(max-width: 1024px) 100vw, 1024px\" \/>\t\t\t\t\t\t\t\t\t\t\t\t\t\t\t<\/div>\n\t\t\t\t<\/div>\n\t\t\t\t\t<\/div>\n\t\t\t\t<\/div>\n\t\t<div class=\"elementor-element elementor-element-a4be74a e-flex e-con-boxed e-con e-parent\" data-id=\"a4be74a\" data-element_type=\"container\" data-e-type=\"container\" data-settings=\"{&quot;tmea_shape_divider_top&quot;:&quot;none&quot;,&quot;tmea_shape_divider_bottom&quot;:&quot;none&quot;}\">\n\t\t\t\t\t<div class=\"e-con-inner\">\n\t\t\n\t\t<div class=\"elementor-element elementor-element-dcc198f elementor-widget elementor-widget-text-editor\" data-id=\"dcc198f\" data-element_type=\"widget\" data-e-type=\"widget\" data-widget_type=\"text-editor.default\">\n\t\t\t\t<div class=\"elementor-widget-container\">\n\t\t\t\t\t\t\t\t\t<p><strong>Portezuelo, 25 de mayo de 2024<\/strong>\u00a0\u2013 La comuna de Portezuelo enfrenta una\u00a0<strong>grave emergencia h\u00eddrica<\/strong>\u00a0que ha dejado sin suministro de agua potable a\u00a0<strong>aproximadamente 3.400 personas<\/strong>, afectando a\u00a0<strong>964 arranques<\/strong>\u00a0en el radio urbano. La situaci\u00f3n, que se origin\u00f3 el viernes 24 de mayo debido a una\u00a0<strong>falla el\u00e9ctrica en la bomba impulsora del sistema de Agua Potable Rural (APR)<\/strong>, a\u00fan no ha sido resuelta, lo que ha llevado a las autoridades a tomar medidas excepcionales, incluyendo la\u00a0<strong>suspensi\u00f3n de clases<\/strong>\u00a0en establecimientos municipalizados y la operaci\u00f3n con\u00a0<strong>turnos \u00e9ticos en el municipio<\/strong>.<\/p>\t\t\t\t\t\t\t\t<\/div>\n\t\t\t\t<\/div>\n\t\t\t\t\t<\/div>\n\t\t\t\t<\/div>\n\t\t<div class=\"elementor-element elementor-element-de20827 e-flex e-con-boxed e-con e-parent\" data-id=\"de20827\" data-element_type=\"container\" data-e-type=\"container\" data-settings=\"{&quot;tmea_shape_divider_top&quot;:&quot;none&quot;,&quot;tmea_shape_divider_bottom&quot;:&quot;none&quot;}\">\n\t\t\t\t\t<div class=\"e-con-inner\">\n\t\t<div class=\"elementor-element elementor-element-25964c4 e-con-full e-flex e-con e-child\" data-id=\"25964c4\" data-element_type=\"container\" data-e-type=\"container\" data-settings=\"{&quot;tmea_shape_divider_top&quot;:&quot;none&quot;,&quot;tmea_shape_divider_bottom&quot;:&quot;none&quot;}\">\n\t\t\t\t<div class=\"elementor-element elementor-element-fb27a1a elementor-widget elementor-widget-image\" data-id=\"fb27a1a\" data-element_type=\"widget\" data-e-type=\"widget\" data-widget_type=\"image.default\">\n\t\t\t\t<div class=\"elementor-widget-container\">\n\t\t\t\t\t\t\t\t\t\t\t\t\t\t\t<img decoding=\"async\" width=\"1024\" height=\"590\" src=\"https:\/\/mportezuelo.cl\/Inicio\/wp-content\/uploads\/2025\/05\/cogrid3-1024x590.png\" class=\"attachment-large size-large wp-image-9182\" alt=\"\" srcset=\"https:\/\/mportezuelo.cl\/Inicio\/wp-content\/uploads\/2025\/05\/cogrid3-1024x590.png 1024w, https:\/\/mportezuelo.cl\/Inicio\/wp-content\/uploads\/2025\/05\/cogrid3-300x173.png 300w, https:\/\/mportezuelo.cl\/Inicio\/wp-content\/uploads\/2025\/05\/cogrid3-768x442.png 768w, https:\/\/mportezuelo.cl\/Inicio\/wp-content\/uploads\/2025\/05\/cogrid3-1536x885.png 1536w, https:\/\/mportezuelo.cl\/Inicio\/wp-content\/uploads\/2025\/05\/cogrid3.png 1792w\" sizes=\"(max-width: 1024px) 100vw, 1024px\" \/>\t\t\t\t\t\t\t\t\t\t\t\t\t\t\t<\/div>\n\t\t\t\t<\/div>\n\t\t\t\t<div class=\"elementor-element elementor-element-da11fa7 elementor-widget elementor-widget-image\" data-id=\"da11fa7\" data-element_type=\"widget\" data-e-type=\"widget\" data-widget_type=\"image.default\">\n\t\t\t\t<div class=\"elementor-widget-container\">\n\t\t\t\t\t\t\t\t\t\t\t\t\t\t\t<img decoding=\"async\" width=\"1024\" height=\"546\" src=\"https:\/\/mportezuelo.cl\/Inicio\/wp-content\/uploads\/2025\/05\/cogrid7-1024x546.png\" class=\"attachment-large size-large wp-image-9180\" alt=\"\" srcset=\"https:\/\/mportezuelo.cl\/Inicio\/wp-content\/uploads\/2025\/05\/cogrid7-1024x546.png 1024w, https:\/\/mportezuelo.cl\/Inicio\/wp-content\/uploads\/2025\/05\/cogrid7-300x160.png 300w, https:\/\/mportezuelo.cl\/Inicio\/wp-content\/uploads\/2025\/05\/cogrid7-768x409.png 768w, https:\/\/mportezuelo.cl\/Inicio\/wp-content\/uploads\/2025\/05\/cogrid7-1536x818.png 1536w, https:\/\/mportezuelo.cl\/Inicio\/wp-content\/uploads\/2025\/05\/cogrid7.png 1920w\" sizes=\"(max-width: 1024px) 100vw, 1024px\" \/>\t\t\t\t\t\t\t\t\t\t\t\t\t\t\t<\/div>\n\t\t\t\t<\/div>\n\t\t\t\t<\/div>\n\t\t<div class=\"elementor-element elementor-element-40c48b7 e-con-full e-flex e-con e-child\" data-id=\"40c48b7\" data-element_type=\"container\" data-e-type=\"container\" data-settings=\"{&quot;tmea_shape_divider_top&quot;:&quot;none&quot;,&quot;tmea_shape_divider_bottom&quot;:&quot;none&quot;}\">\n\t\t\t\t<div class=\"elementor-element elementor-element-4c81993 elementor-widget elementor-widget-heading\" data-id=\"4c81993\" data-element_type=\"widget\" data-e-type=\"widget\" data-widget_type=\"heading.default\">\n\t\t\t\t<div class=\"elementor-widget-container\">\n\t\t\t\t\t<h2 class=\"elementor-heading-title elementor-size-default\">Causas de la Emergencia y Medidas de Contingencia<\/h2>\t\t\t\t<\/div>\n\t\t\t\t<\/div>\n\t\t\t\t<div class=\"elementor-element elementor-element-2435dca elementor-widget elementor-widget-text-editor\" data-id=\"2435dca\" data-element_type=\"widget\" data-e-type=\"widget\" data-widget_type=\"text-editor.default\">\n\t\t\t\t<div class=\"elementor-widget-container\">\n\t\t\t\t\t\t\t\t\t<p>Seg\u00fan lo informado en el\u00a0<strong>COGRID (Comit\u00e9 Operativo de Emergencia) comunal<\/strong>, convocado este domingo por el alcalde\u00a0<strong>Juan Carlos Ram\u00edrez<\/strong>, el problema comenz\u00f3 con una falla en la bomba que transporta agua desde el sector de\u00a0<strong>Changaral<\/strong>\u00a0hasta los estanques de Portezuelo. A pesar de los esfuerzos del\u00a0<strong>Comit\u00e9 de Agua Potable Rural (APR)<\/strong>, el reemplazo de la bomba present\u00f3 nuevos desperfectos, retrasando la soluci\u00f3n definitiva.<\/p><p><strong>Cristian Cort\u00e9s<\/strong>, operario del APR, explic\u00f3 que se est\u00e1 trabajando en la instalaci\u00f3n de una\u00a0<strong>tercera bomba<\/strong>, con la esperanza de que el servicio se normalice este lunes. Mientras tanto, la municipalidad, en coordinaci\u00f3n con la\u00a0<strong>Delegaci\u00f3n Presidencial Provincial<\/strong>\u00a0y\u00a0<strong>SENAPRED<\/strong>, ha dispuesto el abastecimiento mediante\u00a0<strong>camiones aljibe<\/strong>, priorizando sectores cr\u00edticos como el\u00a0<strong>CESFAM<\/strong>\u00a0y viviendas en zonas altas, donde el suministro es m\u00e1s limitado.<\/p>\t\t\t\t\t\t\t\t<\/div>\n\t\t\t\t<\/div>\n\t\t\t\t<\/div>\n\t\t\t\t\t<\/div>\n\t\t\t\t<\/div>\n\t\t<div class=\"elementor-element elementor-element-299ebd3 e-flex e-con-boxed e-con e-parent\" data-id=\"299ebd3\" data-element_type=\"container\" data-e-type=\"container\" data-settings=\"{&quot;tmea_shape_divider_top&quot;:&quot;none&quot;,&quot;tmea_shape_divider_bottom&quot;:&quot;none&quot;}\">\n\t\t\t\t\t<div class=\"e-con-inner\">\n\t\t<div class=\"elementor-element elementor-element-9f68aaf e-con-full e-flex e-con e-child\" data-id=\"9f68aaf\" data-element_type=\"container\" data-e-type=\"container\" data-settings=\"{&quot;tmea_shape_divider_top&quot;:&quot;none&quot;,&quot;tmea_shape_divider_bottom&quot;:&quot;none&quot;}\">\n\t\t\t\t<div class=\"elementor-element elementor-element-d48274c elementor-widget elementor-widget-image\" data-id=\"d48274c\" data-element_type=\"widget\" data-e-type=\"widget\" data-widget_type=\"image.default\">\n\t\t\t\t<div class=\"elementor-widget-container\">\n\t\t\t\t\t\t\t\t\t\t\t\t\t\t\t<img loading=\"lazy\" decoding=\"async\" width=\"1024\" height=\"561\" src=\"https:\/\/mportezuelo.cl\/Inicio\/wp-content\/uploads\/2025\/05\/cogrid2-1024x561.png\" class=\"attachment-large size-large wp-image-9176\" alt=\"\" srcset=\"https:\/\/mportezuelo.cl\/Inicio\/wp-content\/uploads\/2025\/05\/cogrid2-1024x561.png 1024w, https:\/\/mportezuelo.cl\/Inicio\/wp-content\/uploads\/2025\/05\/cogrid2-300x164.png 300w, https:\/\/mportezuelo.cl\/Inicio\/wp-content\/uploads\/2025\/05\/cogrid2-768x421.png 768w, https:\/\/mportezuelo.cl\/Inicio\/wp-content\/uploads\/2025\/05\/cogrid2-1536x841.png 1536w, https:\/\/mportezuelo.cl\/Inicio\/wp-content\/uploads\/2025\/05\/cogrid2.png 1901w\" sizes=\"(max-width: 1024px) 100vw, 1024px\" \/>\t\t\t\t\t\t\t\t\t\t\t\t\t\t\t<\/div>\n\t\t\t\t<\/div>\n\t\t\t\t<\/div>\n\t\t<div class=\"elementor-element elementor-element-a6f6d42 e-con-full e-flex e-con e-child\" data-id=\"a6f6d42\" data-element_type=\"container\" data-e-type=\"container\" data-settings=\"{&quot;tmea_shape_divider_top&quot;:&quot;none&quot;,&quot;tmea_shape_divider_bottom&quot;:&quot;none&quot;}\">\n\t\t\t\t<div class=\"elementor-element elementor-element-db757fe elementor-widget elementor-widget-heading\" data-id=\"db757fe\" data-element_type=\"widget\" data-e-type=\"widget\" data-widget_type=\"heading.default\">\n\t\t\t\t<div class=\"elementor-widget-container\">\n\t\t\t\t\t<h2 class=\"elementor-heading-title elementor-size-default\">Suspensi\u00f3n de Clases y Servicios Municipales<\/h2>\t\t\t\t<\/div>\n\t\t\t\t<\/div>\n\t\t\t\t<div class=\"elementor-element elementor-element-bc63601 elementor-widget elementor-widget-text-editor\" data-id=\"bc63601\" data-element_type=\"widget\" data-e-type=\"widget\" data-widget_type=\"text-editor.default\">\n\t\t\t\t<div class=\"elementor-widget-container\">\n\t\t\t\t\t\t\t\t\t<p>Debido a la magnitud de la emergencia, el alcalde don Juan Carlos Ram\u00edrez anunci\u00f3 la\u00a0<strong>suspensi\u00f3n de clases<\/strong>\u00a0para este lunes 27 de mayo en los siguientes establecimientos del radio urbano:<\/p><ul><li><strong>&#8211; Liceo Municipal Nibaldo Sep\u00falveda Fern\u00e1ndez<\/strong><\/li><li><strong>&#8211; Dos salas cunas JUNJI<\/strong><\/li><li><strong>&#8211; Anexo del Liceo Municipal<\/strong>\u00a0(ubicado en calle Arturo Prat con Carrera)<\/li><\/ul><p>Las escuelas rurales de\u00a0<strong>Chudal<\/strong>\u00a0y\u00a0<strong>Huacalemu<\/strong>\u00a0continuar\u00e1n con normalidad, ya que cuentan con abastecimiento asegurado. Adem\u00e1s, se notificar\u00e1 a los sostenedores del\u00a0<strong>Liceo Parroquial Nuestra Se\u00f1ora del Carmen<\/strong>\u00a0y del\u00a0<strong>Jard\u00edn INTEGRA<\/strong>\u00a0para que eval\u00faen sus propias medidas.<\/p><p>Por otro lado, el\u00a0<strong>municipio operar\u00e1 con turnos \u00e9ticos y teletrabajo<\/strong>\u00a0para garantizar servicios esenciales, mientras que la recolecci\u00f3n de basura seguir\u00e1 funcionando con normalidad.<\/p><p>\u00a0<\/p>\t\t\t\t\t\t\t\t<\/div>\n\t\t\t\t<\/div>\n\t\t\t\t<\/div>\n\t\t\t\t\t<\/div>\n\t\t\t\t<\/div>\n\t\t<div class=\"elementor-element elementor-element-3f94dde e-flex e-con-boxed e-con e-parent\" data-id=\"3f94dde\" data-element_type=\"container\" data-e-type=\"container\" data-settings=\"{&quot;tmea_shape_divider_top&quot;:&quot;none&quot;,&quot;tmea_shape_divider_bottom&quot;:&quot;none&quot;}\">\n\t\t\t\t\t<div class=\"e-con-inner\">\n\t\t<div class=\"elementor-element elementor-element-5023fb6 e-con-full e-flex e-con e-child\" data-id=\"5023fb6\" data-element_type=\"container\" data-e-type=\"container\" data-settings=\"{&quot;tmea_shape_divider_top&quot;:&quot;none&quot;,&quot;tmea_shape_divider_bottom&quot;:&quot;none&quot;}\">\n\t\t\t\t<div class=\"elementor-element elementor-element-76014b1 elementor-widget elementor-widget-image\" data-id=\"76014b1\" data-element_type=\"widget\" data-e-type=\"widget\" data-widget_type=\"image.default\">\n\t\t\t\t<div class=\"elementor-widget-container\">\n\t\t\t\t\t\t\t\t\t\t\t\t\t\t\t<img loading=\"lazy\" decoding=\"async\" width=\"1024\" height=\"569\" src=\"https:\/\/mportezuelo.cl\/Inicio\/wp-content\/uploads\/2025\/05\/cogrid4-1024x569.png\" class=\"attachment-large size-large wp-image-9177\" alt=\"\" srcset=\"https:\/\/mportezuelo.cl\/Inicio\/wp-content\/uploads\/2025\/05\/cogrid4-1024x569.png 1024w, https:\/\/mportezuelo.cl\/Inicio\/wp-content\/uploads\/2025\/05\/cogrid4-300x167.png 300w, https:\/\/mportezuelo.cl\/Inicio\/wp-content\/uploads\/2025\/05\/cogrid4-768x427.png 768w, https:\/\/mportezuelo.cl\/Inicio\/wp-content\/uploads\/2025\/05\/cogrid4-1536x854.png 1536w, https:\/\/mportezuelo.cl\/Inicio\/wp-content\/uploads\/2025\/05\/cogrid4.png 1868w\" sizes=\"(max-width: 1024px) 100vw, 1024px\" \/>\t\t\t\t\t\t\t\t\t\t\t\t\t\t\t<\/div>\n\t\t\t\t<\/div>\n\t\t\t\t<div class=\"elementor-element elementor-element-653ffde elementor-button-warning elementor-widget elementor-widget-button\" data-id=\"653ffde\" data-element_type=\"widget\" data-e-type=\"widget\" data-widget_type=\"button.default\">\n\t\t\t\t<div class=\"elementor-widget-container\">\n\t\t\t\t\t\t\t\t\t<div class=\"elementor-button-wrapper\">\n\t\t\t\t\t<a class=\"elementor-button elementor-button-link elementor-size-sm\" href=\"https:\/\/web.facebook.com\/mportezuelo\/videos\/684793694287187\">\n\t\t\t\t\t\t<span class=\"elementor-button-content-wrapper\">\n\t\t\t\t\t\t\t\t\t<span class=\"elementor-button-text\">COGRID por Facebook Live <\/span>\n\t\t\t\t\t<\/span>\n\t\t\t\t\t<\/a>\n\t\t\t\t<\/div>\n\t\t\t\t\t\t\t\t<\/div>\n\t\t\t\t<\/div>\n\t\t\t\t<\/div>\n\t\t<div class=\"elementor-element elementor-element-67e2a01 e-con-full e-flex e-con e-child\" data-id=\"67e2a01\" data-element_type=\"container\" data-e-type=\"container\" data-settings=\"{&quot;tmea_shape_divider_top&quot;:&quot;none&quot;,&quot;tmea_shape_divider_bottom&quot;:&quot;none&quot;}\">\n\t\t\t\t<div class=\"elementor-element elementor-element-60c016b elementor-widget elementor-widget-heading\" data-id=\"60c016b\" data-element_type=\"widget\" data-e-type=\"widget\" data-widget_type=\"heading.default\">\n\t\t\t\t<div class=\"elementor-widget-container\">\n\t\t\t\t\t<h2 class=\"elementor-heading-title elementor-size-default\">Llamado a la Comunidad<\/h2>\t\t\t\t<\/div>\n\t\t\t\t<\/div>\n\t\t\t\t<div class=\"elementor-element elementor-element-6353d7c elementor-widget elementor-widget-text-editor\" data-id=\"6353d7c\" data-element_type=\"widget\" data-e-type=\"widget\" data-widget_type=\"text-editor.default\">\n\t\t\t\t<div class=\"elementor-widget-container\">\n\t\t\t\t\t\t\t\t\t<p>El\u00a0<strong>presidente del APR, Luis Medina<\/strong>, y el\u00a0<strong>delegado presidencial Mario Cruces<\/strong>\u00a0hicieron un llamado a la\u00a0<strong>calma y el uso responsable del agua<\/strong>, destacando que la emergencia se debe a\u00a0<strong>fuerzas mayores<\/strong>\u00a0y no a negligencia.<\/p><p>El alcalde don Juan Carlos Ram\u00edrez agradeci\u00f3 el trabajo de\u00a0<strong>bomberos, carabineros, funcionarios municipales y voluntarios<\/strong>, reiterando que se emitir\u00e1n\u00a0<strong>comunicados oficiales<\/strong>\u00a0para mantener informada a la poblaci\u00f3n.<\/p><p>Mientras se espera la\u00a0<strong>reposici\u00f3n total del servicio<\/strong>, las autoridades instan a la comunidad a\u00a0<strong>seguir las indicaciones oficiales<\/strong>\u00a0y a\u00a0<strong>evitar rumores<\/strong>, asegurando que todos los esfuerzos est\u00e1n puestos en resolver la crisis lo antes posible.<\/p>\t\t\t\t\t\t\t\t<\/div>\n\t\t\t\t<\/div>\n\t\t\t\t<\/div>\n\t\t\t\t\t<\/div>\n\t\t\t\t<\/div>\n\t\t<div class=\"elementor-element elementor-element-e29e0e9 e-flex e-con-boxed e-con e-parent\" data-id=\"e29e0e9\" data-element_type=\"container\" data-e-type=\"container\" data-settings=\"{&quot;tmea_shape_divider_top&quot;:&quot;none&quot;,&quot;tmea_shape_divider_bottom&quot;:&quot;none&quot;}\">\n\t\t\t\t\t<div class=\"e-con-inner\">\n\t\t<div class=\"elementor-element elementor-element-54ee19a e-con-full e-flex e-con e-child\" data-id=\"54ee19a\" data-element_type=\"container\" data-e-type=\"container\" data-settings=\"{&quot;tmea_shape_divider_top&quot;:&quot;none&quot;,&quot;tmea_shape_divider_bottom&quot;:&quot;none&quot;}\">\n\t\t\t\t<div class=\"elementor-element elementor-element-51f37ea elementor-widget elementor-widget-image\" data-id=\"51f37ea\" data-element_type=\"widget\" data-e-type=\"widget\" data-widget_type=\"image.default\">\n\t\t\t\t<div class=\"elementor-widget-container\">\n\t\t\t\t\t\t\t\t\t\t\t\t\t\t\t<img loading=\"lazy\" decoding=\"async\" width=\"1024\" height=\"556\" src=\"https:\/\/mportezuelo.cl\/Inicio\/wp-content\/uploads\/2025\/05\/cogrid6-1024x556.png\" class=\"attachment-large size-large wp-image-9179\" alt=\"\" srcset=\"https:\/\/mportezuelo.cl\/Inicio\/wp-content\/uploads\/2025\/05\/cogrid6-1024x556.png 1024w, https:\/\/mportezuelo.cl\/Inicio\/wp-content\/uploads\/2025\/05\/cogrid6-300x163.png 300w, https:\/\/mportezuelo.cl\/Inicio\/wp-content\/uploads\/2025\/05\/cogrid6-768x417.png 768w, https:\/\/mportezuelo.cl\/Inicio\/wp-content\/uploads\/2025\/05\/cogrid6-1536x834.png 1536w, https:\/\/mportezuelo.cl\/Inicio\/wp-content\/uploads\/2025\/05\/cogrid6.png 1920w\" sizes=\"(max-width: 1024px) 100vw, 1024px\" \/>\t\t\t\t\t\t\t\t\t\t\t\t\t\t\t<\/div>\n\t\t\t\t<\/div>\n\t\t\t\t<\/div>\n\t\t<div class=\"elementor-element elementor-element-f300388 e-con-full e-flex e-con e-child\" data-id=\"f300388\" data-element_type=\"container\" data-e-type=\"container\" data-settings=\"{&quot;tmea_shape_divider_top&quot;:&quot;none&quot;,&quot;tmea_shape_divider_bottom&quot;:&quot;none&quot;}\">\n\t\t\t\t<div class=\"elementor-element elementor-element-263ef0c elementor-widget elementor-widget-image\" data-id=\"263ef0c\" data-element_type=\"widget\" data-e-type=\"widget\" data-widget_type=\"image.default\">\n\t\t\t\t<div class=\"elementor-widget-container\">\n\t\t\t\t\t\t\t\t\t\t\t\t\t\t\t<img decoding=\"async\" width=\"1024\" height=\"546\" src=\"https:\/\/mportezuelo.cl\/Inicio\/wp-content\/uploads\/2025\/05\/cogrid7-1024x546.png\" class=\"attachment-large size-large wp-image-9180\" alt=\"\" srcset=\"https:\/\/mportezuelo.cl\/Inicio\/wp-content\/uploads\/2025\/05\/cogrid7-1024x546.png 1024w, https:\/\/mportezuelo.cl\/Inicio\/wp-content\/uploads\/2025\/05\/cogrid7-300x160.png 300w, https:\/\/mportezuelo.cl\/Inicio\/wp-content\/uploads\/2025\/05\/cogrid7-768x409.png 768w, https:\/\/mportezuelo.cl\/Inicio\/wp-content\/uploads\/2025\/05\/cogrid7-1536x818.png 1536w, https:\/\/mportezuelo.cl\/Inicio\/wp-content\/uploads\/2025\/05\/cogrid7.png 1920w\" sizes=\"(max-width: 1024px) 100vw, 1024px\" \/>\t\t\t\t\t\t\t\t\t\t\t\t\t\t\t<\/div>\n\t\t\t\t<\/div>\n\t\t\t\t<\/div>\n\t\t\t\t\t<\/div>\n\t\t\t\t<\/div>\n\t\t<div class=\"elementor-element elementor-element-6b02940 e-flex e-con-boxed e-con e-parent\" data-id=\"6b02940\" data-element_type=\"container\" data-e-type=\"container\" data-settings=\"{&quot;tmea_shape_divider_top&quot;:&quot;none&quot;,&quot;tmea_shape_divider_bottom&quot;:&quot;none&quot;}\">\n\t\t\t\t\t<div class=\"e-con-inner\">\n\t\t\t\t<div class=\"elementor-element elementor-element-904100a elementor-widget elementor-widget-image\" data-id=\"904100a\" data-element_type=\"widget\" data-e-type=\"widget\" data-widget_type=\"image.default\">\n\t\t\t\t<div class=\"elementor-widget-container\">\n\t\t\t\t\t\t\t\t\t\t\t\t\t\t\t<img loading=\"lazy\" decoding=\"async\" width=\"1024\" height=\"711\" src=\"https:\/\/mportezuelo.cl\/Inicio\/wp-content\/uploads\/2025\/05\/WhatsApp-Image-2025-05-25-at-13.01.05-e1748196831985-1024x711.jpeg\" class=\"attachment-large size-large wp-image-9175\" alt=\"\" srcset=\"https:\/\/mportezuelo.cl\/Inicio\/wp-content\/uploads\/2025\/05\/WhatsApp-Image-2025-05-25-at-13.01.05-e1748196831985-1024x711.jpeg 1024w, https:\/\/mportezuelo.cl\/Inicio\/wp-content\/uploads\/2025\/05\/WhatsApp-Image-2025-05-25-at-13.01.05-e1748196831985-300x208.jpeg 300w, https:\/\/mportezuelo.cl\/Inicio\/wp-content\/uploads\/2025\/05\/WhatsApp-Image-2025-05-25-at-13.01.05-e1748196831985-768x533.jpeg 768w, https:\/\/mportezuelo.cl\/Inicio\/wp-content\/uploads\/2025\/05\/WhatsApp-Image-2025-05-25-at-13.01.05-e1748196831985.jpeg 1080w\" sizes=\"(max-width: 1024px) 100vw, 1024px\" \/>\t\t\t\t\t\t\t\t\t\t\t\t\t\t\t<\/div>\n\t\t\t\t<\/div>\n\t\t\t\t\t<\/div>\n\t\t\t\t<\/div>\n\t\t<div class=\"elementor-element elementor-element-24a35f0 e-flex e-con-boxed e-con e-parent\" data-id=\"24a35f0\" data-element_type=\"container\" data-e-type=\"container\" data-settings=\"{&quot;tmea_shape_divider_top&quot;:&quot;none&quot;,&quot;tmea_shape_divider_bottom&quot;:&quot;none&quot;}\">\n\t\t\t\t\t<div class=\"e-con-inner\">\n\t\t\t\t<div class=\"elementor-element elementor-element-6a60c61 elementor-widget elementor-widget-spacer\" data-id=\"6a60c61\" data-element_type=\"widget\" data-e-type=\"widget\" data-widget_type=\"spacer.default\">\n\t\t\t\t<div class=\"elementor-widget-container\">\n\t\t\t\t\t\t\t<div class=\"elementor-spacer\">\n\t\t\t<div class=\"elementor-spacer-inner\"><\/div>\n\t\t<\/div>\n\t\t\t\t\t\t<\/div>\n\t\t\t\t<\/div>\n\t\t\t\t\t<\/div>\n\t\t\t\t<\/div>\n\t\t\t\t<\/div>\n\t\t","protected":false},"excerpt":{"rendered":"<p>Portezuelo, 25 de mayo de 2024\u00a0\u2013 La comuna de Portezuelo enfrenta una\u00a0grave emergencia h\u00eddrica\u00a0que ha dejado sin suministro de agua potable a\u00a0aproximadamente 3.400 personas, afectando a\u00a0964 arranques\u00a0en el radio urbano. La situaci\u00f3n, que se origin\u00f3 el viernes 24 de mayo debido a una\u00a0falla el\u00e9ctrica en la bomba impulsora del sistema de Agua Potable Rural (APR), [&hellip;]<\/p>\n","protected":false},"author":1,"featured_media":9181,"comment_status":"open","ping_status":"open","sticky":false,"template":"elementor_header_footer","format":"standard","meta":{"_monsterinsights_skip_tracking":false,"_monsterinsights_sitenote_active":false,"_monsterinsights_sitenote_note":"","_monsterinsights_sitenote_category":0,"iawp_total_views":36,"footnotes":""},"categories":[52],"tags":[],"class_list":["post-9173","post","type-post","status-publish","format-standard","has-post-thumbnail","hentry","category-comuna"],"aioseo_notices":[],"_links":{"self":[{"href":"https:\/\/mportezuelo.cl\/Inicio\/wp-json\/wp\/v2\/posts\/9173","targetHints":{"allow":["GET"]}}],"collection":[{"href":"https:\/\/mportezuelo.cl\/Inicio\/wp-json\/wp\/v2\/posts"}],"about":[{"href":"https:\/\/mportezuelo.cl\/Inicio\/wp-json\/wp\/v2\/types\/post"}],"author":[{"embeddable":true,"href":"https:\/\/mportezuelo.cl\/Inicio\/wp-json\/wp\/v2\/users\/1"}],"replies":[{"embeddable":true,"href":"https:\/\/mportezuelo.cl\/Inicio\/wp-json\/wp\/v2\/comments?post=9173"}],"version-history":[{"count":10,"href":"https:\/\/mportezuelo.cl\/Inicio\/wp-json\/wp\/v2\/posts\/9173\/revisions"}],"predecessor-version":[{"id":9192,"href":"https:\/\/mportezuelo.cl\/Inicio\/wp-json\/wp\/v2\/posts\/9173\/revisions\/9192"}],"wp:featuredmedia":[{"embeddable":true,"href":"https:\/\/mportezuelo.cl\/Inicio\/wp-json\/wp\/v2\/media\/9181"}],"wp:attachment":[{"href":"https:\/\/mportezuelo.cl\/Inicio\/wp-json\/wp\/v2\/media?parent=9173"}],"wp:term":[{"taxonomy":"category","embeddable":true,"href":"https:\/\/mportezuelo.cl\/Inicio\/wp-json\/wp\/v2\/categories?post=9173"},{"taxonomy":"post_tag","embeddable":true,"href":"https:\/\/mportezuelo.cl\/Inicio\/wp-json\/wp\/v2\/tags?post=9173"}],"curies":[{"name":"wp","href":"https:\/\/api.w.org\/{rel}","templated":true}]}}