{"id":7586,"date":"2024-10-30T14:33:18","date_gmt":"2024-10-30T17:33:18","guid":{"rendered":"https:\/\/mportezuelo.cl\/Inicio\/?p=7586"},"modified":"2024-10-30T14:38:04","modified_gmt":"2024-10-30T17:38:04","slug":"firma-de-convenio-entre-mideso-y-el-municipio-local-que-extiende-el-programa-red-de-apoyos-y-cuidados","status":"publish","type":"post","link":"https:\/\/mportezuelo.cl\/Inicio\/2024\/10\/30\/firma-de-convenio-entre-mideso-y-el-municipio-local-que-extiende-el-programa-red-de-apoyos-y-cuidados\/","title":{"rendered":"Firma de convenio entre Mideso y el municipio local que extiende el programa Red de Apoyos y Cuidados"},"content":{"rendered":"\t\t<div data-elementor-type=\"wp-post\" data-elementor-id=\"7586\" class=\"elementor elementor-7586\" data-elementor-post-type=\"post\">\n\t\t\t\t<div class=\"elementor-element elementor-element-4bdc9bd e-flex e-con-boxed e-con e-parent\" data-id=\"4bdc9bd\" data-element_type=\"container\" data-e-type=\"container\" data-settings=\"{&quot;tmea_shape_divider_top&quot;:&quot;none&quot;,&quot;tmea_shape_divider_bottom&quot;:&quot;none&quot;}\">\n\t\t\t\t\t<div class=\"e-con-inner\">\n\t\t\t\t<div class=\"elementor-element elementor-element-453e525 elementor-widget elementor-widget-image\" data-id=\"453e525\" data-element_type=\"widget\" data-e-type=\"widget\" data-widget_type=\"image.default\">\n\t\t\t\t<div class=\"elementor-widget-container\">\n\t\t\t\t\t\t\t\t\t\t\t\t\t\t\t<img fetchpriority=\"high\" decoding=\"async\" width=\"1024\" height=\"768\" src=\"https:\/\/mportezuelo.cl\/Inicio\/wp-content\/uploads\/2024\/10\/463091410_969089288588340_5804920618906242300_n-1024x768.jpg\" class=\"attachment-large size-large wp-image-7587\" alt=\"\" srcset=\"https:\/\/mportezuelo.cl\/Inicio\/wp-content\/uploads\/2024\/10\/463091410_969089288588340_5804920618906242300_n-1024x768.jpg 1024w, https:\/\/mportezuelo.cl\/Inicio\/wp-content\/uploads\/2024\/10\/463091410_969089288588340_5804920618906242300_n-300x225.jpg 300w, https:\/\/mportezuelo.cl\/Inicio\/wp-content\/uploads\/2024\/10\/463091410_969089288588340_5804920618906242300_n-768x576.jpg 768w, https:\/\/mportezuelo.cl\/Inicio\/wp-content\/uploads\/2024\/10\/463091410_969089288588340_5804920618906242300_n.jpg 1280w\" sizes=\"(max-width: 1024px) 100vw, 1024px\" \/>\t\t\t\t\t\t\t\t\t\t\t\t\t\t\t<\/div>\n\t\t\t\t<\/div>\n\t\t\t\t\t<\/div>\n\t\t\t\t<\/div>\n\t\t<div class=\"elementor-element elementor-element-a94e42d e-flex e-con-boxed e-con e-parent\" data-id=\"a94e42d\" data-element_type=\"container\" data-e-type=\"container\" data-settings=\"{&quot;tmea_shape_divider_top&quot;:&quot;none&quot;,&quot;tmea_shape_divider_bottom&quot;:&quot;none&quot;}\">\n\t\t\t\t\t<div class=\"e-con-inner\">\n\t\t\n\t\t<div class=\"elementor-element elementor-element-b246dd4 elementor-widget elementor-widget-text-editor\" data-id=\"b246dd4\" data-element_type=\"widget\" data-e-type=\"widget\" data-widget_type=\"text-editor.default\">\n\t\t\t\t<div class=\"elementor-widget-container\">\n\t\t\t\t\t\t\t\t\t<p>Ambas instancias fueron representadas por la seremi Marta Carvajal y el alcalde Ren\u00e9 Schuffeneger, respectivamente. A la actividad asistieron cuidadoras y beneficiarios del programa<\/p><p>En Portezuelo se desarroll\u00f3 la firma simb\u00f3lica del convenio que extiende por un a\u00f1o m\u00e1s en la comuna el programa Red de Apoyos y Cuidados que en el caso de esta comuna de la provincia de Itata mantiene una cobertura de 71 usuarios con tres componentes que son un plan de cuidados, servicio especializado y servicio de atenci\u00f3n domiciliaria, en la b\u00fasqueda de entregar un servicio m\u00e1s integral a la persona en situaci\u00f3n de dependencia y a su cuidador (a).<\/p><p>En la actividad estuvieron presentes el alcalde Ren\u00e9 Schuffeneger, la seremi de desarrollo social y familia, Marta Carvajal, y un n\u00famero importante de cuidadoras y beneficiarios del programa que est\u00e1 enfocado en la disminuci\u00f3n o mantenci\u00f3n del nivel de dependencia de aquellas personas que est\u00e1n en situaci\u00f3n de dependencia funcional y en mantener o disminuir los niveles de sobrecarga del cuidador principal.<\/p>\t\t\t\t\t\t\t\t<\/div>\n\t\t\t\t<\/div>\n\t\t\t\t\t<\/div>\n\t\t\t\t<\/div>\n\t\t<div class=\"elementor-element elementor-element-a05b2d5 e-flex e-con-boxed e-con e-parent\" data-id=\"a05b2d5\" data-element_type=\"container\" data-e-type=\"container\" data-settings=\"{&quot;tmea_shape_divider_top&quot;:&quot;none&quot;,&quot;tmea_shape_divider_bottom&quot;:&quot;none&quot;}\">\n\t\t\t\t\t<div class=\"e-con-inner\">\n\t\t<div class=\"elementor-element elementor-element-c34433a e-con-full e-flex e-con e-child\" data-id=\"c34433a\" data-element_type=\"container\" data-e-type=\"container\" data-settings=\"{&quot;tmea_shape_divider_top&quot;:&quot;none&quot;,&quot;tmea_shape_divider_bottom&quot;:&quot;none&quot;}\">\n\t\t\t\t<div class=\"elementor-element elementor-element-c1df7a0 elementor-widget elementor-widget-image\" data-id=\"c1df7a0\" data-element_type=\"widget\" data-e-type=\"widget\" data-widget_type=\"image.default\">\n\t\t\t\t<div class=\"elementor-widget-container\">\n\t\t\t\t\t\t\t\t\t\t\t\t\t\t\t<img decoding=\"async\" width=\"1024\" height=\"768\" src=\"https:\/\/mportezuelo.cl\/Inicio\/wp-content\/uploads\/2024\/10\/463054932_969089268588342_3855565684633725046_n-1024x768.jpg\" class=\"attachment-large size-large wp-image-7588\" alt=\"\" srcset=\"https:\/\/mportezuelo.cl\/Inicio\/wp-content\/uploads\/2024\/10\/463054932_969089268588342_3855565684633725046_n-1024x768.jpg 1024w, https:\/\/mportezuelo.cl\/Inicio\/wp-content\/uploads\/2024\/10\/463054932_969089268588342_3855565684633725046_n-300x225.jpg 300w, https:\/\/mportezuelo.cl\/Inicio\/wp-content\/uploads\/2024\/10\/463054932_969089268588342_3855565684633725046_n-768x576.jpg 768w, https:\/\/mportezuelo.cl\/Inicio\/wp-content\/uploads\/2024\/10\/463054932_969089268588342_3855565684633725046_n.jpg 1280w\" sizes=\"(max-width: 1024px) 100vw, 1024px\" \/>\t\t\t\t\t\t\t\t\t\t\t\t\t\t\t<\/div>\n\t\t\t\t<\/div>\n\t\t\t\t<\/div>\n\t\t<div class=\"elementor-element elementor-element-287daa9 e-con-full e-flex e-con e-child\" data-id=\"287daa9\" data-element_type=\"container\" data-e-type=\"container\" data-settings=\"{&quot;tmea_shape_divider_top&quot;:&quot;none&quot;,&quot;tmea_shape_divider_bottom&quot;:&quot;none&quot;}\">\n\t\t\t\t<div class=\"elementor-element elementor-element-a69f356 elementor-widget elementor-widget-text-editor\" data-id=\"a69f356\" data-element_type=\"widget\" data-e-type=\"widget\" data-widget_type=\"text-editor.default\">\n\t\t\t\t<div class=\"elementor-widget-container\">\n\t\t\t\t\t\t\t\t\t<p>Katherine Garrido Lagos, encargada del programa Red Local de Apoyos y Cuidados en la Comuna de Portezuelo, explic\u00f3 que \u2018los servicios incluyen atenci\u00f3n de profesionales como Kinesi\u00f3logo, psic\u00f3logos, nutricionistas, pod\u00f3loga y desde este a\u00f1o, peluquer\u00eda\u2019. Agreg\u00f3 que para el nuevo proceso involucrado en el convenio suscrito este viernes \u2018se cuenta con una transferencia de 179 millones 713 mil 944 pesos provenientes del Ministerio de Desarrollo Social, recursos que ser\u00e1n destinados al pago de profesionales, adaptaciones en viviendas y adquisici\u00f3n de ayudas t\u00e9cnicas\u2019.<\/p><p>La seremi de desarrollo social y familia, Marta Carvajal, en tanto, explic\u00f3 que este programa busca ofrecer atenciones profesionales y acompa\u00f1amiento emocional, respondiendo a las necesidades de la comunidad, que incluye personas mayores y con discapacidad. \u2018Se planea fortalecer el cuidado domiciliario y establecer un Centro Comunitario de Cuidados, reconociendo el valor del cuidado como un trabajo esencial para el desarrollo del pa\u00eds\u2019, indic\u00f3.<\/p>\t\t\t\t\t\t\t\t<\/div>\n\t\t\t\t<\/div>\n\t\t\t\t<\/div>\n\t\t\t\t\t<\/div>\n\t\t\t\t<\/div>\n\t\t<div class=\"elementor-element elementor-element-c0ffd18 e-flex e-con-boxed e-con e-parent\" data-id=\"c0ffd18\" data-element_type=\"container\" data-e-type=\"container\" data-settings=\"{&quot;tmea_shape_divider_top&quot;:&quot;none&quot;,&quot;tmea_shape_divider_bottom&quot;:&quot;none&quot;}\">\n\t\t\t\t\t<div class=\"e-con-inner\">\n\t\t\t\t<div class=\"elementor-element elementor-element-7a3ce03 elementor-widget elementor-widget-text-editor\" data-id=\"7a3ce03\" data-element_type=\"widget\" data-e-type=\"widget\" data-widget_type=\"text-editor.default\">\n\t\t\t\t<div class=\"elementor-widget-container\">\n\t\t\t\t\t\t\t\t\t<p>\u2018Estamos fortaleciendo la Red ac\u00e1 en Portezuelo con el cuidado domiciliario y prontamente tambi\u00e9n el Centro Comunitario de Cuidado; as\u00ed que vamos a dejar una comuna fortalecida en cuidado, reconociendo este como un trabajo que es fundamental para el desarrollo del pa\u00eds y que necesita al Estado presente entregando dignidad a cada una de las familias, as\u00ed que estamos muy felices de estar ac\u00e1\u2019, indic\u00f3 la seremi Carvajal.<\/p>\t\t\t\t\t\t\t\t<\/div>\n\t\t\t\t<\/div>\n\t\t\t\t\t<\/div>\n\t\t\t\t<\/div>\n\t\t<div class=\"elementor-element elementor-element-303e8dd e-flex e-con-boxed e-con e-parent\" data-id=\"303e8dd\" data-element_type=\"container\" data-e-type=\"container\" data-settings=\"{&quot;tmea_shape_divider_top&quot;:&quot;none&quot;,&quot;tmea_shape_divider_bottom&quot;:&quot;none&quot;}\">\n\t\t\t\t\t<div class=\"e-con-inner\">\n\t\t<div class=\"elementor-element elementor-element-f78e237 e-con-full e-flex e-con e-child\" data-id=\"f78e237\" data-element_type=\"container\" data-e-type=\"container\" data-settings=\"{&quot;tmea_shape_divider_top&quot;:&quot;none&quot;,&quot;tmea_shape_divider_bottom&quot;:&quot;none&quot;}\">\n\t\t\t\t<div class=\"elementor-element elementor-element-218b39d elementor-widget elementor-widget-image\" data-id=\"218b39d\" data-element_type=\"widget\" data-e-type=\"widget\" data-widget_type=\"image.default\">\n\t\t\t\t<div class=\"elementor-widget-container\">\n\t\t\t\t\t\t\t\t\t\t\t\t\t\t\t<img fetchpriority=\"high\" decoding=\"async\" width=\"1024\" height=\"768\" src=\"https:\/\/mportezuelo.cl\/Inicio\/wp-content\/uploads\/2024\/10\/463091410_969089288588340_5804920618906242300_n-1024x768.jpg\" class=\"attachment-large size-large wp-image-7587\" alt=\"\" srcset=\"https:\/\/mportezuelo.cl\/Inicio\/wp-content\/uploads\/2024\/10\/463091410_969089288588340_5804920618906242300_n-1024x768.jpg 1024w, https:\/\/mportezuelo.cl\/Inicio\/wp-content\/uploads\/2024\/10\/463091410_969089288588340_5804920618906242300_n-300x225.jpg 300w, https:\/\/mportezuelo.cl\/Inicio\/wp-content\/uploads\/2024\/10\/463091410_969089288588340_5804920618906242300_n-768x576.jpg 768w, https:\/\/mportezuelo.cl\/Inicio\/wp-content\/uploads\/2024\/10\/463091410_969089288588340_5804920618906242300_n.jpg 1280w\" sizes=\"(max-width: 1024px) 100vw, 1024px\" \/>\t\t\t\t\t\t\t\t\t\t\t\t\t\t\t<\/div>\n\t\t\t\t<\/div>\n\t\t\t\t<\/div>\n\t\t<div class=\"elementor-element elementor-element-7b6f8b7 e-con-full e-flex e-con e-child\" data-id=\"7b6f8b7\" data-element_type=\"container\" data-e-type=\"container\" data-settings=\"{&quot;tmea_shape_divider_top&quot;:&quot;none&quot;,&quot;tmea_shape_divider_bottom&quot;:&quot;none&quot;}\">\n\t\t\t\t<div class=\"elementor-element elementor-element-1a7aaf0 elementor-widget elementor-widget-text-editor\" data-id=\"1a7aaf0\" data-element_type=\"widget\" data-e-type=\"widget\" data-widget_type=\"text-editor.default\">\n\t\t\t\t<div class=\"elementor-widget-container\">\n\t\t\t\t\t\t\t\t\t<p>Por su parte el alcalde, Ren\u00e9 Schuffeneger, dijo que este convenio, que extiende por un a\u00f1o el programa Red Local de Apoyos y Cuidado, es una muestra de que las cosas se est\u00e1n haciendo bien en Portezuelo en beneficio de los adultos mayores. \u2018Eso se ve reflejado en que se nos est\u00e1 renovando el convenio, firmamos el convenio nuevamente y eso da cuenta de la importancia de este programa. Pero da cuenta tambi\u00e9n de la importancia que nosotros le damos y que los fondos que nos transfiere el Ministerio de Desarrollo Social y Familia, es porque las cosas se est\u00e1n haciendo bien ac\u00e1 en Portezuelo en ese sentido\u2019.<\/p>\t\t\t\t\t\t\t\t<\/div>\n\t\t\t\t<\/div>\n\t\t\t\t<\/div>\n\t\t\t\t\t<\/div>\n\t\t\t\t<\/div>\n\t\t<div class=\"elementor-element elementor-element-a4f13d4 e-flex e-con-boxed e-con e-parent\" data-id=\"a4f13d4\" data-element_type=\"container\" data-e-type=\"container\" data-settings=\"{&quot;tmea_shape_divider_top&quot;:&quot;none&quot;,&quot;tmea_shape_divider_bottom&quot;:&quot;none&quot;}\">\n\t\t\t\t\t<div class=\"e-con-inner\">\n\t\t\t\t<div class=\"elementor-element elementor-element-473a794 elementor-widget elementor-widget-spacer\" data-id=\"473a794\" data-element_type=\"widget\" data-e-type=\"widget\" data-widget_type=\"spacer.default\">\n\t\t\t\t<div class=\"elementor-widget-container\">\n\t\t\t\t\t\t\t<div class=\"elementor-spacer\">\n\t\t\t<div class=\"elementor-spacer-inner\"><\/div>\n\t\t<\/div>\n\t\t\t\t\t\t<\/div>\n\t\t\t\t<\/div>\n\t\t\t\t\t<\/div>\n\t\t\t\t<\/div>\n\t\t\t\t<\/div>\n\t\t","protected":false},"excerpt":{"rendered":"<p>Ambas instancias fueron representadas por la seremi Marta Carvajal y el alcalde Ren\u00e9 Schuffeneger, respectivamente. A la actividad asistieron cuidadoras y beneficiarios del programa En Portezuelo se desarroll\u00f3 la firma simb\u00f3lica del convenio que extiende por un a\u00f1o m\u00e1s en la comuna el programa Red de Apoyos y Cuidados que en el caso de esta [&hellip;]<\/p>\n","protected":false},"author":1,"featured_media":7587,"comment_status":"open","ping_status":"open","sticky":false,"template":"elementor_header_footer","format":"standard","meta":{"_monsterinsights_skip_tracking":false,"_monsterinsights_sitenote_active":false,"_monsterinsights_sitenote_note":"","_monsterinsights_sitenote_category":0,"iawp_total_views":6,"footnotes":""},"categories":[1],"tags":[],"class_list":["post-7586","post","type-post","status-publish","format-standard","has-post-thumbnail","hentry","category-sin-categoria"],"aioseo_notices":[],"_links":{"self":[{"href":"https:\/\/mportezuelo.cl\/Inicio\/wp-json\/wp\/v2\/posts\/7586","targetHints":{"allow":["GET"]}}],"collection":[{"href":"https:\/\/mportezuelo.cl\/Inicio\/wp-json\/wp\/v2\/posts"}],"about":[{"href":"https:\/\/mportezuelo.cl\/Inicio\/wp-json\/wp\/v2\/types\/post"}],"author":[{"embeddable":true,"href":"https:\/\/mportezuelo.cl\/Inicio\/wp-json\/wp\/v2\/users\/1"}],"replies":[{"embeddable":true,"href":"https:\/\/mportezuelo.cl\/Inicio\/wp-json\/wp\/v2\/comments?post=7586"}],"version-history":[{"count":4,"href":"https:\/\/mportezuelo.cl\/Inicio\/wp-json\/wp\/v2\/posts\/7586\/revisions"}],"predecessor-version":[{"id":7592,"href":"https:\/\/mportezuelo.cl\/Inicio\/wp-json\/wp\/v2\/posts\/7586\/revisions\/7592"}],"wp:featuredmedia":[{"embeddable":true,"href":"https:\/\/mportezuelo.cl\/Inicio\/wp-json\/wp\/v2\/media\/7587"}],"wp:attachment":[{"href":"https:\/\/mportezuelo.cl\/Inicio\/wp-json\/wp\/v2\/media?parent=7586"}],"wp:term":[{"taxonomy":"category","embeddable":true,"href":"https:\/\/mportezuelo.cl\/Inicio\/wp-json\/wp\/v2\/categories?post=7586"},{"taxonomy":"post_tag","embeddable":true,"href":"https:\/\/mportezuelo.cl\/Inicio\/wp-json\/wp\/v2\/tags?post=7586"}],"curies":[{"name":"wp","href":"https:\/\/api.w.org\/{rel}","templated":true}]}}