{"id":5139,"date":"2024-06-10T11:45:33","date_gmt":"2024-06-10T14:45:33","guid":{"rendered":"https:\/\/mportezuelo.cl\/Inicio\/?p=5139"},"modified":"2024-06-11T11:46:25","modified_gmt":"2024-06-11T14:46:25","slug":"capacitacion-franquicia-tributaria","status":"publish","type":"post","link":"https:\/\/mportezuelo.cl\/Inicio\/2024\/06\/10\/capacitacion-franquicia-tributaria\/","title":{"rendered":"Capacitaci\u00f3n Franquicia Tributaria"},"content":{"rendered":"\t\t<div data-elementor-type=\"wp-post\" data-elementor-id=\"5139\" class=\"elementor elementor-5139\" data-elementor-post-type=\"post\">\n\t\t\t\t<div class=\"elementor-element elementor-element-75d99954 e-flex e-con-boxed e-con e-parent\" data-id=\"75d99954\" data-element_type=\"container\" data-e-type=\"container\" data-settings=\"{&quot;tmea_shape_divider_top&quot;:&quot;none&quot;,&quot;tmea_shape_divider_bottom&quot;:&quot;none&quot;}\">\n\t\t\t\t\t<div class=\"e-con-inner\">\n\t\t\n\t\t<div class=\"elementor-element elementor-element-58484855 elementor-widget elementor-widget-text-editor\" data-id=\"58484855\" data-element_type=\"widget\" data-e-type=\"widget\" data-widget_type=\"text-editor.default\">\n\t\t\t\t<div class=\"elementor-widget-container\">\n\t\t\t\t\t\t\t\t\t<span style=\"color: #000000;\">Atenci\u00f3n empresas de la comuna!\u00a0<span class=\"html-span xexx8yu x4uap5 x18d9i69 xkhd6sd x1hl2dhg x16tdsg8 x1vvkbs x3nfvp2 x1j61x8r x1fcty0u xdj266r xat24cr xgzva0m xhhsvwb xxymvpz xlup9mm x1kky2od\"><img decoding=\"async\" class=\"xz74otr\" src=\"https:\/\/static.xx.fbcdn.net\/images\/emoji.php\/v9\/tcc\/1\/16\/1f4dd.png\" alt=\"\ud83d\udcdd\" width=\"16\" height=\"16\" \/><\/span><span class=\"html-span xexx8yu x4uap5 x18d9i69 xkhd6sd x1hl2dhg x16tdsg8 x1vvkbs x3nfvp2 x1j61x8r x1fcty0u xdj266r xat24cr xgzva0m xhhsvwb xxymvpz xlup9mm x1kky2od\"><img decoding=\"async\" class=\"xz74otr\" src=\"https:\/\/static.xx.fbcdn.net\/images\/emoji.php\/v9\/taa\/1\/16\/1f4ca.png\" alt=\"\ud83d\udcca\" width=\"16\" height=\"16\" \/><\/span><span class=\"html-span xexx8yu x4uap5 x18d9i69 xkhd6sd x1hl2dhg x16tdsg8 x1vvkbs x3nfvp2 x1j61x8r x1fcty0u xdj266r xat24cr xgzva0m xhhsvwb xxymvpz xlup9mm x1kky2od\"><img decoding=\"async\" class=\"xz74otr\" src=\"https:\/\/static.xx.fbcdn.net\/images\/emoji.php\/v9\/t2a\/1\/16\/1f3ed.png\" alt=\"\ud83c\udfed\" width=\"16\" height=\"16\" \/><\/span><\/span><br class=\"html-br\" \/><br class=\"html-br\" \/><span style=\"color: #000000;\"><span class=\"html-span xexx8yu x4uap5 x18d9i69 xkhd6sd x1hl2dhg x16tdsg8 x1vvkbs x3nfvp2 x1j61x8r x1fcty0u xdj266r xat24cr xgzva0m xhhsvwb xxymvpz xlup9mm x1kky2od\"><img loading=\"lazy\" decoding=\"async\" class=\"xz74otr\" src=\"https:\/\/static.xx.fbcdn.net\/images\/emoji.php\/v9\/tac\/1\/16\/1f4cc.png\" alt=\"\ud83d\udccc\" width=\"16\" height=\"16\" \/><\/span>\u00a0La Oficina Municipal de Informaci\u00f3n Laboral (OMIL), les invita a participar de la capacitaci\u00f3n sobre &#8220;Franquicia Tributaria&#8221;, un incentivo tributario del Estado que financia la capacitaci\u00f3n, evaluaci\u00f3n y certificaci\u00f3n de competencias laborales de mujeres y hombres mayores de 15 a\u00f1os, sean trabajadoras\/es o personas que no se encuentren vinculadas a la empresa.<\/span><br class=\"html-br\" \/><br class=\"html-br\" \/><span style=\"color: #000000;\"><span class=\"html-span xexx8yu x4uap5 x18d9i69 xkhd6sd x1hl2dhg x16tdsg8 x1vvkbs x3nfvp2 x1j61x8r x1fcty0u xdj266r xat24cr xgzva0m xhhsvwb xxymvpz xlup9mm x1kky2od\"><img loading=\"lazy\" decoding=\"async\" class=\"xz74otr\" src=\"https:\/\/static.xx.fbcdn.net\/images\/emoji.php\/v9\/t9e\/1\/16\/27a1.png\" alt=\"\u27a1\" width=\"16\" height=\"16\" \/><\/span>\u00a0Esta capacitaci\u00f3n se va realizar el jueves 27 de junio a partir de las 10:00 horas en el sal\u00f3n Reinaldo Caro, ubicado en calle Carrera #44. Esta actividad est\u00e1 dirigida a empresas que est\u00e9n formalizadas en 1ra categor\u00eda ante el SII y que cuenten con un m\u00ednimo de 2 trabajadores contratados.<\/span><br class=\"html-br\" \/><br class=\"html-br\" \/><span style=\"color: #000000;\"><span class=\"html-span xexx8yu x4uap5 x18d9i69 xkhd6sd x1hl2dhg x16tdsg8 x1vvkbs x3nfvp2 x1j61x8r x1fcty0u xdj266r xat24cr xgzva0m xhhsvwb xxymvpz xlup9mm x1kky2od\"><img loading=\"lazy\" decoding=\"async\" class=\"xz74otr\" src=\"https:\/\/static.xx.fbcdn.net\/images\/emoji.php\/v9\/t33\/1\/16\/2705.png\" alt=\"\u2705\" width=\"16\" height=\"16\" \/><\/span>\u00a0Inscripciones al NRO. <strong>+56968068106<\/strong> o en Oficina OMIL Portezuelo en horario laboral.<\/span>\t\t\t\t\t\t\t\t<\/div>\n\t\t\t\t<\/div>\n\t\t\t\t\t<\/div>\n\t\t\t\t<\/div>\n\t\t<div class=\"elementor-element elementor-element-61756c2 e-flex e-con-boxed e-con e-parent\" data-id=\"61756c2\" data-element_type=\"container\" data-e-type=\"container\" data-settings=\"{&quot;tmea_shape_divider_top&quot;:&quot;none&quot;,&quot;tmea_shape_divider_bottom&quot;:&quot;none&quot;}\">\n\t\t\t\t\t<div class=\"e-con-inner\">\n\t\t\t\t<div class=\"elementor-element elementor-element-90f41ea elementor-widget elementor-widget-image\" data-id=\"90f41ea\" data-element_type=\"widget\" data-e-type=\"widget\" data-widget_type=\"image.default\">\n\t\t\t\t<div class=\"elementor-widget-container\">\n\t\t\t\t\t\t\t\t\t\t\t\t\t\t\t<img loading=\"lazy\" decoding=\"async\" width=\"940\" height=\"788\" src=\"https:\/\/mportezuelo.cl\/Inicio\/wp-content\/uploads\/2024\/06\/448161893_883447160485887_6907545452132435943_n.jpg\" class=\"attachment-large size-large wp-image-5140\" alt=\"\" srcset=\"https:\/\/mportezuelo.cl\/Inicio\/wp-content\/uploads\/2024\/06\/448161893_883447160485887_6907545452132435943_n.jpg 940w, https:\/\/mportezuelo.cl\/Inicio\/wp-content\/uploads\/2024\/06\/448161893_883447160485887_6907545452132435943_n-300x251.jpg 300w, https:\/\/mportezuelo.cl\/Inicio\/wp-content\/uploads\/2024\/06\/448161893_883447160485887_6907545452132435943_n-768x644.jpg 768w\" sizes=\"(max-width: 940px) 100vw, 940px\" \/>\t\t\t\t\t\t\t\t\t\t\t\t\t\t\t<\/div>\n\t\t\t\t<\/div>\n\t\t\t\t\t<\/div>\n\t\t\t\t<\/div>\n\t\t\t\t<\/div>\n\t\t","protected":false},"excerpt":{"rendered":"<p>Atenci\u00f3n empresas de la comuna!\u00a0 \u00a0La Oficina Municipal de Informaci\u00f3n Laboral (OMIL), les invita a participar de la capacitaci\u00f3n sobre &#8220;Franquicia Tributaria&#8221;, un incentivo tributario del Estado que financia la capacitaci\u00f3n, evaluaci\u00f3n y certificaci\u00f3n de competencias laborales de mujeres y hombres mayores de 15 a\u00f1os, sean trabajadoras\/es o personas que no se encuentren vinculadas a [&hellip;]<\/p>\n","protected":false},"author":1,"featured_media":5140,"comment_status":"open","ping_status":"open","sticky":false,"template":"","format":"standard","meta":{"_monsterinsights_skip_tracking":false,"_monsterinsights_sitenote_active":false,"_monsterinsights_sitenote_note":"","_monsterinsights_sitenote_category":0,"iawp_total_views":2,"footnotes":""},"categories":[1],"tags":[],"class_list":["post-5139","post","type-post","status-publish","format-standard","has-post-thumbnail","hentry","category-sin-categoria"],"aioseo_notices":[],"_links":{"self":[{"href":"https:\/\/mportezuelo.cl\/Inicio\/wp-json\/wp\/v2\/posts\/5139","targetHints":{"allow":["GET"]}}],"collection":[{"href":"https:\/\/mportezuelo.cl\/Inicio\/wp-json\/wp\/v2\/posts"}],"about":[{"href":"https:\/\/mportezuelo.cl\/Inicio\/wp-json\/wp\/v2\/types\/post"}],"author":[{"embeddable":true,"href":"https:\/\/mportezuelo.cl\/Inicio\/wp-json\/wp\/v2\/users\/1"}],"replies":[{"embeddable":true,"href":"https:\/\/mportezuelo.cl\/Inicio\/wp-json\/wp\/v2\/comments?post=5139"}],"version-history":[{"count":4,"href":"https:\/\/mportezuelo.cl\/Inicio\/wp-json\/wp\/v2\/posts\/5139\/revisions"}],"predecessor-version":[{"id":5144,"href":"https:\/\/mportezuelo.cl\/Inicio\/wp-json\/wp\/v2\/posts\/5139\/revisions\/5144"}],"wp:featuredmedia":[{"embeddable":true,"href":"https:\/\/mportezuelo.cl\/Inicio\/wp-json\/wp\/v2\/media\/5140"}],"wp:attachment":[{"href":"https:\/\/mportezuelo.cl\/Inicio\/wp-json\/wp\/v2\/media?parent=5139"}],"wp:term":[{"taxonomy":"category","embeddable":true,"href":"https:\/\/mportezuelo.cl\/Inicio\/wp-json\/wp\/v2\/categories?post=5139"},{"taxonomy":"post_tag","embeddable":true,"href":"https:\/\/mportezuelo.cl\/Inicio\/wp-json\/wp\/v2\/tags?post=5139"}],"curies":[{"name":"wp","href":"https:\/\/api.w.org\/{rel}","templated":true}]}}