{"id":5133,"date":"2024-06-07T11:42:19","date_gmt":"2024-06-07T14:42:19","guid":{"rendered":"https:\/\/mportezuelo.cl\/Inicio\/?p=5133"},"modified":"2024-06-11T11:42:59","modified_gmt":"2024-06-11T14:42:59","slug":"inscripciones-fondo-social","status":"publish","type":"post","link":"https:\/\/mportezuelo.cl\/Inicio\/2024\/06\/07\/inscripciones-fondo-social\/","title":{"rendered":"Inscripciones Fondo Social"},"content":{"rendered":"\t\t<div data-elementor-type=\"wp-post\" data-elementor-id=\"5133\" class=\"elementor elementor-5133\" data-elementor-post-type=\"post\">\n\t\t\t\t<div class=\"elementor-element elementor-element-44dd058c e-flex e-con-boxed e-con e-parent\" data-id=\"44dd058c\" data-element_type=\"container\" data-e-type=\"container\" data-settings=\"{&quot;tmea_shape_divider_top&quot;:&quot;none&quot;,&quot;tmea_shape_divider_bottom&quot;:&quot;none&quot;}\">\n\t\t\t\t\t<div class=\"e-con-inner\">\n\t\t\n\t\t<div class=\"elementor-element elementor-element-262094d8 elementor-widget elementor-widget-text-editor\" data-id=\"262094d8\" data-element_type=\"widget\" data-e-type=\"widget\" data-widget_type=\"text-editor.default\">\n\t\t\t\t<div class=\"elementor-widget-container\">\n\t\t\t\t\t\t\t\t\t<span style=\"color: #000000;\"><span class=\"html-span xexx8yu x4uap5 x18d9i69 xkhd6sd x1hl2dhg x16tdsg8 x1vvkbs x3nfvp2 x1j61x8r x1fcty0u xdj266r xat24cr xgzva0m xhhsvwb xxymvpz xlup9mm x1kky2od\"><img decoding=\"async\" class=\"xz74otr\" src=\"https:\/\/static.xx.fbcdn.net\/images\/emoji.php\/v9\/tac\/1\/16\/1f4cc.png\" alt=\"\ud83d\udccc\" width=\"16\" height=\"16\" \/><\/span>\u00a0INSCRIPCIONES ABIERTAS PARA EL FONDO SOCIAL<\/span><br class=\"html-br\" \/><span style=\"color: #000000;\"><span class=\"html-span xexx8yu x4uap5 x18d9i69 xkhd6sd x1hl2dhg x16tdsg8 x1vvkbs x3nfvp2 x1j61x8r x1fcty0u xdj266r xat24cr xgzva0m xhhsvwb xxymvpz xlup9mm x1kky2od\"><img decoding=\"async\" class=\"xz74otr\" src=\"https:\/\/static.xx.fbcdn.net\/images\/emoji.php\/v9\/t1b\/1\/16\/1f53a.png\" alt=\"\ud83d\udd3a\" width=\"16\" height=\"16\" \/><\/span>La Direcci\u00f3n de Desarrollo Comunitario y la oficina de Organizaciones Comunitarias informan que ya se encuentran abiertas las postulaciones a el Fondo social Presidente de la Republica.<\/span><br class=\"html-br\" \/><span style=\"color: #000000;\"><span class=\"html-span xexx8yu x4uap5 x18d9i69 xkhd6sd x1hl2dhg x16tdsg8 x1vvkbs x3nfvp2 x1j61x8r x1fcty0u xdj266r xat24cr xgzva0m xhhsvwb xxymvpz xlup9mm x1kky2od\"><img decoding=\"async\" class=\"xz74otr\" src=\"https:\/\/static.xx.fbcdn.net\/images\/emoji.php\/v9\/t1b\/1\/16\/1f53a.png\" alt=\"\ud83d\udd3a\" width=\"16\" height=\"16\" \/><\/span>El objetivo del fondo social, es apoyar y complementar las pol\u00edticas de inversi\u00f3n social del estado a trav\u00e9s de proyectos para solucionar ciertas necesidades, potenciar la participaci\u00f3n ciudadana y contribuir a superar la vulnerabilidad social de una comunidad u organizaciones determinadas.<\/span><br class=\"html-br\" \/><span style=\"color: #000000;\"><span class=\"html-span xexx8yu x4uap5 x18d9i69 xkhd6sd x1hl2dhg x16tdsg8 x1vvkbs x3nfvp2 x1j61x8r x1fcty0u xdj266r xat24cr xgzva0m xhhsvwb xxymvpz xlup9mm x1kky2od\"><img decoding=\"async\" class=\"xz74otr\" src=\"https:\/\/static.xx.fbcdn.net\/images\/emoji.php\/v9\/t1b\/1\/16\/1f53a.png\" alt=\"\ud83d\udd3a\" width=\"16\" height=\"16\" \/><\/span>Si necesitas apoyo para la construcci\u00f3n de tu proyecto, ac\u00e9rcate a la oficina de Organizaciones Comunitarias, ubicada en O\u2019Higgins #250, Portezuelo (ODEL)<span class=\"html-span xexx8yu x4uap5 x18d9i69 xkhd6sd x1hl2dhg x16tdsg8 x1vvkbs x3nfvp2 x1j61x8r x1fcty0u xdj266r xat24cr xgzva0m xhhsvwb xxymvpz xlup9mm x1kky2od\"><img decoding=\"async\" class=\"xz74otr\" src=\"https:\/\/static.xx.fbcdn.net\/images\/emoji.php\/v9\/t2d\/1\/16\/1f4cd.png\" alt=\"\ud83d\udccd\" width=\"16\" height=\"16\" \/><\/span>\u00a0<\/span>\t\t\t\t\t\t\t\t<\/div>\n\t\t\t\t<\/div>\n\t\t\t\t\t<\/div>\n\t\t\t\t<\/div>\n\t\t<div class=\"elementor-element elementor-element-6aa8b5f e-flex e-con-boxed e-con e-parent\" data-id=\"6aa8b5f\" data-element_type=\"container\" data-e-type=\"container\" data-settings=\"{&quot;tmea_shape_divider_top&quot;:&quot;none&quot;,&quot;tmea_shape_divider_bottom&quot;:&quot;none&quot;}\">\n\t\t\t\t\t<div class=\"e-con-inner\">\n\t\t\t\t<div class=\"elementor-element elementor-element-b3b3551 elementor-widget elementor-widget-image\" data-id=\"b3b3551\" data-element_type=\"widget\" data-e-type=\"widget\" data-widget_type=\"image.default\">\n\t\t\t\t<div class=\"elementor-widget-container\">\n\t\t\t\t\t\t\t\t\t\t\t\t\t\t\t<img loading=\"lazy\" decoding=\"async\" width=\"1024\" height=\"768\" src=\"https:\/\/mportezuelo.cl\/Inicio\/wp-content\/uploads\/2024\/06\/448035273_881474567349813_1630727572732795875_n.jpg\" class=\"attachment-large size-large wp-image-5134\" alt=\"\" srcset=\"https:\/\/mportezuelo.cl\/Inicio\/wp-content\/uploads\/2024\/06\/448035273_881474567349813_1630727572732795875_n.jpg 1024w, https:\/\/mportezuelo.cl\/Inicio\/wp-content\/uploads\/2024\/06\/448035273_881474567349813_1630727572732795875_n-300x225.jpg 300w, https:\/\/mportezuelo.cl\/Inicio\/wp-content\/uploads\/2024\/06\/448035273_881474567349813_1630727572732795875_n-768x576.jpg 768w\" sizes=\"(max-width: 1024px) 100vw, 1024px\" \/>\t\t\t\t\t\t\t\t\t\t\t\t\t\t\t<\/div>\n\t\t\t\t<\/div>\n\t\t\t\t\t<\/div>\n\t\t\t\t<\/div>\n\t\t\t\t<\/div>\n\t\t","protected":false},"excerpt":{"rendered":"<p>\u00a0INSCRIPCIONES ABIERTAS PARA EL FONDO SOCIAL La Direcci\u00f3n de Desarrollo Comunitario y la oficina de Organizaciones Comunitarias informan que ya se encuentran abiertas las postulaciones a el Fondo social Presidente de la Republica. El objetivo del fondo social, es apoyar y complementar las pol\u00edticas de inversi\u00f3n social del estado a trav\u00e9s de proyectos para solucionar [&hellip;]<\/p>\n","protected":false},"author":1,"featured_media":5134,"comment_status":"open","ping_status":"open","sticky":false,"template":"","format":"standard","meta":{"_monsterinsights_skip_tracking":false,"_monsterinsights_sitenote_active":false,"_monsterinsights_sitenote_note":"","_monsterinsights_sitenote_category":0,"iawp_total_views":0,"footnotes":""},"categories":[1],"tags":[],"class_list":["post-5133","post","type-post","status-publish","format-standard","has-post-thumbnail","hentry","category-sin-categoria"],"aioseo_notices":[],"_links":{"self":[{"href":"https:\/\/mportezuelo.cl\/Inicio\/wp-json\/wp\/v2\/posts\/5133","targetHints":{"allow":["GET"]}}],"collection":[{"href":"https:\/\/mportezuelo.cl\/Inicio\/wp-json\/wp\/v2\/posts"}],"about":[{"href":"https:\/\/mportezuelo.cl\/Inicio\/wp-json\/wp\/v2\/types\/post"}],"author":[{"embeddable":true,"href":"https:\/\/mportezuelo.cl\/Inicio\/wp-json\/wp\/v2\/users\/1"}],"replies":[{"embeddable":true,"href":"https:\/\/mportezuelo.cl\/Inicio\/wp-json\/wp\/v2\/comments?post=5133"}],"version-history":[{"count":4,"href":"https:\/\/mportezuelo.cl\/Inicio\/wp-json\/wp\/v2\/posts\/5133\/revisions"}],"predecessor-version":[{"id":5138,"href":"https:\/\/mportezuelo.cl\/Inicio\/wp-json\/wp\/v2\/posts\/5133\/revisions\/5138"}],"wp:featuredmedia":[{"embeddable":true,"href":"https:\/\/mportezuelo.cl\/Inicio\/wp-json\/wp\/v2\/media\/5134"}],"wp:attachment":[{"href":"https:\/\/mportezuelo.cl\/Inicio\/wp-json\/wp\/v2\/media?parent=5133"}],"wp:term":[{"taxonomy":"category","embeddable":true,"href":"https:\/\/mportezuelo.cl\/Inicio\/wp-json\/wp\/v2\/categories?post=5133"},{"taxonomy":"post_tag","embeddable":true,"href":"https:\/\/mportezuelo.cl\/Inicio\/wp-json\/wp\/v2\/tags?post=5133"}],"curies":[{"name":"wp","href":"https:\/\/api.w.org\/{rel}","templated":true}]}}