{"id":4722,"date":"2024-06-03T11:16:11","date_gmt":"2024-06-03T14:16:11","guid":{"rendered":"https:\/\/mportezuelo.cl\/Inicio\/?p=4722"},"modified":"2024-06-04T12:04:27","modified_gmt":"2024-06-04T15:04:27","slug":"facsimil-de-votos","status":"publish","type":"post","link":"https:\/\/mportezuelo.cl\/Inicio\/2024\/06\/03\/facsimil-de-votos\/","title":{"rendered":"Facs\u00edmil de Votos"},"content":{"rendered":"\t\t<div data-elementor-type=\"wp-post\" data-elementor-id=\"4722\" class=\"elementor elementor-4722\" data-elementor-post-type=\"post\">\n\t\t\t\t<div class=\"elementor-element elementor-element-49e3ee3d e-flex e-con-boxed e-con e-parent\" data-id=\"49e3ee3d\" data-element_type=\"container\" data-e-type=\"container\" data-settings=\"{&quot;tmea_shape_divider_top&quot;:&quot;none&quot;,&quot;tmea_shape_divider_bottom&quot;:&quot;none&quot;}\">\n\t\t\t\t\t<div class=\"e-con-inner\">\n\t\t\n\t\t<div class=\"elementor-element elementor-element-44c8257a elementor-widget elementor-widget-text-editor\" data-id=\"44c8257a\" data-element_type=\"widget\" data-e-type=\"widget\" data-widget_type=\"text-editor.default\">\n\t\t\t\t<div class=\"elementor-widget-container\">\n\t\t\t\t\t\t\t\t\t<div dir=\"auto\"><span style=\"color: #000000;\"><span class=\"html-span xexx8yu x4uap5 x18d9i69 xkhd6sd x1hl2dhg x16tdsg8 x1vvkbs x3nfvp2 x1j61x8r x1fcty0u xdj266r xat24cr xgzva0m xhhsvwb xxymvpz xlup9mm x1kky2od\"><img decoding=\"async\" class=\"xz74otr\" src=\"https:\/\/static.xx.fbcdn.net\/images\/emoji.php\/v9\/t33\/1\/16\/2705.png\" alt=\"\u2705\" width=\"16\" height=\"16\" \/><\/span>Presentamos a Uds. el facs\u00edmil de voto de pr\u00f3ximas elecciones primarias de alcalde, actividad que se llevar\u00e1 a cabo en el Liceo Bicentenario Nibaldo Sep\u00falveda Fern\u00e1ndez.<\/span><\/div>\n<div dir=\"auto\"><span style=\"color: #000000;\">Es importante destacar que, para las elecciones primarias del 9 de junio, la participaci\u00f3n es totalmente voluntaria (indica el Servicio Electoral Servel).<\/span><\/div>\n<div dir=\"auto\"><span style=\"color: #000000;\">En este sentido, pueden votar todos los electores que sean independientes y los afiliados a los partidos pol\u00edticos que pactaron en las primarias.<\/span><\/div>\n<div dir=\"auto\"><strong><span class=\"html-span xdj266r x11i5rnm xat24cr x1mh8g0r xexx8yu x4uap5 x18d9i69 xkhd6sd x1hl2dhg x16tdsg8 x1vvkbs\" style=\"color: #000000;\"><a class=\"x1i10hfl xjbqb8w x1ejq31n xd10rxx x1sy0etr x17r0tee x972fbf xcfux6l x1qhh985 xm0m39n x9f619 x1ypdohk xt0psk2 xe8uvvx xdj266r x11i5rnm xat24cr x1mh8g0r xexx8yu x4uap5 x18d9i69 xkhd6sd x16tdsg8 x1hl2dhg xggy1nq x1a2a7pz x1sur9pj xkrqix3 x1fey0fg xo1l8bm\" style=\"color: #000000;\" tabindex=\"0\" role=\"link\" href=\"https:\/\/www.facebook.com\/hashtag\/muniportezueloinforma?__eep__=6&amp;__cft__[0]=AZXQfB8RypSh46FW_zQqncoC-DsutR63cgGh8J1jpr4SKYP1hlIqal7gzYJpAwKaeBEiLsqLTK8JmTNIyGcRh55W52RV-AWRSV4Zq9nNOzy6kjU02mGYOYdSL_xuL5XuAuonnnm3ePjlJpB3ddpbFW9gxPipfcQEqp_r6ZS29HB-QMw_qUhHmw-1Pd030td8_wyir442A8z7q5HwX43WHs3D&amp;__tn__=*NK-R\">#muniportezueloinforma<\/a><\/span><\/strong><\/div>\n<div dir=\"auto\"><\/div>\n<div dir=\"auto\"><\/div>\t\t\t\t\t\t\t\t<\/div>\n\t\t\t\t<\/div>\n\t\t\t\t\t<\/div>\n\t\t\t\t<\/div>\n\t\t<div class=\"elementor-element elementor-element-d6c6a3b e-flex e-con-boxed e-con e-parent\" data-id=\"d6c6a3b\" data-element_type=\"container\" data-e-type=\"container\" data-settings=\"{&quot;tmea_shape_divider_top&quot;:&quot;none&quot;,&quot;tmea_shape_divider_bottom&quot;:&quot;none&quot;}\">\n\t\t\t\t\t<div class=\"e-con-inner\">\n\t\t\t\t<div class=\"elementor-element elementor-element-e2c76a2 elementor-widget elementor-widget-image\" data-id=\"e2c76a2\" data-element_type=\"widget\" data-e-type=\"widget\" data-widget_type=\"image.default\">\n\t\t\t\t<div class=\"elementor-widget-container\">\n\t\t\t\t\t\t\t\t\t\t\t\t\t\t\t<img fetchpriority=\"high\" decoding=\"async\" width=\"896\" height=\"1024\" src=\"https:\/\/mportezuelo.cl\/Inicio\/wp-content\/uploads\/2024\/06\/447693315_879013434262593_7192874944085005490_n-896x1024.jpg\" class=\"attachment-large size-large wp-image-4723\" alt=\"\" srcset=\"https:\/\/mportezuelo.cl\/Inicio\/wp-content\/uploads\/2024\/06\/447693315_879013434262593_7192874944085005490_n-896x1024.jpg 896w, https:\/\/mportezuelo.cl\/Inicio\/wp-content\/uploads\/2024\/06\/447693315_879013434262593_7192874944085005490_n-262x300.jpg 262w, https:\/\/mportezuelo.cl\/Inicio\/wp-content\/uploads\/2024\/06\/447693315_879013434262593_7192874944085005490_n-768x878.jpg 768w, https:\/\/mportezuelo.cl\/Inicio\/wp-content\/uploads\/2024\/06\/447693315_879013434262593_7192874944085005490_n-1343x1536.jpg 1343w, https:\/\/mportezuelo.cl\/Inicio\/wp-content\/uploads\/2024\/06\/447693315_879013434262593_7192874944085005490_n.jpg 1791w\" sizes=\"(max-width: 896px) 100vw, 896px\" \/>\t\t\t\t\t\t\t\t\t\t\t\t\t\t\t<\/div>\n\t\t\t\t<\/div>\n\t\t\t\t\t<\/div>\n\t\t\t\t<\/div>\n\t\t\t\t<\/div>\n\t\t","protected":false},"excerpt":{"rendered":"<p>Presentamos a Uds. el facs\u00edmil de voto de pr\u00f3ximas elecciones primarias de alcalde, actividad que se llevar\u00e1 a cabo en el Liceo Bicentenario Nibaldo Sep\u00falveda Fern\u00e1ndez. Es importante destacar que, para las elecciones primarias del 9 de junio, la participaci\u00f3n es totalmente voluntaria (indica el Servicio Electoral Servel). En este sentido, pueden votar todos los [&hellip;]<\/p>\n","protected":false},"author":1,"featured_media":4723,"comment_status":"open","ping_status":"open","sticky":false,"template":"","format":"standard","meta":{"_monsterinsights_skip_tracking":false,"_monsterinsights_sitenote_active":false,"_monsterinsights_sitenote_note":"","_monsterinsights_sitenote_category":0,"iawp_total_views":48,"footnotes":""},"categories":[1],"tags":[],"class_list":["post-4722","post","type-post","status-publish","format-standard","has-post-thumbnail","hentry","category-sin-categoria"],"aioseo_notices":[],"_links":{"self":[{"href":"https:\/\/mportezuelo.cl\/Inicio\/wp-json\/wp\/v2\/posts\/4722","targetHints":{"allow":["GET"]}}],"collection":[{"href":"https:\/\/mportezuelo.cl\/Inicio\/wp-json\/wp\/v2\/posts"}],"about":[{"href":"https:\/\/mportezuelo.cl\/Inicio\/wp-json\/wp\/v2\/types\/post"}],"author":[{"embeddable":true,"href":"https:\/\/mportezuelo.cl\/Inicio\/wp-json\/wp\/v2\/users\/1"}],"replies":[{"embeddable":true,"href":"https:\/\/mportezuelo.cl\/Inicio\/wp-json\/wp\/v2\/comments?post=4722"}],"version-history":[{"count":5,"href":"https:\/\/mportezuelo.cl\/Inicio\/wp-json\/wp\/v2\/posts\/4722\/revisions"}],"predecessor-version":[{"id":4733,"href":"https:\/\/mportezuelo.cl\/Inicio\/wp-json\/wp\/v2\/posts\/4722\/revisions\/4733"}],"wp:featuredmedia":[{"embeddable":true,"href":"https:\/\/mportezuelo.cl\/Inicio\/wp-json\/wp\/v2\/media\/4723"}],"wp:attachment":[{"href":"https:\/\/mportezuelo.cl\/Inicio\/wp-json\/wp\/v2\/media?parent=4722"}],"wp:term":[{"taxonomy":"category","embeddable":true,"href":"https:\/\/mportezuelo.cl\/Inicio\/wp-json\/wp\/v2\/categories?post=4722"},{"taxonomy":"post_tag","embeddable":true,"href":"https:\/\/mportezuelo.cl\/Inicio\/wp-json\/wp\/v2\/tags?post=4722"}],"curies":[{"name":"wp","href":"https:\/\/api.w.org\/{rel}","templated":true}]}}