{"id":4406,"date":"2024-05-28T18:18:56","date_gmt":"2024-05-28T21:18:56","guid":{"rendered":"https:\/\/mportezuelo.cl\/Inicio\/?p=4406"},"modified":"2024-05-28T18:33:23","modified_gmt":"2024-05-28T21:33:23","slug":"reunion-de-coordinacion-con-la-otec-ebrocap","status":"publish","type":"post","link":"https:\/\/mportezuelo.cl\/Inicio\/2024\/05\/28\/reunion-de-coordinacion-con-la-otec-ebrocap\/","title":{"rendered":"Reuni\u00f3n de coordinaci\u00f3n con la OTEC EBROCAP"},"content":{"rendered":"\t\t<div data-elementor-type=\"wp-post\" data-elementor-id=\"4406\" class=\"elementor elementor-4406\" data-elementor-post-type=\"post\">\n\t\t\t\t<div class=\"elementor-element elementor-element-e8d32e5 e-flex e-con-boxed e-con e-parent\" data-id=\"e8d32e5\" data-element_type=\"container\" data-e-type=\"container\" data-settings=\"{&quot;tmea_shape_divider_top&quot;:&quot;none&quot;,&quot;tmea_shape_divider_bottom&quot;:&quot;none&quot;}\">\n\t\t\t\t\t<div class=\"e-con-inner\">\n\t\t<div class=\"elementor-element elementor-element-f3dc9ad e-con-full e-flex e-con e-child\" data-id=\"f3dc9ad\" data-element_type=\"container\" data-e-type=\"container\" data-settings=\"{&quot;tmea_shape_divider_top&quot;:&quot;none&quot;,&quot;tmea_shape_divider_bottom&quot;:&quot;none&quot;}\">\n\t\t\t\t<div class=\"elementor-element elementor-element-520181d elementor-widget elementor-widget-image\" data-id=\"520181d\" data-element_type=\"widget\" data-e-type=\"widget\" data-widget_type=\"image.default\">\n\t\t\t\t<div class=\"elementor-widget-container\">\n\t\t\t\t\t\t\t\t\t\t\t\t\t\t\t<img fetchpriority=\"high\" decoding=\"async\" width=\"1024\" height=\"768\" src=\"https:\/\/mportezuelo.cl\/Inicio\/wp-content\/uploads\/2024\/05\/WhatsApp-Image-2024-05-28-at-17.10.05-1-1024x768.jpeg\" class=\"attachment-large size-large wp-image-4409\" alt=\"\" srcset=\"https:\/\/mportezuelo.cl\/Inicio\/wp-content\/uploads\/2024\/05\/WhatsApp-Image-2024-05-28-at-17.10.05-1-1024x768.jpeg 1024w, https:\/\/mportezuelo.cl\/Inicio\/wp-content\/uploads\/2024\/05\/WhatsApp-Image-2024-05-28-at-17.10.05-1-300x225.jpeg 300w, https:\/\/mportezuelo.cl\/Inicio\/wp-content\/uploads\/2024\/05\/WhatsApp-Image-2024-05-28-at-17.10.05-1-768x576.jpeg 768w, https:\/\/mportezuelo.cl\/Inicio\/wp-content\/uploads\/2024\/05\/WhatsApp-Image-2024-05-28-at-17.10.05-1-1536x1152.jpeg 1536w, https:\/\/mportezuelo.cl\/Inicio\/wp-content\/uploads\/2024\/05\/WhatsApp-Image-2024-05-28-at-17.10.05-1.jpeg 1600w\" sizes=\"(max-width: 1024px) 100vw, 1024px\" \/>\t\t\t\t\t\t\t\t\t\t\t\t\t\t\t<\/div>\n\t\t\t\t<\/div>\n\t\t\t\t<\/div>\n\t\t<div class=\"elementor-element elementor-element-845b6b3 e-con-full e-flex e-con e-child\" data-id=\"845b6b3\" data-element_type=\"container\" data-e-type=\"container\" data-settings=\"{&quot;tmea_shape_divider_top&quot;:&quot;none&quot;,&quot;tmea_shape_divider_bottom&quot;:&quot;none&quot;}\">\n\t\t\n\t\t<div class=\"elementor-element elementor-element-de98078 elementor-widget elementor-widget-text-editor\" data-id=\"de98078\" data-element_type=\"widget\" data-e-type=\"widget\" data-widget_type=\"text-editor.default\">\n\t\t\t\t<div class=\"elementor-widget-container\">\n\t\t\t\t\t\t\t\t\t<p><span style=\"color: #000000;\">Hoy martes 28 de mayo, usuarios de la oficina de OMIL de nuestra comuna participaron de una reuni\u00f3n de coordinaci\u00f3n con la OTEC EBROCAP, encargada de ejecutar el curso de Instalaci\u00f3n y mantenci\u00f3n de sistemas fotovoltaicos, curso adjudicado por OMIL a trav\u00e9s del Programa Becas Laborales de SENCE.<\/span><\/p><p><span style=\"color: #000000;\">Les deseamos el mayor de los \u00e9xitos a los alumnos en esta nueva ruta de aprendizaje.<\/span><\/p>\t\t\t\t\t\t\t\t<\/div>\n\t\t\t\t<\/div>\n\t\t\t\t<\/div>\n\t\t\t\t\t<\/div>\n\t\t\t\t<\/div>\n\t\t<div class=\"elementor-element elementor-element-878b4d9 e-flex e-con-boxed e-con e-parent\" data-id=\"878b4d9\" data-element_type=\"container\" data-e-type=\"container\" data-settings=\"{&quot;tmea_shape_divider_top&quot;:&quot;none&quot;,&quot;tmea_shape_divider_bottom&quot;:&quot;none&quot;}\">\n\t\t\t\t\t<div class=\"e-con-inner\">\n\t\t\t\t<div class=\"elementor-element elementor-element-5718784 elementor-widget elementor-widget-image\" data-id=\"5718784\" data-element_type=\"widget\" data-e-type=\"widget\" data-widget_type=\"image.default\">\n\t\t\t\t<div class=\"elementor-widget-container\">\n\t\t\t\t\t\t\t\t\t\t\t\t\t\t\t<img decoding=\"async\" width=\"1024\" height=\"768\" src=\"https:\/\/mportezuelo.cl\/Inicio\/wp-content\/uploads\/2024\/05\/WhatsApp-Image-2024-05-28-at-17.10.05-1024x768.jpeg\" class=\"attachment-large size-large wp-image-4410\" alt=\"\" srcset=\"https:\/\/mportezuelo.cl\/Inicio\/wp-content\/uploads\/2024\/05\/WhatsApp-Image-2024-05-28-at-17.10.05-1024x768.jpeg 1024w, https:\/\/mportezuelo.cl\/Inicio\/wp-content\/uploads\/2024\/05\/WhatsApp-Image-2024-05-28-at-17.10.05-300x225.jpeg 300w, https:\/\/mportezuelo.cl\/Inicio\/wp-content\/uploads\/2024\/05\/WhatsApp-Image-2024-05-28-at-17.10.05-768x576.jpeg 768w, https:\/\/mportezuelo.cl\/Inicio\/wp-content\/uploads\/2024\/05\/WhatsApp-Image-2024-05-28-at-17.10.05-1536x1152.jpeg 1536w, https:\/\/mportezuelo.cl\/Inicio\/wp-content\/uploads\/2024\/05\/WhatsApp-Image-2024-05-28-at-17.10.05.jpeg 1600w\" sizes=\"(max-width: 1024px) 100vw, 1024px\" \/>\t\t\t\t\t\t\t\t\t\t\t\t\t\t\t<\/div>\n\t\t\t\t<\/div>\n\t\t\t\t\t<\/div>\n\t\t\t\t<\/div>\n\t\t<div class=\"elementor-element elementor-element-620d4e5 e-flex e-con-boxed e-con e-parent\" data-id=\"620d4e5\" data-element_type=\"container\" data-e-type=\"container\" data-settings=\"{&quot;tmea_shape_divider_top&quot;:&quot;none&quot;,&quot;tmea_shape_divider_bottom&quot;:&quot;none&quot;}\">\n\t\t\t\t\t<div class=\"e-con-inner\">\n\t\t\t\t<div class=\"elementor-element elementor-element-3247ef3 elementor-widget elementor-widget-gallery\" data-id=\"3247ef3\" data-element_type=\"widget\" data-e-type=\"widget\" data-settings=\"{&quot;columns&quot;:3,&quot;aspect_ratio&quot;:&quot;16:9&quot;,&quot;lazyload&quot;:&quot;yes&quot;,&quot;gallery_layout&quot;:&quot;grid&quot;,&quot;columns_tablet&quot;:2,&quot;columns_mobile&quot;:1,&quot;gap&quot;:{&quot;unit&quot;:&quot;px&quot;,&quot;size&quot;:10,&quot;sizes&quot;:[]},&quot;gap_tablet&quot;:{&quot;unit&quot;:&quot;px&quot;,&quot;size&quot;:10,&quot;sizes&quot;:[]},&quot;gap_mobile&quot;:{&quot;unit&quot;:&quot;px&quot;,&quot;size&quot;:10,&quot;sizes&quot;:[]},&quot;link_to&quot;:&quot;file&quot;,&quot;overlay_background&quot;:&quot;yes&quot;,&quot;content_hover_animation&quot;:&quot;fade-in&quot;}\" data-widget_type=\"gallery.default\">\n\t\t\t\t<div class=\"elementor-widget-container\">\n\t\t\t\t\t\t\t<div class=\"elementor-gallery__container\">\n\t\t\t\t\t\t\t<a class=\"e-gallery-item elementor-gallery-item elementor-animated-content\" href=\"https:\/\/mportezuelo.cl\/Inicio\/wp-content\/uploads\/2024\/05\/WhatsApp-Image-2024-05-28-at-17.10.05.jpeg\" data-elementor-open-lightbox=\"yes\" data-elementor-lightbox-slideshow=\"3247ef3\" data-elementor-lightbox-title=\"Portezuelo\" data-e-action-hash=\"#elementor-action%3Aaction%3Dlightbox%26settings%3DeyJpZCI6NDQxMCwidXJsIjoiaHR0cHM6XC9cL21wb3J0ZXp1ZWxvLmNsXC9JbmljaW9cL3dwLWNvbnRlbnRcL3VwbG9hZHNcLzIwMjRcLzA1XC9XaGF0c0FwcC1JbWFnZS0yMDI0LTA1LTI4LWF0LTE3LjEwLjA1LmpwZWciLCJzbGlkZXNob3ciOiIzMjQ3ZWYzIn0%3D\">\n\t\t\t\t\t<div class=\"e-gallery-image elementor-gallery-item__image\" data-thumbnail=\"https:\/\/mportezuelo.cl\/Inicio\/wp-content\/uploads\/2024\/05\/WhatsApp-Image-2024-05-28-at-17.10.05-300x225.jpeg\" data-width=\"300\" data-height=\"225\" aria-label=\"\" role=\"img\" ><\/div>\n\t\t\t\t\t\t\t\t\t\t\t<div class=\"elementor-gallery-item__overlay\"><\/div>\n\t\t\t\t\t\t\t\t\t\t\t\t\t\t<\/a>\n\t\t\t\t\t\t\t<a class=\"e-gallery-item elementor-gallery-item elementor-animated-content\" href=\"https:\/\/mportezuelo.cl\/Inicio\/wp-content\/uploads\/2024\/05\/WhatsApp-Image-2024-05-28-at-17.10.05-1.jpeg\" data-elementor-open-lightbox=\"yes\" data-elementor-lightbox-slideshow=\"3247ef3\" data-elementor-lightbox-title=\"Portezuelo\" data-e-action-hash=\"#elementor-action%3Aaction%3Dlightbox%26settings%3DeyJpZCI6NDQwOSwidXJsIjoiaHR0cHM6XC9cL21wb3J0ZXp1ZWxvLmNsXC9JbmljaW9cL3dwLWNvbnRlbnRcL3VwbG9hZHNcLzIwMjRcLzA1XC9XaGF0c0FwcC1JbWFnZS0yMDI0LTA1LTI4LWF0LTE3LjEwLjA1LTEuanBlZyIsInNsaWRlc2hvdyI6IjMyNDdlZjMifQ%3D%3D\">\n\t\t\t\t\t<div class=\"e-gallery-image elementor-gallery-item__image\" data-thumbnail=\"https:\/\/mportezuelo.cl\/Inicio\/wp-content\/uploads\/2024\/05\/WhatsApp-Image-2024-05-28-at-17.10.05-1-300x225.jpeg\" data-width=\"300\" data-height=\"225\" aria-label=\"\" role=\"img\" ><\/div>\n\t\t\t\t\t\t\t\t\t\t\t<div class=\"elementor-gallery-item__overlay\"><\/div>\n\t\t\t\t\t\t\t\t\t\t\t\t\t\t<\/a>\n\t\t\t\t\t\t\t<a class=\"e-gallery-item elementor-gallery-item elementor-animated-content\" href=\"https:\/\/mportezuelo.cl\/Inicio\/wp-content\/uploads\/2024\/05\/WhatsApp-Image-2024-05-28-at-17.10.06.jpeg\" data-elementor-open-lightbox=\"yes\" data-elementor-lightbox-slideshow=\"3247ef3\" data-elementor-lightbox-title=\"Portezuelo\" data-e-action-hash=\"#elementor-action%3Aaction%3Dlightbox%26settings%3DeyJpZCI6NDQwOCwidXJsIjoiaHR0cHM6XC9cL21wb3J0ZXp1ZWxvLmNsXC9JbmljaW9cL3dwLWNvbnRlbnRcL3VwbG9hZHNcLzIwMjRcLzA1XC9XaGF0c0FwcC1JbWFnZS0yMDI0LTA1LTI4LWF0LTE3LjEwLjA2LmpwZWciLCJzbGlkZXNob3ciOiIzMjQ3ZWYzIn0%3D\">\n\t\t\t\t\t<div class=\"e-gallery-image elementor-gallery-item__image\" data-thumbnail=\"https:\/\/mportezuelo.cl\/Inicio\/wp-content\/uploads\/2024\/05\/WhatsApp-Image-2024-05-28-at-17.10.06-300x225.jpeg\" data-width=\"300\" data-height=\"225\" aria-label=\"\" role=\"img\" ><\/div>\n\t\t\t\t\t\t\t\t\t\t\t<div class=\"elementor-gallery-item__overlay\"><\/div>\n\t\t\t\t\t\t\t\t\t\t\t\t\t\t<\/a>\n\t\t\t\t\t<\/div>\n\t\t\t\t\t<\/div>\n\t\t\t\t<\/div>\n\t\t\t\t\t<\/div>\n\t\t\t\t<\/div>\n\t\t\t\t<\/div>\n\t\t","protected":false},"excerpt":{"rendered":"<p>Hoy martes 28 de mayo, usuarios de la oficina de OMIL de nuestra comuna participaron de una reuni\u00f3n de coordinaci\u00f3n con la OTEC EBROCAP, encargada de ejecutar el curso de Instalaci\u00f3n y mantenci\u00f3n de sistemas fotovoltaicos, curso adjudicado por OMIL a trav\u00e9s del Programa Becas Laborales de SENCE. Les deseamos el mayor de los \u00e9xitos [&hellip;]<\/p>\n","protected":false},"author":1,"featured_media":4408,"comment_status":"open","ping_status":"open","sticky":false,"template":"","format":"standard","meta":{"_monsterinsights_skip_tracking":false,"_monsterinsights_sitenote_active":false,"_monsterinsights_sitenote_note":"","_monsterinsights_sitenote_category":0,"iawp_total_views":3,"footnotes":""},"categories":[39],"tags":[],"class_list":["post-4406","post","type-post","status-publish","format-standard","has-post-thumbnail","hentry","category-dideco"],"aioseo_notices":[],"_links":{"self":[{"href":"https:\/\/mportezuelo.cl\/Inicio\/wp-json\/wp\/v2\/posts\/4406","targetHints":{"allow":["GET"]}}],"collection":[{"href":"https:\/\/mportezuelo.cl\/Inicio\/wp-json\/wp\/v2\/posts"}],"about":[{"href":"https:\/\/mportezuelo.cl\/Inicio\/wp-json\/wp\/v2\/types\/post"}],"author":[{"embeddable":true,"href":"https:\/\/mportezuelo.cl\/Inicio\/wp-json\/wp\/v2\/users\/1"}],"replies":[{"embeddable":true,"href":"https:\/\/mportezuelo.cl\/Inicio\/wp-json\/wp\/v2\/comments?post=4406"}],"version-history":[{"count":13,"href":"https:\/\/mportezuelo.cl\/Inicio\/wp-json\/wp\/v2\/posts\/4406\/revisions"}],"predecessor-version":[{"id":4428,"href":"https:\/\/mportezuelo.cl\/Inicio\/wp-json\/wp\/v2\/posts\/4406\/revisions\/4428"}],"wp:featuredmedia":[{"embeddable":true,"href":"https:\/\/mportezuelo.cl\/Inicio\/wp-json\/wp\/v2\/media\/4408"}],"wp:attachment":[{"href":"https:\/\/mportezuelo.cl\/Inicio\/wp-json\/wp\/v2\/media?parent=4406"}],"wp:term":[{"taxonomy":"category","embeddable":true,"href":"https:\/\/mportezuelo.cl\/Inicio\/wp-json\/wp\/v2\/categories?post=4406"},{"taxonomy":"post_tag","embeddable":true,"href":"https:\/\/mportezuelo.cl\/Inicio\/wp-json\/wp\/v2\/tags?post=4406"}],"curies":[{"name":"wp","href":"https:\/\/api.w.org\/{rel}","templated":true}]}}