{"id":4228,"date":"2024-05-23T10:19:48","date_gmt":"2024-05-23T13:19:48","guid":{"rendered":"https:\/\/mportezuelo.cl\/Inicio\/?p=4228"},"modified":"2024-05-24T10:21:35","modified_gmt":"2024-05-24T13:21:35","slug":"centro-comunitario-de-cuidados-y-proteccion","status":"publish","type":"post","link":"https:\/\/mportezuelo.cl\/Inicio\/2024\/05\/23\/centro-comunitario-de-cuidados-y-proteccion\/","title":{"rendered":"Centro Comunitario de Cuidados y Protecci\u00f3n"},"content":{"rendered":"<div dir=\"auto\"><span style=\"color: #000000;\">En horas de esta ma\u00f1ana se llevo a cabo un conversatorio por parte de los adherentes del proyecto \u201cCentro Comunitario de Cuidados y Protecci\u00f3n\u201d, autoridades a nivel regional; <strong>@antoniomarchant<\/strong> seremi de vivienda y urbanismo, <strong>@robertograndon<\/strong> director Serviu \u00d1uble, alcalde <strong>@reneschuffeneger<\/strong>, profesionales de la Egis municipal y comunidad en general.<\/span><\/div>\n<div dir=\"auto\"><span style=\"color: #000000;\">La instancia permiti\u00f3 presentar el desarrollo de la obra, primera en la regi\u00f3n, cuya ejecuci\u00f3n indica un 65% de avance.<\/span><\/div>\n<div dir=\"auto\"><strong><span style=\"color: #000000;\">@serviu\u00f1uble @seremiviviendayurbanismo<\/span><\/strong><\/div>\n<div dir=\"auto\"><strong><span class=\"html-span xdj266r x11i5rnm xat24cr x1mh8g0r xexx8yu x4uap5 x18d9i69 xkhd6sd x1hl2dhg x16tdsg8 x1vvkbs\" style=\"color: #000000;\"><a class=\"x1i10hfl xjbqb8w x1ejq31n xd10rxx x1sy0etr x17r0tee x972fbf xcfux6l x1qhh985 xm0m39n x9f619 x1ypdohk xt0psk2 xe8uvvx xdj266r x11i5rnm xat24cr x1mh8g0r xexx8yu x4uap5 x18d9i69 xkhd6sd x16tdsg8 x1hl2dhg xggy1nq x1a2a7pz x1sur9pj xkrqix3 x1fey0fg xo1l8bm\" style=\"color: #000000;\" tabindex=\"0\" role=\"link\" href=\"https:\/\/www.facebook.com\/hashtag\/muniportezueloinforma?__eep__=6&amp;__cft__[0]=AZUJrqe1CkviU4rV5G7S6g5krhwE49at0__rSyVc6sZSJmKTr9_B_ufD0Ong4gtxBzICTssZo49WqH5CAZ0a7pJGR0W0kX5Dl7WTAmYHtv0PH5r8-EPICVvpwhNc5dCB7nRhpIehjViPf6AICrV3OJZ4UXuqF_UMWJphrdBXKhn7GsT6imhMg1pwoKbVkT7QKDHnlp5E4VMnkALKXll4Kb45&amp;__tn__=*NK-R\">#muniportezueloinforma<\/a><\/span><\/strong><\/div>\n<div dir=\"auto\"><img fetchpriority=\"high\" decoding=\"async\" class=\"alignnone wp-image-4229\" src=\"https:\/\/mportezuelo.cl\/Inicio\/wp-content\/uploads\/2024\/05\/441526083_872377978259472_5739725996441414124_n.jpg\" alt=\"\" width=\"400\" height=\"225\" srcset=\"https:\/\/mportezuelo.cl\/Inicio\/wp-content\/uploads\/2024\/05\/441526083_872377978259472_5739725996441414124_n.jpg 2048w, https:\/\/mportezuelo.cl\/Inicio\/wp-content\/uploads\/2024\/05\/441526083_872377978259472_5739725996441414124_n-300x169.jpg 300w, https:\/\/mportezuelo.cl\/Inicio\/wp-content\/uploads\/2024\/05\/441526083_872377978259472_5739725996441414124_n-1024x576.jpg 1024w, https:\/\/mportezuelo.cl\/Inicio\/wp-content\/uploads\/2024\/05\/441526083_872377978259472_5739725996441414124_n-768x432.jpg 768w, https:\/\/mportezuelo.cl\/Inicio\/wp-content\/uploads\/2024\/05\/441526083_872377978259472_5739725996441414124_n-1536x864.jpg 1536w, https:\/\/mportezuelo.cl\/Inicio\/wp-content\/uploads\/2024\/05\/441526083_872377978259472_5739725996441414124_n-820x461.jpg 820w, https:\/\/mportezuelo.cl\/Inicio\/wp-content\/uploads\/2024\/05\/441526083_872377978259472_5739725996441414124_n-1170x658.jpg 1170w, https:\/\/mportezuelo.cl\/Inicio\/wp-content\/uploads\/2024\/05\/441526083_872377978259472_5739725996441414124_n-177x100.jpg 177w\" sizes=\"(max-width: 400px) 100vw, 400px\" \/> <img decoding=\"async\" class=\"alignnone wp-image-4231\" src=\"https:\/\/mportezuelo.cl\/Inicio\/wp-content\/uploads\/2024\/05\/441639188_872377931592810_2053251986359469602_n.jpg\" alt=\"\" width=\"400\" height=\"225\" srcset=\"https:\/\/mportezuelo.cl\/Inicio\/wp-content\/uploads\/2024\/05\/441639188_872377931592810_2053251986359469602_n.jpg 2048w, https:\/\/mportezuelo.cl\/Inicio\/wp-content\/uploads\/2024\/05\/441639188_872377931592810_2053251986359469602_n-300x169.jpg 300w, https:\/\/mportezuelo.cl\/Inicio\/wp-content\/uploads\/2024\/05\/441639188_872377931592810_2053251986359469602_n-1024x576.jpg 1024w, https:\/\/mportezuelo.cl\/Inicio\/wp-content\/uploads\/2024\/05\/441639188_872377931592810_2053251986359469602_n-768x432.jpg 768w, https:\/\/mportezuelo.cl\/Inicio\/wp-content\/uploads\/2024\/05\/441639188_872377931592810_2053251986359469602_n-1536x864.jpg 1536w, https:\/\/mportezuelo.cl\/Inicio\/wp-content\/uploads\/2024\/05\/441639188_872377931592810_2053251986359469602_n-820x461.jpg 820w, https:\/\/mportezuelo.cl\/Inicio\/wp-content\/uploads\/2024\/05\/441639188_872377931592810_2053251986359469602_n-1170x658.jpg 1170w, https:\/\/mportezuelo.cl\/Inicio\/wp-content\/uploads\/2024\/05\/441639188_872377931592810_2053251986359469602_n-177x100.jpg 177w\" sizes=\"(max-width: 400px) 100vw, 400px\" \/><\/div>\n","protected":false},"excerpt":{"rendered":"<p>En horas de esta ma\u00f1ana se llevo a cabo un conversatorio por parte de los adherentes del proyecto \u201cCentro Comunitario de Cuidados y Protecci\u00f3n\u201d, autoridades a nivel regional; @antoniomarchant seremi de vivienda y urbanismo, @robertograndon director Serviu \u00d1uble, alcalde @reneschuffeneger, profesionales de la Egis municipal y comunidad en general. La instancia permiti\u00f3 presentar el desarrollo [&hellip;]<\/p>\n","protected":false},"author":1,"featured_media":4230,"comment_status":"open","ping_status":"open","sticky":false,"template":"","format":"standard","meta":{"_monsterinsights_skip_tracking":false,"_monsterinsights_sitenote_active":false,"_monsterinsights_sitenote_note":"","_monsterinsights_sitenote_category":0,"iawp_total_views":36,"footnotes":""},"categories":[1],"tags":[],"class_list":["post-4228","post","type-post","status-publish","format-standard","has-post-thumbnail","hentry","category-sin-categoria"],"aioseo_notices":[],"_links":{"self":[{"href":"https:\/\/mportezuelo.cl\/Inicio\/wp-json\/wp\/v2\/posts\/4228","targetHints":{"allow":["GET"]}}],"collection":[{"href":"https:\/\/mportezuelo.cl\/Inicio\/wp-json\/wp\/v2\/posts"}],"about":[{"href":"https:\/\/mportezuelo.cl\/Inicio\/wp-json\/wp\/v2\/types\/post"}],"author":[{"embeddable":true,"href":"https:\/\/mportezuelo.cl\/Inicio\/wp-json\/wp\/v2\/users\/1"}],"replies":[{"embeddable":true,"href":"https:\/\/mportezuelo.cl\/Inicio\/wp-json\/wp\/v2\/comments?post=4228"}],"version-history":[{"count":1,"href":"https:\/\/mportezuelo.cl\/Inicio\/wp-json\/wp\/v2\/posts\/4228\/revisions"}],"predecessor-version":[{"id":4232,"href":"https:\/\/mportezuelo.cl\/Inicio\/wp-json\/wp\/v2\/posts\/4228\/revisions\/4232"}],"wp:featuredmedia":[{"embeddable":true,"href":"https:\/\/mportezuelo.cl\/Inicio\/wp-json\/wp\/v2\/media\/4230"}],"wp:attachment":[{"href":"https:\/\/mportezuelo.cl\/Inicio\/wp-json\/wp\/v2\/media?parent=4228"}],"wp:term":[{"taxonomy":"category","embeddable":true,"href":"https:\/\/mportezuelo.cl\/Inicio\/wp-json\/wp\/v2\/categories?post=4228"},{"taxonomy":"post_tag","embeddable":true,"href":"https:\/\/mportezuelo.cl\/Inicio\/wp-json\/wp\/v2\/tags?post=4228"}],"curies":[{"name":"wp","href":"https:\/\/api.w.org\/{rel}","templated":true}]}}