{"id":4201,"date":"2024-05-22T15:33:21","date_gmt":"2024-05-22T18:33:21","guid":{"rendered":"https:\/\/mportezuelo.cl\/Inicio\/?p=4201"},"modified":"2024-05-23T15:41:54","modified_gmt":"2024-05-23T18:41:54","slug":"obra-teatro-elemental-de-chile","status":"publish","type":"post","link":"https:\/\/mportezuelo.cl\/Inicio\/2024\/05\/22\/obra-teatro-elemental-de-chile\/","title":{"rendered":"Obra Teatro Elemental de Chile"},"content":{"rendered":"<p><span style=\"color: #000000;\">Te invitamos a la funci\u00f3n de la obra \u201cEl canto de Rosa Tonada y su irresistible esp\u00edritu de lucha\u201d del Teatro Elemental de Chile, este 23 de mayo a las 11.00 horas en el Gimnasio Municipal de Portezuelo.<\/span><br class=\"html-br\" \/><span style=\"color: #000000;\">Esta conmovedora obra teatral narra la historia de Ram\u00f3n Tijer\u00f3n, un hombre cuyo mundo se desmorona despu\u00e9s de un accidente laboral que lo deja sin trabajo y sin sustento para su familia. Pero es su hija, Rosa Tonada, quien emerge como una figura inspiradora de perseverancia y justicia.<\/span><br class=\"html-br\" \/><strong><span style=\"color: #000000;\">ENTRADA LIBERADA<\/span><\/strong><br class=\"html-br\" \/><span style=\"color: #000000;\">La iniciativa es gestionada por la Corporaci\u00f3n Cultural Municipal de Chill\u00e1n y la Oficina de Cultura y Asuntos Juveniles de la comuna de Portezuelo. Adem\u00e1s es financiada por\u00a0<span class=\"html-span xdj266r x11i5rnm xat24cr x1mh8g0r xexx8yu x4uap5 x18d9i69 xkhd6sd x1hl2dhg x16tdsg8 x1vvkbs\"><a class=\"x1i10hfl xjbqb8w x1ejq31n xd10rxx x1sy0etr x17r0tee x972fbf xcfux6l x1qhh985 xm0m39n x9f619 x1ypdohk xt0psk2 xe8uvvx xdj266r x11i5rnm xat24cr x1mh8g0r xexx8yu x4uap5 x18d9i69 xkhd6sd x16tdsg8 x1hl2dhg xggy1nq x1a2a7pz x1sur9pj xkrqix3 x1fey0fg\" style=\"color: #000000;\" tabindex=\"0\" role=\"link\" href=\"https:\/\/www.instagram.com\/_u\/culturas_cl\" target=\"_blank\" rel=\"nofollow noopener noreferrer\"><strong>@culturas_cl<\/strong><\/a><\/span><strong>\u00a0<\/strong>a trav\u00e9s del Programa de Apoyo a Organizaciones Culturales Colaboradoras (PAOCC).<\/span><\/p>\n<p><img fetchpriority=\"high\" decoding=\"async\" class=\"alignnone wp-image-4202\" src=\"https:\/\/mportezuelo.cl\/Inicio\/wp-content\/uploads\/2024\/05\/441527466_18064647574552831_4382230292992884148_n.jpg\" alt=\"\" width=\"499\" height=\"624\" srcset=\"https:\/\/mportezuelo.cl\/Inicio\/wp-content\/uploads\/2024\/05\/441527466_18064647574552831_4382230292992884148_n.jpg 1440w, https:\/\/mportezuelo.cl\/Inicio\/wp-content\/uploads\/2024\/05\/441527466_18064647574552831_4382230292992884148_n-240x300.jpg 240w, https:\/\/mportezuelo.cl\/Inicio\/wp-content\/uploads\/2024\/05\/441527466_18064647574552831_4382230292992884148_n-819x1024.jpg 819w, https:\/\/mportezuelo.cl\/Inicio\/wp-content\/uploads\/2024\/05\/441527466_18064647574552831_4382230292992884148_n-768x960.jpg 768w, https:\/\/mportezuelo.cl\/Inicio\/wp-content\/uploads\/2024\/05\/441527466_18064647574552831_4382230292992884148_n-1229x1536.jpg 1229w\" sizes=\"(max-width: 499px) 100vw, 499px\" \/><\/p>\n","protected":false},"excerpt":{"rendered":"<p>Te invitamos a la funci\u00f3n de la obra \u201cEl canto de Rosa Tonada y su irresistible esp\u00edritu de lucha\u201d del Teatro Elemental de Chile, este 23 de mayo a las 11.00 horas en el Gimnasio Municipal de Portezuelo.Esta conmovedora obra teatral narra la historia de Ram\u00f3n Tijer\u00f3n, un hombre cuyo mundo se desmorona despu\u00e9s de [&hellip;]<\/p>\n","protected":false},"author":1,"featured_media":4202,"comment_status":"open","ping_status":"open","sticky":false,"template":"","format":"standard","meta":{"_monsterinsights_skip_tracking":false,"_monsterinsights_sitenote_active":false,"_monsterinsights_sitenote_note":"","_monsterinsights_sitenote_category":0,"iawp_total_views":1,"footnotes":""},"categories":[1],"tags":[],"class_list":["post-4201","post","type-post","status-publish","format-standard","has-post-thumbnail","hentry","category-sin-categoria"],"aioseo_notices":[],"_links":{"self":[{"href":"https:\/\/mportezuelo.cl\/Inicio\/wp-json\/wp\/v2\/posts\/4201","targetHints":{"allow":["GET"]}}],"collection":[{"href":"https:\/\/mportezuelo.cl\/Inicio\/wp-json\/wp\/v2\/posts"}],"about":[{"href":"https:\/\/mportezuelo.cl\/Inicio\/wp-json\/wp\/v2\/types\/post"}],"author":[{"embeddable":true,"href":"https:\/\/mportezuelo.cl\/Inicio\/wp-json\/wp\/v2\/users\/1"}],"replies":[{"embeddable":true,"href":"https:\/\/mportezuelo.cl\/Inicio\/wp-json\/wp\/v2\/comments?post=4201"}],"version-history":[{"count":1,"href":"https:\/\/mportezuelo.cl\/Inicio\/wp-json\/wp\/v2\/posts\/4201\/revisions"}],"predecessor-version":[{"id":4203,"href":"https:\/\/mportezuelo.cl\/Inicio\/wp-json\/wp\/v2\/posts\/4201\/revisions\/4203"}],"wp:featuredmedia":[{"embeddable":true,"href":"https:\/\/mportezuelo.cl\/Inicio\/wp-json\/wp\/v2\/media\/4202"}],"wp:attachment":[{"href":"https:\/\/mportezuelo.cl\/Inicio\/wp-json\/wp\/v2\/media?parent=4201"}],"wp:term":[{"taxonomy":"category","embeddable":true,"href":"https:\/\/mportezuelo.cl\/Inicio\/wp-json\/wp\/v2\/categories?post=4201"},{"taxonomy":"post_tag","embeddable":true,"href":"https:\/\/mportezuelo.cl\/Inicio\/wp-json\/wp\/v2\/tags?post=4201"}],"curies":[{"name":"wp","href":"https:\/\/api.w.org\/{rel}","templated":true}]}}