{"id":11029,"date":"2026-06-02T17:49:44","date_gmt":"2026-06-02T20:49:44","guid":{"rendered":"https:\/\/mportezuelo.cl\/Inicio\/?p=11029"},"modified":"2026-06-02T17:52:01","modified_gmt":"2026-06-02T20:52:01","slug":"portezuelo-celebra-el-primer-ano-de-su-centro-comunitario-de-cuidados-y-renueva-su-compromiso-con-las-personas-cuidadoras","status":"publish","type":"post","link":"https:\/\/mportezuelo.cl\/Inicio\/2026\/06\/02\/portezuelo-celebra-el-primer-ano-de-su-centro-comunitario-de-cuidados-y-renueva-su-compromiso-con-las-personas-cuidadoras\/","title":{"rendered":"Portezuelo celebra el primer a\u00f1o de su Centro Comunitario de Cuidados y renueva su compromiso con las personas cuidadoras"},"content":{"rendered":"\t\t<div data-elementor-type=\"wp-post\" data-elementor-id=\"11029\" class=\"elementor elementor-11029\" data-elementor-post-type=\"post\">\n\t\t\t\t<div class=\"elementor-element elementor-element-ee5b639 e-flex e-con-boxed e-con e-parent\" data-id=\"ee5b639\" data-element_type=\"container\" data-e-type=\"container\" data-settings=\"{&quot;tmea_shape_divider_top&quot;:&quot;none&quot;,&quot;tmea_shape_divider_bottom&quot;:&quot;none&quot;}\">\n\t\t\t\t\t<div class=\"e-con-inner\">\n\t\t\t\t<div class=\"elementor-element elementor-element-7f2b30b elementor-widget elementor-widget-image\" data-id=\"7f2b30b\" data-element_type=\"widget\" data-e-type=\"widget\" data-widget_type=\"image.default\">\n\t\t\t\t<div class=\"elementor-widget-container\">\n\t\t\t\t\t\t\t\t\t\t\t\t\t\t\t<img fetchpriority=\"high\" decoding=\"async\" width=\"1024\" height=\"768\" src=\"https:\/\/mportezuelo.cl\/Inicio\/wp-content\/uploads\/2026\/06\/IMG_2791-1024x768.jpg\" class=\"attachment-large size-large wp-image-11031\" alt=\"\" srcset=\"https:\/\/mportezuelo.cl\/Inicio\/wp-content\/uploads\/2026\/06\/IMG_2791-1024x768.jpg 1024w, https:\/\/mportezuelo.cl\/Inicio\/wp-content\/uploads\/2026\/06\/IMG_2791-300x225.jpg 300w, https:\/\/mportezuelo.cl\/Inicio\/wp-content\/uploads\/2026\/06\/IMG_2791-768x576.jpg 768w, https:\/\/mportezuelo.cl\/Inicio\/wp-content\/uploads\/2026\/06\/IMG_2791-1536x1152.jpg 1536w, https:\/\/mportezuelo.cl\/Inicio\/wp-content\/uploads\/2026\/06\/IMG_2791-2048x1536.jpg 2048w\" sizes=\"(max-width: 1024px) 100vw, 1024px\" \/>\t\t\t\t\t\t\t\t\t\t\t\t\t\t\t<\/div>\n\t\t\t\t<\/div>\n\t\t\t\t\t<\/div>\n\t\t\t\t<\/div>\n\t\t<div class=\"elementor-element elementor-element-9b5641e e-flex e-con-boxed e-con e-parent\" data-id=\"9b5641e\" data-element_type=\"container\" data-e-type=\"container\" data-settings=\"{&quot;tmea_shape_divider_top&quot;:&quot;none&quot;,&quot;tmea_shape_divider_bottom&quot;:&quot;none&quot;}\">\n\t\t\t\t\t<div class=\"e-con-inner\">\n\t\t\n\t\t<div class=\"elementor-element elementor-element-d9b3872 elementor-widget elementor-widget-text-editor\" data-id=\"d9b3872\" data-element_type=\"widget\" data-e-type=\"widget\" data-widget_type=\"text-editor.default\">\n\t\t\t\t<div class=\"elementor-widget-container\">\n\t\t\t\t\t\t\t\t\t<p data-path-to-node=\"3\"><b data-path-to-node=\"3\" data-index-in-node=\"0\">La comuna conmemor\u00f3 el hito de inicio y cierre de convenio de este espacio, consolidando una red de apoyo m\u00e1s humana, solidaria y conectada con la comunidad.<\/b><\/p><p data-path-to-node=\"5\">El Centro Comunitario de Cuidados de Portezuelo vivi\u00f3 una jornada cargada de emoci\u00f3n, reconocimiento y participaci\u00f3n comunitaria al celebrar la ceremonia <b data-path-to-node=\"5\" data-index-in-node=\"154\">\u201cUn A\u00f1o Cuidando en Comunidad\u201d<\/b>. La instancia no solo permiti\u00f3 conmemorar el primer aniversario de este espacio fundamental para la comuna, sino que tambi\u00e9n marc\u00f3 un importante hito de transici\u00f3n: el cierre del convenio anterior y el inicio de un nuevo periodo de intervenci\u00f3n.<\/p><p data-path-to-node=\"5\">Este espacio se ha transformado en un pilar esencial de acompa\u00f1amiento y apoyo integral para las personas cuidadoras de Portezuelo y sus familias, relevando una labor que muchas veces es invisible pero resulta vital para el tejido social.<\/p>\t\t\t\t\t\t\t\t<\/div>\n\t\t\t\t<\/div>\n\t\t\t\t\t<\/div>\n\t\t\t\t<\/div>\n\t\t<div class=\"elementor-element elementor-element-44f53ca e-flex e-con-boxed e-con e-parent\" data-id=\"44f53ca\" data-element_type=\"container\" data-e-type=\"container\" data-settings=\"{&quot;tmea_shape_divider_top&quot;:&quot;none&quot;,&quot;tmea_shape_divider_bottom&quot;:&quot;none&quot;}\">\n\t\t\t\t\t<div class=\"e-con-inner\">\n\t\t<div class=\"elementor-element elementor-element-a174a84 e-con-full e-flex e-con e-child\" data-id=\"a174a84\" data-element_type=\"container\" data-e-type=\"container\" data-settings=\"{&quot;tmea_shape_divider_top&quot;:&quot;none&quot;,&quot;tmea_shape_divider_bottom&quot;:&quot;none&quot;}\">\n\t\t\t\t<div class=\"elementor-element elementor-element-a9aef4c elementor-widget elementor-widget-image\" data-id=\"a9aef4c\" data-element_type=\"widget\" data-e-type=\"widget\" data-widget_type=\"image.default\">\n\t\t\t\t<div class=\"elementor-widget-container\">\n\t\t\t\t\t\t\t\t\t\t\t\t\t\t\t<img decoding=\"async\" width=\"1024\" height=\"740\" src=\"https:\/\/mportezuelo.cl\/Inicio\/wp-content\/uploads\/2026\/06\/IMG_2771-1024x740.jpg\" class=\"attachment-large size-large wp-image-11033\" alt=\"\" srcset=\"https:\/\/mportezuelo.cl\/Inicio\/wp-content\/uploads\/2026\/06\/IMG_2771-1024x740.jpg 1024w, https:\/\/mportezuelo.cl\/Inicio\/wp-content\/uploads\/2026\/06\/IMG_2771-300x217.jpg 300w, https:\/\/mportezuelo.cl\/Inicio\/wp-content\/uploads\/2026\/06\/IMG_2771-768x555.jpg 768w, https:\/\/mportezuelo.cl\/Inicio\/wp-content\/uploads\/2026\/06\/IMG_2771-1536x1110.jpg 1536w, https:\/\/mportezuelo.cl\/Inicio\/wp-content\/uploads\/2026\/06\/IMG_2771-2048x1479.jpg 2048w\" sizes=\"(max-width: 1024px) 100vw, 1024px\" \/>\t\t\t\t\t\t\t\t\t\t\t\t\t\t\t<\/div>\n\t\t\t\t<\/div>\n\t\t\t\t<\/div>\n\t\t<div class=\"elementor-element elementor-element-6ac3bfe e-con-full e-flex e-con e-child\" data-id=\"6ac3bfe\" data-element_type=\"container\" data-e-type=\"container\" data-settings=\"{&quot;tmea_shape_divider_top&quot;:&quot;none&quot;,&quot;tmea_shape_divider_bottom&quot;:&quot;none&quot;}\">\n\t\t\t\t<div class=\"elementor-element elementor-element-bd37dbf elementor-widget elementor-widget-text-editor\" data-id=\"bd37dbf\" data-element_type=\"widget\" data-e-type=\"widget\" data-widget_type=\"text-editor.default\">\n\t\t\t\t<div class=\"elementor-widget-container\">\n\t\t\t\t\t\t\t\t\t<h3 data-path-to-node=\"7\">Autoridades y comunidad unidas por el cuidado<\/h3><p data-path-to-node=\"8\">La actividad cont\u00f3 con la presencia de la m\u00e1xima autoridad comunal, el alcalde <b data-path-to-node=\"8\" data-index-in-node=\"79\">Juan Carlos Ram\u00edrez<\/b>, acompa\u00f1ado por los integrantes del <b data-path-to-node=\"8\" data-index-in-node=\"135\">Honorable Concejo Municipal<\/b>, y el Seremi de Desarrollo Social y Familia, <b data-path-to-node=\"8\" data-index-in-node=\"208\">Alan Ib\u00e1\u00f1ez<\/b>.<\/p><p data-path-to-node=\"9\">Las autoridades coincidieron en la importancia de seguir fortaleciendo el trabajo articulado entre la red local y los propios vecinos, garantizando la continuidad de pol\u00edticas p\u00fablicas que pongan en el centro la dignidad de quienes cuidan.<\/p><blockquote data-path-to-node=\"10\"><p data-path-to-node=\"10,0\"><b data-path-to-node=\"10,0\" data-index-in-node=\"0\">&#8220;Seguimos avanzando en una comuna m\u00e1s humana, solidaria y comprometida con el cuidado de quienes cuidan.&#8221;<\/b> \u2014 <i data-path-to-node=\"10,0\" data-index-in-node=\"108\">Enfoque municipal de Portezuelo.<\/i><\/p><\/blockquote>\t\t\t\t\t\t\t\t<\/div>\n\t\t\t\t<\/div>\n\t\t\t\t<\/div>\n\t\t\t\t\t<\/div>\n\t\t\t\t<\/div>\n\t\t<div class=\"elementor-element elementor-element-a0957e6 e-flex e-con-boxed e-con e-parent\" data-id=\"a0957e6\" data-element_type=\"container\" data-e-type=\"container\" data-settings=\"{&quot;tmea_shape_divider_top&quot;:&quot;none&quot;,&quot;tmea_shape_divider_bottom&quot;:&quot;none&quot;}\">\n\t\t\t\t\t<div class=\"e-con-inner\">\n\t\t<div class=\"elementor-element elementor-element-ee31c0a e-con-full e-flex e-con e-child\" data-id=\"ee31c0a\" data-element_type=\"container\" data-e-type=\"container\" data-settings=\"{&quot;tmea_shape_divider_top&quot;:&quot;none&quot;,&quot;tmea_shape_divider_bottom&quot;:&quot;none&quot;}\">\n\t\t\t\t<div class=\"elementor-element elementor-element-39cca53 elementor-widget elementor-widget-image\" data-id=\"39cca53\" data-element_type=\"widget\" data-e-type=\"widget\" data-widget_type=\"image.default\">\n\t\t\t\t<div class=\"elementor-widget-container\">\n\t\t\t\t\t\t\t\t\t\t\t\t\t\t\t<img decoding=\"async\" width=\"1024\" height=\"768\" src=\"https:\/\/mportezuelo.cl\/Inicio\/wp-content\/uploads\/2026\/06\/IMG_2786-1024x768.jpg\" class=\"attachment-large size-large wp-image-11034\" alt=\"\" srcset=\"https:\/\/mportezuelo.cl\/Inicio\/wp-content\/uploads\/2026\/06\/IMG_2786-1024x768.jpg 1024w, https:\/\/mportezuelo.cl\/Inicio\/wp-content\/uploads\/2026\/06\/IMG_2786-300x225.jpg 300w, https:\/\/mportezuelo.cl\/Inicio\/wp-content\/uploads\/2026\/06\/IMG_2786-768x576.jpg 768w, https:\/\/mportezuelo.cl\/Inicio\/wp-content\/uploads\/2026\/06\/IMG_2786-1536x1152.jpg 1536w, https:\/\/mportezuelo.cl\/Inicio\/wp-content\/uploads\/2026\/06\/IMG_2786-2048x1536.jpg 2048w\" sizes=\"(max-width: 1024px) 100vw, 1024px\" \/>\t\t\t\t\t\t\t\t\t\t\t\t\t\t\t<\/div>\n\t\t\t\t<\/div>\n\t\t\t\t<\/div>\n\t\t<div class=\"elementor-element elementor-element-1b1b21a e-con-full e-flex e-con e-child\" data-id=\"1b1b21a\" data-element_type=\"container\" data-e-type=\"container\" data-settings=\"{&quot;tmea_shape_divider_top&quot;:&quot;none&quot;,&quot;tmea_shape_divider_bottom&quot;:&quot;none&quot;}\">\n\t\t\t\t<div class=\"elementor-element elementor-element-660102a elementor-widget elementor-widget-text-editor\" data-id=\"660102a\" data-element_type=\"widget\" data-e-type=\"widget\" data-widget_type=\"text-editor.default\">\n\t\t\t\t<div class=\"elementor-widget-container\">\n\t\t\t\t\t\t\t\t\t<h3 data-path-to-node=\"12\">Reconocimientos de la jornada<\/h3><p data-path-to-node=\"13\">Uno de los momentos m\u00e1s significativos de la ceremonia fue la entrega de distinciones especiales a quienes hacen posible el \u00e9xito de este proyecto:<\/p><ul data-path-to-node=\"14\"><li><p data-path-to-node=\"14,0,0\"><b data-path-to-node=\"14,0,0\" data-index-in-node=\"0\">A las personas cuidadoras:<\/b> Se realiz\u00f3 un emotivo reconocimiento a las beneficiarias del centro, aplaudiendo su entrega diaria y su activa participaci\u00f3n en los talleres y actividades del espacio.<\/p><\/li><li><p data-path-to-node=\"14,1,0\"><b data-path-to-node=\"14,1,0\" data-index-in-node=\"0\">A los aliados comunitarios:<\/b> Se destac\u00f3 de manera especial a <b data-path-to-node=\"14,1,0\" data-index-in-node=\"60\">Radio Encantadora \ud83d\udcfb<\/b>, agradeciendo su permanente apoyo en la difusi\u00f3n de cada una de las iniciativas, permitiendo que la informaci\u00f3n llegue a todos los rincones de la comuna.<\/p><\/li><\/ul>\t\t\t\t\t\t\t\t<\/div>\n\t\t\t\t<\/div>\n\t\t\t\t<\/div>\n\t\t\t\t\t<\/div>\n\t\t\t\t<\/div>\n\t\t<div class=\"elementor-element elementor-element-dc09058 e-flex e-con-boxed e-con e-parent\" data-id=\"dc09058\" data-element_type=\"container\" data-e-type=\"container\" data-settings=\"{&quot;tmea_shape_divider_top&quot;:&quot;none&quot;,&quot;tmea_shape_divider_bottom&quot;:&quot;none&quot;}\">\n\t\t\t\t\t<div class=\"e-con-inner\">\n\t\t\t\t<div class=\"elementor-element elementor-element-c29563e elementor-widget elementor-widget-text-editor\" data-id=\"c29563e\" data-element_type=\"widget\" data-e-type=\"widget\" data-widget_type=\"text-editor.default\">\n\t\t\t\t<div class=\"elementor-widget-container\">\n\t\t\t\t\t\t\t\t\t<h3 data-path-to-node=\"15\">Lo que viene: Un nuevo periodo de intervenci\u00f3n<\/h3><p data-path-to-node=\"16\">Con el inicio de este nuevo convenio, el Centro Comunitario de Cuidados de Portezuelo renueva sus energ\u00edas y herramientas para seguir ampliando su cobertura. El objetivo de esta nueva etapa es consolidar el trabajo en red, ofrecer mejores espacios de respiro y capacitaci\u00f3n para las cuidadoras, y seguir construyendo una comunidad que no deja a nadie atr\u00e1s.<\/p><p data-path-to-node=\"18\">\u00a0<\/p>\t\t\t\t\t\t\t\t<\/div>\n\t\t\t\t<\/div>\n\t\t\t\t\t<\/div>\n\t\t\t\t<\/div>\n\t\t<div class=\"elementor-element elementor-element-c5fe881 e-flex e-con-boxed e-con e-parent\" data-id=\"c5fe881\" data-element_type=\"container\" data-e-type=\"container\" data-settings=\"{&quot;tmea_shape_divider_top&quot;:&quot;none&quot;,&quot;tmea_shape_divider_bottom&quot;:&quot;none&quot;}\">\n\t\t\t\t\t<div class=\"e-con-inner\">\n\t\t\t\t<div class=\"elementor-element elementor-element-dbebfdc elementor-widget elementor-widget-spacer\" data-id=\"dbebfdc\" data-element_type=\"widget\" data-e-type=\"widget\" data-widget_type=\"spacer.default\">\n\t\t\t\t<div class=\"elementor-widget-container\">\n\t\t\t\t\t\t\t<div class=\"elementor-spacer\">\n\t\t\t<div class=\"elementor-spacer-inner\"><\/div>\n\t\t<\/div>\n\t\t\t\t\t\t<\/div>\n\t\t\t\t<\/div>\n\t\t\t\t\t<\/div>\n\t\t\t\t<\/div>\n\t\t\t\t<\/div>\n\t\t","protected":false},"excerpt":{"rendered":"<p>La comuna conmemor\u00f3 el hito de inicio y cierre de convenio de este espacio, consolidando una red de apoyo m\u00e1s humana, solidaria y conectada con la comunidad. El Centro Comunitario de Cuidados de Portezuelo vivi\u00f3 una jornada cargada de emoci\u00f3n, reconocimiento y participaci\u00f3n comunitaria al celebrar la ceremonia \u201cUn A\u00f1o Cuidando en Comunidad\u201d. La instancia [&hellip;]<\/p>\n","protected":false},"author":1,"featured_media":11031,"comment_status":"open","ping_status":"open","sticky":false,"template":"elementor_header_footer","format":"standard","meta":{"_monsterinsights_skip_tracking":false,"iawp_total_views":19,"footnotes":""},"categories":[39],"tags":[],"class_list":["post-11029","post","type-post","status-publish","format-standard","has-post-thumbnail","hentry","category-dideco"],"aioseo_notices":[],"aioseo_head":"\n\t\t<!-- All in One SEO 5.0.0.1 - aioseo.com -->\n\t<meta name=\"description\" content=\"La comuna conmemor\u00f3 el hito de inicio y cierre de convenio de este espacio, consolidando una red de apoyo m\u00e1s humana, solidaria y conectada con la comunidad.El Centro Comunitario de Cuidados de Portezuelo vivi\u00f3 una jornada cargada de emoci\u00f3n, reconocimiento y participaci\u00f3n comunitaria al celebrar la ceremonia \u201cUn A\u00f1o Cuidando en Comunidad\u201d. La instancia no\" \/>\n\t<meta name=\"robots\" content=\"max-image-preview:large\" \/>\n\t<meta name=\"author\" content=\"Admin\"\/>\n\t<link rel=\"canonical\" href=\"https:\/\/mportezuelo.cl\/Inicio\/2026\/06\/02\/portezuelo-celebra-el-primer-ano-de-su-centro-comunitario-de-cuidados-y-renueva-su-compromiso-con-las-personas-cuidadoras\/\" \/>\n\t<meta name=\"generator\" content=\"All in One SEO (AIOSEO) 5.0.0.1\" \/>\n\t\t<meta property=\"og:locale\" content=\"es_ES\" \/>\n\t\t<meta property=\"og:site_name\" content=\"Municipalidad de Portezuelo - Donde Naci\u00f3 El Vino de Chile\" \/>\n\t\t<meta property=\"og:type\" content=\"article\" \/>\n\t\t<meta property=\"og:title\" content=\"Portezuelo celebra el primer a\u00f1o de su Centro Comunitario de Cuidados y renueva su compromiso con las personas cuidadoras - Municipalidad de Portezuelo\" \/>\n\t\t<meta property=\"og:description\" content=\"La comuna conmemor\u00f3 el hito de inicio y cierre de convenio de este espacio, consolidando una red de apoyo m\u00e1s humana, solidaria y conectada con la comunidad.El Centro Comunitario de Cuidados de Portezuelo vivi\u00f3 una jornada cargada de emoci\u00f3n, reconocimiento y participaci\u00f3n comunitaria al celebrar la ceremonia \u201cUn A\u00f1o Cuidando en Comunidad\u201d. La instancia no\" \/>\n\t\t<meta property=\"og:url\" content=\"https:\/\/mportezuelo.cl\/Inicio\/2026\/06\/02\/portezuelo-celebra-el-primer-ano-de-su-centro-comunitario-de-cuidados-y-renueva-su-compromiso-con-las-personas-cuidadoras\/\" \/>\n\t\t<meta property=\"og:image\" content=\"https:\/\/mportezuelo.cl\/Inicio\/wp-content\/uploads\/2025\/10\/cropped-01-Escudo-_municipal-01-PNG.png\" \/>\n\t\t<meta property=\"og:image:secure_url\" content=\"https:\/\/mportezuelo.cl\/Inicio\/wp-content\/uploads\/2025\/10\/cropped-01-Escudo-_municipal-01-PNG.png\" \/>\n\t\t<meta property=\"article:published_time\" content=\"2026-06-02T20:49:44+00:00\" \/>\n\t\t<meta property=\"article:modified_time\" content=\"2026-06-02T20:52:01+00:00\" \/>\n\t\t<meta name=\"twitter:card\" content=\"summary_large_image\" \/>\n\t\t<meta name=\"twitter:title\" content=\"Portezuelo celebra el primer a\u00f1o de su Centro Comunitario de Cuidados y renueva su compromiso con las personas cuidadoras - Municipalidad de Portezuelo\" \/>\n\t\t<meta name=\"twitter:description\" content=\"La comuna conmemor\u00f3 el hito de inicio y cierre de convenio de este espacio, consolidando una red de apoyo m\u00e1s humana, solidaria y conectada con la comunidad.El Centro Comunitario de Cuidados de Portezuelo vivi\u00f3 una jornada cargada de emoci\u00f3n, reconocimiento y participaci\u00f3n comunitaria al celebrar la ceremonia \u201cUn A\u00f1o Cuidando en Comunidad\u201d. La instancia no\" \/>\n\t\t<meta name=\"twitter:image\" content=\"https:\/\/mportezuelo.cl\/Inicio\/wp-content\/uploads\/2025\/10\/cropped-01-Escudo-_municipal-01-PNG.png\" \/>\n\t\t<script type=\"application\/ld+json\" class=\"aioseo-schema\">\n\t\t\t{\"@context\":\"https:\\\/\\\/schema.org\",\"@graph\":[{\"@type\":\"BlogPosting\",\"@id\":\"https:\\\/\\\/mportezuelo.cl\\\/Inicio\\\/2026\\\/06\\\/02\\\/portezuelo-celebra-el-primer-ano-de-su-centro-comunitario-de-cuidados-y-renueva-su-compromiso-con-las-personas-cuidadoras\\\/#blogposting\",\"name\":\"Portezuelo celebra el primer a\\u00f1o de su Centro Comunitario de Cuidados y renueva su compromiso con las personas cuidadoras - Municipalidad de Portezuelo\",\"headline\":\"Portezuelo celebra el primer a\\u00f1o de su Centro Comunitario de Cuidados y renueva su compromiso con las personas cuidadoras\",\"author\":{\"@id\":\"https:\\\/\\\/mportezuelo.cl\\\/Inicio\\\/author\\\/admin\\\/#author\"},\"publisher\":{\"@id\":\"https:\\\/\\\/mportezuelo.cl\\\/Inicio\\\/#organization\"},\"image\":{\"@type\":\"ImageObject\",\"url\":\"https:\\\/\\\/mportezuelo.cl\\\/Inicio\\\/wp-content\\\/uploads\\\/2026\\\/06\\\/IMG_2791-scaled.jpg\",\"width\":2560,\"height\":1920},\"datePublished\":\"2026-06-02T17:49:44-03:00\",\"dateModified\":\"2026-06-02T17:52:01-03:00\",\"inLanguage\":\"es-CL\",\"mainEntityOfPage\":{\"@id\":\"https:\\\/\\\/mportezuelo.cl\\\/Inicio\\\/2026\\\/06\\\/02\\\/portezuelo-celebra-el-primer-ano-de-su-centro-comunitario-de-cuidados-y-renueva-su-compromiso-con-las-personas-cuidadoras\\\/#webpage\"},\"isPartOf\":{\"@id\":\"https:\\\/\\\/mportezuelo.cl\\\/Inicio\\\/2026\\\/06\\\/02\\\/portezuelo-celebra-el-primer-ano-de-su-centro-comunitario-de-cuidados-y-renueva-su-compromiso-con-las-personas-cuidadoras\\\/#webpage\"},\"articleSection\":\"DIDECO\"},{\"@type\":\"BreadcrumbList\",\"@id\":\"https:\\\/\\\/mportezuelo.cl\\\/Inicio\\\/2026\\\/06\\\/02\\\/portezuelo-celebra-el-primer-ano-de-su-centro-comunitario-de-cuidados-y-renueva-su-compromiso-con-las-personas-cuidadoras\\\/#breadcrumblist\",\"itemListElement\":[{\"@type\":\"ListItem\",\"@id\":\"https:\\\/\\\/mportezuelo.cl\\\/Inicio#listItem\",\"position\":1,\"name\":\"Home\",\"item\":\"https:\\\/\\\/mportezuelo.cl\\\/Inicio\",\"nextItem\":{\"@type\":\"ListItem\",\"@id\":\"https:\\\/\\\/mportezuelo.cl\\\/Inicio\\\/category\\\/dideco\\\/#listItem\",\"name\":\"DIDECO\"}},{\"@type\":\"ListItem\",\"@id\":\"https:\\\/\\\/mportezuelo.cl\\\/Inicio\\\/category\\\/dideco\\\/#listItem\",\"position\":2,\"name\":\"DIDECO\",\"item\":\"https:\\\/\\\/mportezuelo.cl\\\/Inicio\\\/category\\\/dideco\\\/\",\"nextItem\":{\"@type\":\"ListItem\",\"@id\":\"https:\\\/\\\/mportezuelo.cl\\\/Inicio\\\/2026\\\/06\\\/02\\\/portezuelo-celebra-el-primer-ano-de-su-centro-comunitario-de-cuidados-y-renueva-su-compromiso-con-las-personas-cuidadoras\\\/#listItem\",\"name\":\"Portezuelo celebra el primer a\\u00f1o de su Centro Comunitario de Cuidados y renueva su compromiso con las personas cuidadoras\"},\"previousItem\":{\"@type\":\"ListItem\",\"@id\":\"https:\\\/\\\/mportezuelo.cl\\\/Inicio#listItem\",\"name\":\"Home\"}},{\"@type\":\"ListItem\",\"@id\":\"https:\\\/\\\/mportezuelo.cl\\\/Inicio\\\/2026\\\/06\\\/02\\\/portezuelo-celebra-el-primer-ano-de-su-centro-comunitario-de-cuidados-y-renueva-su-compromiso-con-las-personas-cuidadoras\\\/#listItem\",\"position\":3,\"name\":\"Portezuelo celebra el primer a\\u00f1o de su Centro Comunitario de Cuidados y renueva su compromiso con las personas cuidadoras\",\"previousItem\":{\"@type\":\"ListItem\",\"@id\":\"https:\\\/\\\/mportezuelo.cl\\\/Inicio\\\/category\\\/dideco\\\/#listItem\",\"name\":\"DIDECO\"}}]},{\"@type\":\"Organization\",\"@id\":\"https:\\\/\\\/mportezuelo.cl\\\/Inicio\\\/#organization\",\"name\":\"Municipalidad de Portezuelo\",\"description\":\"Donde Naci\\u00f3 El Vino de Chile\",\"url\":\"https:\\\/\\\/mportezuelo.cl\\\/Inicio\\\/\",\"logo\":{\"@type\":\"ImageObject\",\"url\":\"https:\\\/\\\/mportezuelo.cl\\\/Inicio\\\/wp-content\\\/uploads\\\/2025\\\/10\\\/cropped-01-Escudo-_municipal-01-PNG.png\",\"@id\":\"https:\\\/\\\/mportezuelo.cl\\\/Inicio\\\/2026\\\/06\\\/02\\\/portezuelo-celebra-el-primer-ano-de-su-centro-comunitario-de-cuidados-y-renueva-su-compromiso-con-las-personas-cuidadoras\\\/#organizationLogo\",\"width\":1797,\"height\":1800},\"image\":{\"@id\":\"https:\\\/\\\/mportezuelo.cl\\\/Inicio\\\/2026\\\/06\\\/02\\\/portezuelo-celebra-el-primer-ano-de-su-centro-comunitario-de-cuidados-y-renueva-su-compromiso-con-las-personas-cuidadoras\\\/#organizationLogo\"}},{\"@type\":\"Person\",\"@id\":\"https:\\\/\\\/mportezuelo.cl\\\/Inicio\\\/author\\\/admin\\\/#author\",\"url\":\"https:\\\/\\\/mportezuelo.cl\\\/Inicio\\\/author\\\/admin\\\/\",\"name\":\"Admin\",\"image\":{\"@type\":\"ImageObject\",\"@id\":\"https:\\\/\\\/mportezuelo.cl\\\/Inicio\\\/2026\\\/06\\\/02\\\/portezuelo-celebra-el-primer-ano-de-su-centro-comunitario-de-cuidados-y-renueva-su-compromiso-con-las-personas-cuidadoras\\\/#authorImage\",\"url\":\"https:\\\/\\\/secure.gravatar.com\\\/avatar\\\/27f729666b1c79fb0f954d839602ad690fe824c312095f8f820da9fa2365a147?s=96&d=robohash&r=g\",\"width\":96,\"height\":96,\"caption\":\"Admin\"}},{\"@type\":\"WebPage\",\"@id\":\"https:\\\/\\\/mportezuelo.cl\\\/Inicio\\\/2026\\\/06\\\/02\\\/portezuelo-celebra-el-primer-ano-de-su-centro-comunitario-de-cuidados-y-renueva-su-compromiso-con-las-personas-cuidadoras\\\/#webpage\",\"url\":\"https:\\\/\\\/mportezuelo.cl\\\/Inicio\\\/2026\\\/06\\\/02\\\/portezuelo-celebra-el-primer-ano-de-su-centro-comunitario-de-cuidados-y-renueva-su-compromiso-con-las-personas-cuidadoras\\\/\",\"name\":\"Portezuelo celebra el primer a\\u00f1o de su Centro Comunitario de Cuidados y renueva su compromiso con las personas cuidadoras - Municipalidad de Portezuelo\",\"description\":\"La comuna conmemor\\u00f3 el hito de inicio y cierre de convenio de este espacio, consolidando una red de apoyo m\\u00e1s humana, solidaria y conectada con la comunidad.El Centro Comunitario de Cuidados de Portezuelo vivi\\u00f3 una jornada cargada de emoci\\u00f3n, reconocimiento y participaci\\u00f3n comunitaria al celebrar la ceremonia \\u201cUn A\\u00f1o Cuidando en Comunidad\\u201d. La instancia no\",\"inLanguage\":\"es-CL\",\"isPartOf\":{\"@id\":\"https:\\\/\\\/mportezuelo.cl\\\/Inicio\\\/#website\"},\"breadcrumb\":{\"@id\":\"https:\\\/\\\/mportezuelo.cl\\\/Inicio\\\/2026\\\/06\\\/02\\\/portezuelo-celebra-el-primer-ano-de-su-centro-comunitario-de-cuidados-y-renueva-su-compromiso-con-las-personas-cuidadoras\\\/#breadcrumblist\"},\"author\":{\"@id\":\"https:\\\/\\\/mportezuelo.cl\\\/Inicio\\\/author\\\/admin\\\/#author\"},\"creator\":{\"@id\":\"https:\\\/\\\/mportezuelo.cl\\\/Inicio\\\/author\\\/admin\\\/#author\"},\"image\":{\"@type\":\"ImageObject\",\"url\":\"https:\\\/\\\/mportezuelo.cl\\\/Inicio\\\/wp-content\\\/uploads\\\/2026\\\/06\\\/IMG_2791-scaled.jpg\",\"@id\":\"https:\\\/\\\/mportezuelo.cl\\\/Inicio\\\/2026\\\/06\\\/02\\\/portezuelo-celebra-el-primer-ano-de-su-centro-comunitario-de-cuidados-y-renueva-su-compromiso-con-las-personas-cuidadoras\\\/#mainImage\",\"width\":2560,\"height\":1920},\"primaryImageOfPage\":{\"@id\":\"https:\\\/\\\/mportezuelo.cl\\\/Inicio\\\/2026\\\/06\\\/02\\\/portezuelo-celebra-el-primer-ano-de-su-centro-comunitario-de-cuidados-y-renueva-su-compromiso-con-las-personas-cuidadoras\\\/#mainImage\"},\"datePublished\":\"2026-06-02T17:49:44-03:00\",\"dateModified\":\"2026-06-02T17:52:01-03:00\"},{\"@type\":\"WebSite\",\"@id\":\"https:\\\/\\\/mportezuelo.cl\\\/Inicio\\\/#website\",\"url\":\"https:\\\/\\\/mportezuelo.cl\\\/Inicio\\\/\",\"name\":\"Municipalidad de Portezuelo\",\"description\":\"Donde Naci\\u00f3 El Vino de Chile\",\"inLanguage\":\"es-CL\",\"publisher\":{\"@id\":\"https:\\\/\\\/mportezuelo.cl\\\/Inicio\\\/#organization\"}}]}\n\t\t<\/script>\n\t\t<!-- All in One SEO -->\n\n","aioseo_head_json":{"title":"Portezuelo celebra el primer a\u00f1o de su Centro Comunitario de Cuidados y renueva su compromiso con las personas cuidadoras - Municipalidad de Portezuelo","description":"La comuna conmemor\u00f3 el hito de inicio y cierre de convenio de este espacio, consolidando una red de apoyo m\u00e1s humana, solidaria y conectada con la comunidad.El Centro Comunitario de Cuidados de Portezuelo vivi\u00f3 una jornada cargada de emoci\u00f3n, reconocimiento y participaci\u00f3n comunitaria al celebrar la ceremonia \u201cUn A\u00f1o Cuidando en Comunidad\u201d. La instancia no","canonical_url":"https:\/\/mportezuelo.cl\/Inicio\/2026\/06\/02\/portezuelo-celebra-el-primer-ano-de-su-centro-comunitario-de-cuidados-y-renueva-su-compromiso-con-las-personas-cuidadoras\/","robots":"max-image-preview:large","keywords":"","webmasterTools":{"miscellaneous":""},"schema":{"@context":"https:\/\/schema.org","@graph":[{"@type":"BlogPosting","@id":"https:\/\/mportezuelo.cl\/Inicio\/2026\/06\/02\/portezuelo-celebra-el-primer-ano-de-su-centro-comunitario-de-cuidados-y-renueva-su-compromiso-con-las-personas-cuidadoras\/#blogposting","name":"Portezuelo celebra el primer a\u00f1o de su Centro Comunitario de Cuidados y renueva su compromiso con las personas cuidadoras - Municipalidad de Portezuelo","headline":"Portezuelo celebra el primer a\u00f1o de su Centro Comunitario de Cuidados y renueva su compromiso con las personas cuidadoras","author":{"@id":"https:\/\/mportezuelo.cl\/Inicio\/author\/admin\/#author"},"publisher":{"@id":"https:\/\/mportezuelo.cl\/Inicio\/#organization"},"image":{"@type":"ImageObject","url":"https:\/\/mportezuelo.cl\/Inicio\/wp-content\/uploads\/2026\/06\/IMG_2791-scaled.jpg","width":2560,"height":1920},"datePublished":"2026-06-02T17:49:44-03:00","dateModified":"2026-06-02T17:52:01-03:00","inLanguage":"es-CL","mainEntityOfPage":{"@id":"https:\/\/mportezuelo.cl\/Inicio\/2026\/06\/02\/portezuelo-celebra-el-primer-ano-de-su-centro-comunitario-de-cuidados-y-renueva-su-compromiso-con-las-personas-cuidadoras\/#webpage"},"isPartOf":{"@id":"https:\/\/mportezuelo.cl\/Inicio\/2026\/06\/02\/portezuelo-celebra-el-primer-ano-de-su-centro-comunitario-de-cuidados-y-renueva-su-compromiso-con-las-personas-cuidadoras\/#webpage"},"articleSection":"DIDECO"},{"@type":"BreadcrumbList","@id":"https:\/\/mportezuelo.cl\/Inicio\/2026\/06\/02\/portezuelo-celebra-el-primer-ano-de-su-centro-comunitario-de-cuidados-y-renueva-su-compromiso-con-las-personas-cuidadoras\/#breadcrumblist","itemListElement":[{"@type":"ListItem","@id":"https:\/\/mportezuelo.cl\/Inicio#listItem","position":1,"name":"Home","item":"https:\/\/mportezuelo.cl\/Inicio","nextItem":{"@type":"ListItem","@id":"https:\/\/mportezuelo.cl\/Inicio\/category\/dideco\/#listItem","name":"DIDECO"}},{"@type":"ListItem","@id":"https:\/\/mportezuelo.cl\/Inicio\/category\/dideco\/#listItem","position":2,"name":"DIDECO","item":"https:\/\/mportezuelo.cl\/Inicio\/category\/dideco\/","nextItem":{"@type":"ListItem","@id":"https:\/\/mportezuelo.cl\/Inicio\/2026\/06\/02\/portezuelo-celebra-el-primer-ano-de-su-centro-comunitario-de-cuidados-y-renueva-su-compromiso-con-las-personas-cuidadoras\/#listItem","name":"Portezuelo celebra el primer a\u00f1o de su Centro Comunitario de Cuidados y renueva su compromiso con las personas cuidadoras"},"previousItem":{"@type":"ListItem","@id":"https:\/\/mportezuelo.cl\/Inicio#listItem","name":"Home"}},{"@type":"ListItem","@id":"https:\/\/mportezuelo.cl\/Inicio\/2026\/06\/02\/portezuelo-celebra-el-primer-ano-de-su-centro-comunitario-de-cuidados-y-renueva-su-compromiso-con-las-personas-cuidadoras\/#listItem","position":3,"name":"Portezuelo celebra el primer a\u00f1o de su Centro Comunitario de Cuidados y renueva su compromiso con las personas cuidadoras","previousItem":{"@type":"ListItem","@id":"https:\/\/mportezuelo.cl\/Inicio\/category\/dideco\/#listItem","name":"DIDECO"}}]},{"@type":"Organization","@id":"https:\/\/mportezuelo.cl\/Inicio\/#organization","name":"Municipalidad de Portezuelo","description":"Donde Naci\u00f3 El Vino de Chile","url":"https:\/\/mportezuelo.cl\/Inicio\/","logo":{"@type":"ImageObject","url":"https:\/\/mportezuelo.cl\/Inicio\/wp-content\/uploads\/2025\/10\/cropped-01-Escudo-_municipal-01-PNG.png","@id":"https:\/\/mportezuelo.cl\/Inicio\/2026\/06\/02\/portezuelo-celebra-el-primer-ano-de-su-centro-comunitario-de-cuidados-y-renueva-su-compromiso-con-las-personas-cuidadoras\/#organizationLogo","width":1797,"height":1800},"image":{"@id":"https:\/\/mportezuelo.cl\/Inicio\/2026\/06\/02\/portezuelo-celebra-el-primer-ano-de-su-centro-comunitario-de-cuidados-y-renueva-su-compromiso-con-las-personas-cuidadoras\/#organizationLogo"}},{"@type":"Person","@id":"https:\/\/mportezuelo.cl\/Inicio\/author\/admin\/#author","url":"https:\/\/mportezuelo.cl\/Inicio\/author\/admin\/","name":"Admin","image":{"@type":"ImageObject","@id":"https:\/\/mportezuelo.cl\/Inicio\/2026\/06\/02\/portezuelo-celebra-el-primer-ano-de-su-centro-comunitario-de-cuidados-y-renueva-su-compromiso-con-las-personas-cuidadoras\/#authorImage","url":"https:\/\/secure.gravatar.com\/avatar\/27f729666b1c79fb0f954d839602ad690fe824c312095f8f820da9fa2365a147?s=96&d=robohash&r=g","width":96,"height":96,"caption":"Admin"}},{"@type":"WebPage","@id":"https:\/\/mportezuelo.cl\/Inicio\/2026\/06\/02\/portezuelo-celebra-el-primer-ano-de-su-centro-comunitario-de-cuidados-y-renueva-su-compromiso-con-las-personas-cuidadoras\/#webpage","url":"https:\/\/mportezuelo.cl\/Inicio\/2026\/06\/02\/portezuelo-celebra-el-primer-ano-de-su-centro-comunitario-de-cuidados-y-renueva-su-compromiso-con-las-personas-cuidadoras\/","name":"Portezuelo celebra el primer a\u00f1o de su Centro Comunitario de Cuidados y renueva su compromiso con las personas cuidadoras - Municipalidad de Portezuelo","description":"La comuna conmemor\u00f3 el hito de inicio y cierre de convenio de este espacio, consolidando una red de apoyo m\u00e1s humana, solidaria y conectada con la comunidad.El Centro Comunitario de Cuidados de Portezuelo vivi\u00f3 una jornada cargada de emoci\u00f3n, reconocimiento y participaci\u00f3n comunitaria al celebrar la ceremonia \u201cUn A\u00f1o Cuidando en Comunidad\u201d. La instancia no","inLanguage":"es-CL","isPartOf":{"@id":"https:\/\/mportezuelo.cl\/Inicio\/#website"},"breadcrumb":{"@id":"https:\/\/mportezuelo.cl\/Inicio\/2026\/06\/02\/portezuelo-celebra-el-primer-ano-de-su-centro-comunitario-de-cuidados-y-renueva-su-compromiso-con-las-personas-cuidadoras\/#breadcrumblist"},"author":{"@id":"https:\/\/mportezuelo.cl\/Inicio\/author\/admin\/#author"},"creator":{"@id":"https:\/\/mportezuelo.cl\/Inicio\/author\/admin\/#author"},"image":{"@type":"ImageObject","url":"https:\/\/mportezuelo.cl\/Inicio\/wp-content\/uploads\/2026\/06\/IMG_2791-scaled.jpg","@id":"https:\/\/mportezuelo.cl\/Inicio\/2026\/06\/02\/portezuelo-celebra-el-primer-ano-de-su-centro-comunitario-de-cuidados-y-renueva-su-compromiso-con-las-personas-cuidadoras\/#mainImage","width":2560,"height":1920},"primaryImageOfPage":{"@id":"https:\/\/mportezuelo.cl\/Inicio\/2026\/06\/02\/portezuelo-celebra-el-primer-ano-de-su-centro-comunitario-de-cuidados-y-renueva-su-compromiso-con-las-personas-cuidadoras\/#mainImage"},"datePublished":"2026-06-02T17:49:44-03:00","dateModified":"2026-06-02T17:52:01-03:00"},{"@type":"WebSite","@id":"https:\/\/mportezuelo.cl\/Inicio\/#website","url":"https:\/\/mportezuelo.cl\/Inicio\/","name":"Municipalidad de Portezuelo","description":"Donde Naci\u00f3 El Vino de Chile","inLanguage":"es-CL","publisher":{"@id":"https:\/\/mportezuelo.cl\/Inicio\/#organization"}}]},"og:locale":"es_ES","og:site_name":"Municipalidad de Portezuelo - Donde Naci\u00f3 El Vino de Chile","og:type":"article","og:title":"Portezuelo celebra el primer a\u00f1o de su Centro Comunitario de Cuidados y renueva su compromiso con las personas cuidadoras - Municipalidad de Portezuelo","og:description":"La comuna conmemor\u00f3 el hito de inicio y cierre de convenio de este espacio, consolidando una red de apoyo m\u00e1s humana, solidaria y conectada con la comunidad.El Centro Comunitario de Cuidados de Portezuelo vivi\u00f3 una jornada cargada de emoci\u00f3n, reconocimiento y participaci\u00f3n comunitaria al celebrar la ceremonia \u201cUn A\u00f1o Cuidando en Comunidad\u201d. La instancia no","og:url":"https:\/\/mportezuelo.cl\/Inicio\/2026\/06\/02\/portezuelo-celebra-el-primer-ano-de-su-centro-comunitario-de-cuidados-y-renueva-su-compromiso-con-las-personas-cuidadoras\/","og:image":"https:\/\/mportezuelo.cl\/Inicio\/wp-content\/uploads\/2025\/10\/cropped-01-Escudo-_municipal-01-PNG.png","og:image:secure_url":"https:\/\/mportezuelo.cl\/Inicio\/wp-content\/uploads\/2025\/10\/cropped-01-Escudo-_municipal-01-PNG.png","article:published_time":"2026-06-02T20:49:44+00:00","article:modified_time":"2026-06-02T20:52:01+00:00","twitter:card":"summary_large_image","twitter:title":"Portezuelo celebra el primer a\u00f1o de su Centro Comunitario de Cuidados y renueva su compromiso con las personas cuidadoras - Municipalidad de Portezuelo","twitter:description":"La comuna conmemor\u00f3 el hito de inicio y cierre de convenio de este espacio, consolidando una red de apoyo m\u00e1s humana, solidaria y conectada con la comunidad.El Centro Comunitario de Cuidados de Portezuelo vivi\u00f3 una jornada cargada de emoci\u00f3n, reconocimiento y participaci\u00f3n comunitaria al celebrar la ceremonia \u201cUn A\u00f1o Cuidando en Comunidad\u201d. La instancia no","twitter:image":"https:\/\/mportezuelo.cl\/Inicio\/wp-content\/uploads\/2025\/10\/cropped-01-Escudo-_municipal-01-PNG.png"},"aioseo_meta_data":{"post_id":"11029","title":null,"description":null,"keywords":null,"keyphrases":{"focus":{"keyphrase":"","score":0,"analysis":{"keyphraseInTitle":{"score":0,"maxScore":9,"error":1}}},"additional":[]},"primary_term":null,"canonical_url":null,"og_title":null,"og_description":null,"og_object_type":"default","og_image_type":"default","og_image_url":null,"og_image_width":null,"og_image_height":null,"og_image_custom_url":null,"og_image_custom_fields":null,"og_video":"","og_custom_url":null,"og_article_section":null,"og_article_tags":null,"twitter_use_og":false,"twitter_card":"default","twitter_image_type":"default","twitter_image_url":null,"twitter_image_custom_url":null,"twitter_image_custom_fields":null,"twitter_title":null,"twitter_description":null,"schema":{"blockGraphs":[],"customGraphs":[],"default":{"data":{"Article":[],"Course":[],"Dataset":[],"FAQPage":[],"Movie":[],"Person":[],"Product":[],"ProductReview":[],"Car":[],"Recipe":[],"Service":[],"SoftwareApplication":[],"WebPage":[]},"graphName":"BlogPosting","isEnabled":true},"graphs":[]},"schema_type":"default","schema_type_options":null,"pillar_content":false,"robots_default":true,"robots_noindex":false,"robots_noarchive":false,"robots_nosnippet":false,"robots_nofollow":false,"robots_noimageindex":false,"robots_noodp":false,"robots_notranslate":false,"robots_max_snippet":"-1","robots_max_videopreview":"-1","robots_max_imagepreview":"large","priority":null,"frequency":"default","local_seo":null,"breadcrumb_settings":null,"limit_modified_date":false,"ai":{"faqs":[],"keyPoints":[],"schemas":[],"titles":[],"descriptions":[],"socialPosts":{"email":[],"linkedin":[],"twitter":[],"facebook":[],"instagram":[]}},"created":"2026-06-02 20:43:20","updated":"2026-06-02 21:04:36","seo_analyzer_scan_date":null,"focus_keyword":null,"additional_keywords":null,"truseo_locale":null},"aioseo_breadcrumb":"<div class=\"aioseo-breadcrumbs\"><span class=\"aioseo-breadcrumb\">\n\t\t\t<a href=\"https:\/\/mportezuelo.cl\/Inicio\" title=\"Home\">Home<\/a>\n\t\t<\/span><span class=\"aioseo-breadcrumb-separator\">&raquo;<\/span><span class=\"aioseo-breadcrumb\">\n\t\t\t<a href=\"https:\/\/mportezuelo.cl\/Inicio\/category\/dideco\/\" title=\"DIDECO\">DIDECO<\/a>\n\t\t<\/span><span class=\"aioseo-breadcrumb-separator\">&raquo;<\/span><span class=\"aioseo-breadcrumb\">\n\t\t\tPortezuelo celebra el primer a\u00f1o de su Centro Comunitario de Cuidados y renueva su compromiso con las personas cuidadoras\n\t\t<\/span><\/div>","aioseo_breadcrumb_json":[{"label":"Home","link":"https:\/\/mportezuelo.cl\/Inicio"},{"label":"DIDECO","link":"https:\/\/mportezuelo.cl\/Inicio\/category\/dideco\/"},{"label":"Portezuelo celebra el primer a\u00f1o de su Centro Comunitario de Cuidados y renueva su compromiso con las personas cuidadoras","link":"https:\/\/mportezuelo.cl\/Inicio\/2026\/06\/02\/portezuelo-celebra-el-primer-ano-de-su-centro-comunitario-de-cuidados-y-renueva-su-compromiso-con-las-personas-cuidadoras\/"}],"_links":{"self":[{"href":"https:\/\/mportezuelo.cl\/Inicio\/wp-json\/wp\/v2\/posts\/11029","targetHints":{"allow":["GET"]}}],"collection":[{"href":"https:\/\/mportezuelo.cl\/Inicio\/wp-json\/wp\/v2\/posts"}],"about":[{"href":"https:\/\/mportezuelo.cl\/Inicio\/wp-json\/wp\/v2\/types\/post"}],"author":[{"embeddable":true,"href":"https:\/\/mportezuelo.cl\/Inicio\/wp-json\/wp\/v2\/users\/1"}],"replies":[{"embeddable":true,"href":"https:\/\/mportezuelo.cl\/Inicio\/wp-json\/wp\/v2\/comments?post=11029"}],"version-history":[{"count":4,"href":"https:\/\/mportezuelo.cl\/Inicio\/wp-json\/wp\/v2\/posts\/11029\/revisions"}],"predecessor-version":[{"id":11037,"href":"https:\/\/mportezuelo.cl\/Inicio\/wp-json\/wp\/v2\/posts\/11029\/revisions\/11037"}],"wp:featuredmedia":[{"embeddable":true,"href":"https:\/\/mportezuelo.cl\/Inicio\/wp-json\/wp\/v2\/media\/11031"}],"wp:attachment":[{"href":"https:\/\/mportezuelo.cl\/Inicio\/wp-json\/wp\/v2\/media?parent=11029"}],"wp:term":[{"taxonomy":"category","embeddable":true,"href":"https:\/\/mportezuelo.cl\/Inicio\/wp-json\/wp\/v2\/categories?post=11029"},{"taxonomy":"post_tag","embeddable":true,"href":"https:\/\/mportezuelo.cl\/Inicio\/wp-json\/wp\/v2\/tags?post=11029"}],"curies":[{"name":"wp","href":"https:\/\/api.w.org\/{rel}","templated":true}]}}