{"id":10949,"date":"2026-04-28T18:35:20","date_gmt":"2026-04-28T21:35:20","guid":{"rendered":"https:\/\/mportezuelo.cl\/Inicio\/?p=10949"},"modified":"2026-04-28T18:40:40","modified_gmt":"2026-04-28T21:40:40","slug":"portezuelo-brilla-en-el-campeonato-regional-de-cueca-para-personas-con-discapacidad","status":"publish","type":"post","link":"https:\/\/mportezuelo.cl\/Inicio\/2026\/04\/28\/portezuelo-brilla-en-el-campeonato-regional-de-cueca-para-personas-con-discapacidad\/","title":{"rendered":"Portezuelo Brilla en el Campeonato Regional de Cueca para Personas con Discapacidad"},"content":{"rendered":"\t\t<div data-elementor-type=\"wp-post\" data-elementor-id=\"10949\" class=\"elementor elementor-10949\" data-elementor-post-type=\"post\">\n\t\t\t\t<div class=\"elementor-element elementor-element-ded51ca e-flex e-con-boxed e-con e-parent\" data-id=\"ded51ca\" data-element_type=\"container\" data-e-type=\"container\" data-settings=\"{&quot;tmea_shape_divider_top&quot;:&quot;none&quot;,&quot;tmea_shape_divider_bottom&quot;:&quot;none&quot;}\">\n\t\t\t\t\t<div class=\"e-con-inner\">\n\t\t\t\t<div class=\"elementor-element elementor-element-80ba95d elementor-widget elementor-widget-image\" data-id=\"80ba95d\" data-element_type=\"widget\" data-e-type=\"widget\" data-widget_type=\"image.default\">\n\t\t\t\t<div class=\"elementor-widget-container\">\n\t\t\t\t\t\t\t\t\t\t\t\t\t\t\t<img fetchpriority=\"high\" decoding=\"async\" width=\"1024\" height=\"576\" src=\"https:\/\/mportezuelo.cl\/Inicio\/wp-content\/uploads\/2026\/04\/WhatsApp-Image-2026-04-28-at-14.47.05-1024x576.jpeg\" class=\"attachment-large size-large wp-image-10950\" alt=\"\" srcset=\"https:\/\/mportezuelo.cl\/Inicio\/wp-content\/uploads\/2026\/04\/WhatsApp-Image-2026-04-28-at-14.47.05-1024x576.jpeg 1024w, https:\/\/mportezuelo.cl\/Inicio\/wp-content\/uploads\/2026\/04\/WhatsApp-Image-2026-04-28-at-14.47.05-300x169.jpeg 300w, https:\/\/mportezuelo.cl\/Inicio\/wp-content\/uploads\/2026\/04\/WhatsApp-Image-2026-04-28-at-14.47.05-768x432.jpeg 768w, https:\/\/mportezuelo.cl\/Inicio\/wp-content\/uploads\/2026\/04\/WhatsApp-Image-2026-04-28-at-14.47.05-820x461.jpeg 820w, https:\/\/mportezuelo.cl\/Inicio\/wp-content\/uploads\/2026\/04\/WhatsApp-Image-2026-04-28-at-14.47.05-1170x658.jpeg 1170w, https:\/\/mportezuelo.cl\/Inicio\/wp-content\/uploads\/2026\/04\/WhatsApp-Image-2026-04-28-at-14.47.05-177x100.jpeg 177w, https:\/\/mportezuelo.cl\/Inicio\/wp-content\/uploads\/2026\/04\/WhatsApp-Image-2026-04-28-at-14.47.05.jpeg 1280w\" sizes=\"(max-width: 1024px) 100vw, 1024px\" \/>\t\t\t\t\t\t\t\t\t\t\t\t\t\t\t<\/div>\n\t\t\t\t<\/div>\n\t\t\t\t\t<\/div>\n\t\t\t\t<\/div>\n\t\t<div class=\"elementor-element elementor-element-1694e3f e-flex e-con-boxed e-con e-parent\" data-id=\"1694e3f\" data-element_type=\"container\" data-e-type=\"container\" data-settings=\"{&quot;tmea_shape_divider_top&quot;:&quot;none&quot;,&quot;tmea_shape_divider_bottom&quot;:&quot;none&quot;}\">\n\t\t\t\t\t<div class=\"e-con-inner\">\n\t\t\n\t\t<div class=\"elementor-element elementor-element-3f7bb45 elementor-widget elementor-widget-text-editor\" data-id=\"3f7bb45\" data-element_type=\"widget\" data-e-type=\"widget\" data-widget_type=\"text-editor.default\">\n\t\t\t\t<div class=\"elementor-widget-container\">\n\t\t\t\t\t\t\t\t\t<p>El pasado <strong>viernes 24 de abril<\/strong>, la comuna de San Carlos se transform\u00f3 en el epicentro del folclore inclusivo al recibir el <strong>Campeonato Regional de Cueca para Personas con Discapacidad<\/strong>. En esta instancia, la delegaci\u00f3n de <strong>Portezuelo<\/strong> se hizo presente con una participaci\u00f3n que destac\u00f3 por su alegr\u00eda, pasi\u00f3n y esp\u00edritu comunitario.<\/p>\t\t\t\t\t\t\t\t<\/div>\n\t\t\t\t<\/div>\n\t\t\t\t\t<\/div>\n\t\t\t\t<\/div>\n\t\t<div class=\"elementor-element elementor-element-d7b58c5 e-flex e-con-boxed e-con e-parent\" data-id=\"d7b58c5\" data-element_type=\"container\" data-e-type=\"container\" data-settings=\"{&quot;tmea_shape_divider_top&quot;:&quot;none&quot;,&quot;tmea_shape_divider_bottom&quot;:&quot;none&quot;}\">\n\t\t\t\t\t<div class=\"e-con-inner\">\n\t\t<div class=\"elementor-element elementor-element-eade972 e-con-full e-flex e-con e-child\" data-id=\"eade972\" data-element_type=\"container\" data-e-type=\"container\" data-settings=\"{&quot;tmea_shape_divider_top&quot;:&quot;none&quot;,&quot;tmea_shape_divider_bottom&quot;:&quot;none&quot;}\">\n\t\t\t\t<div class=\"elementor-element elementor-element-1ad8e48 elementor-widget elementor-widget-image\" data-id=\"1ad8e48\" data-element_type=\"widget\" data-e-type=\"widget\" data-widget_type=\"image.default\">\n\t\t\t\t<div class=\"elementor-widget-container\">\n\t\t\t\t\t\t\t\t\t\t\t\t\t\t\t<img decoding=\"async\" width=\"914\" height=\"1024\" src=\"https:\/\/mportezuelo.cl\/Inicio\/wp-content\/uploads\/2026\/04\/WhatsApp-Image-2026-04-28-at-14.47.02-e1777412263875-914x1024.jpeg\" class=\"attachment-large size-large wp-image-10952\" alt=\"\" srcset=\"https:\/\/mportezuelo.cl\/Inicio\/wp-content\/uploads\/2026\/04\/WhatsApp-Image-2026-04-28-at-14.47.02-e1777412263875-914x1024.jpeg 914w, https:\/\/mportezuelo.cl\/Inicio\/wp-content\/uploads\/2026\/04\/WhatsApp-Image-2026-04-28-at-14.47.02-e1777412263875-268x300.jpeg 268w, https:\/\/mportezuelo.cl\/Inicio\/wp-content\/uploads\/2026\/04\/WhatsApp-Image-2026-04-28-at-14.47.02-e1777412263875-768x860.jpeg 768w, https:\/\/mportezuelo.cl\/Inicio\/wp-content\/uploads\/2026\/04\/WhatsApp-Image-2026-04-28-at-14.47.02-e1777412263875.jpeg 1200w\" sizes=\"(max-width: 914px) 100vw, 914px\" \/>\t\t\t\t\t\t\t\t\t\t\t\t\t\t\t<\/div>\n\t\t\t\t<\/div>\n\t\t\t\t<\/div>\n\t\t<div class=\"elementor-element elementor-element-1a5f440 e-con-full e-flex e-con e-child\" data-id=\"1a5f440\" data-element_type=\"container\" data-e-type=\"container\" data-settings=\"{&quot;tmea_shape_divider_top&quot;:&quot;none&quot;,&quot;tmea_shape_divider_bottom&quot;:&quot;none&quot;}\">\n\t\t\t\t<div class=\"elementor-element elementor-element-28826a3 elementor-widget elementor-widget-text-editor\" data-id=\"28826a3\" data-element_type=\"widget\" data-e-type=\"widget\" data-widget_type=\"text-editor.default\">\n\t\t\t\t<div class=\"elementor-widget-container\">\n\t\t\t\t\t\t\t\t\t<p><strong>Embajadores del Talento Local<\/strong><\/p><p>Nuestros representantes, <strong>Gloven Ar\u00e9valo y Fabi\u00e1n de la Fuente<\/strong>, usuarios del <strong>Programa Tr\u00e1nsito a la Vida Independiente (TVI)<\/strong> de nuestra comuna, subieron al escenario con el orgullo de quien ama sus ra\u00edces. Con cada vuelta y cada floreo, demostraron el talento y la dedicaci\u00f3n que han cultivado en su camino hacia la autonom\u00eda.<\/p><p><strong>El Valor de la Participaci\u00f3n<\/strong><\/p><p>Si bien en esta ocasi\u00f3n no se obtuvo un lugar en el podio, el balance de la jornada fue sumamente positivo. Para Gloven y Fabi\u00e1n, as\u00ed como para el equipo que los acompa\u00f1a, lo fundamental fue la <strong>linda instancia de participaci\u00f3n<\/strong> y la oportunidad de compartir con otras delegaciones de la regi\u00f3n en un ambiente de sana competencia y camarader\u00eda.<\/p><p>&#8220;M\u00e1s all\u00e1 de los resultados, nos quedamos con el coraz\u00f3n lleno. Fue una jornada de aprendizaje y felicidad donde nuestros representantes demostraron que el compromiso y el amor por nuestras tradiciones son el verdadero premio&#8221;, comentaron desde el equipo municipal.<\/p>\t\t\t\t\t\t\t\t<\/div>\n\t\t\t\t<\/div>\n\t\t\t\t<\/div>\n\t\t\t\t\t<\/div>\n\t\t\t\t<\/div>\n\t\t<div class=\"elementor-element elementor-element-c9dd393 e-flex e-con-boxed e-con e-parent\" data-id=\"c9dd393\" data-element_type=\"container\" data-e-type=\"container\" data-settings=\"{&quot;tmea_shape_divider_top&quot;:&quot;none&quot;,&quot;tmea_shape_divider_bottom&quot;:&quot;none&quot;}\">\n\t\t\t\t\t<div class=\"e-con-inner\">\n\t\t<div class=\"elementor-element elementor-element-b638087 e-con-full e-flex e-con e-child\" data-id=\"b638087\" data-element_type=\"container\" data-e-type=\"container\" data-settings=\"{&quot;tmea_shape_divider_top&quot;:&quot;none&quot;,&quot;tmea_shape_divider_bottom&quot;:&quot;none&quot;}\">\n\t\t\t\t<div class=\"elementor-element elementor-element-a237e02 elementor-widget elementor-widget-image\" data-id=\"a237e02\" data-element_type=\"widget\" data-e-type=\"widget\" data-widget_type=\"image.default\">\n\t\t\t\t<div class=\"elementor-widget-container\">\n\t\t\t\t\t\t\t\t\t\t\t\t\t\t\t<img decoding=\"async\" width=\"1024\" height=\"576\" src=\"https:\/\/mportezuelo.cl\/Inicio\/wp-content\/uploads\/2026\/04\/WhatsApp-Image-2026-04-28-at-14.47.06-1024x576.jpeg\" class=\"attachment-large size-large wp-image-10953\" alt=\"\" srcset=\"https:\/\/mportezuelo.cl\/Inicio\/wp-content\/uploads\/2026\/04\/WhatsApp-Image-2026-04-28-at-14.47.06-1024x576.jpeg 1024w, https:\/\/mportezuelo.cl\/Inicio\/wp-content\/uploads\/2026\/04\/WhatsApp-Image-2026-04-28-at-14.47.06-300x169.jpeg 300w, https:\/\/mportezuelo.cl\/Inicio\/wp-content\/uploads\/2026\/04\/WhatsApp-Image-2026-04-28-at-14.47.06-768x432.jpeg 768w, https:\/\/mportezuelo.cl\/Inicio\/wp-content\/uploads\/2026\/04\/WhatsApp-Image-2026-04-28-at-14.47.06-1536x864.jpeg 1536w, https:\/\/mportezuelo.cl\/Inicio\/wp-content\/uploads\/2026\/04\/WhatsApp-Image-2026-04-28-at-14.47.06-820x461.jpeg 820w, https:\/\/mportezuelo.cl\/Inicio\/wp-content\/uploads\/2026\/04\/WhatsApp-Image-2026-04-28-at-14.47.06-1170x658.jpeg 1170w, https:\/\/mportezuelo.cl\/Inicio\/wp-content\/uploads\/2026\/04\/WhatsApp-Image-2026-04-28-at-14.47.06-177x100.jpeg 177w, https:\/\/mportezuelo.cl\/Inicio\/wp-content\/uploads\/2026\/04\/WhatsApp-Image-2026-04-28-at-14.47.06.jpeg 1600w\" sizes=\"(max-width: 1024px) 100vw, 1024px\" \/>\t\t\t\t\t\t\t\t\t\t\t\t\t\t\t<\/div>\n\t\t\t\t<\/div>\n\t\t\t\t<\/div>\n\t\t<div class=\"elementor-element elementor-element-01c056e e-con-full e-flex e-con e-child\" data-id=\"01c056e\" data-element_type=\"container\" data-e-type=\"container\" data-settings=\"{&quot;tmea_shape_divider_top&quot;:&quot;none&quot;,&quot;tmea_shape_divider_bottom&quot;:&quot;none&quot;}\">\n\t\t\t\t<div class=\"elementor-element elementor-element-473d516 elementor-widget elementor-widget-text-editor\" data-id=\"473d516\" data-element_type=\"widget\" data-e-type=\"widget\" data-widget_type=\"text-editor.default\">\n\t\t\t\t<div class=\"elementor-widget-container\">\n\t\t\t\t\t\t\t\t\t<p><strong>Un Futuro de Inclusi\u00f3n<\/strong><\/p><p>La participaci\u00f3n de Portezuelo en este regional reafirma el compromiso de la comuna con la visibilidad y el empoderamiento de las personas con discapacidad. Gloven y Fabi\u00e1n no solo bailaron cueca; nos recordaron a todos que el folclore es un espacio de encuentro donde todos tienen un lugar.<\/p>\t\t\t\t\t\t\t\t<\/div>\n\t\t\t\t<\/div>\n\t\t\t\t<\/div>\n\t\t\t\t\t<\/div>\n\t\t\t\t<\/div>\n\t\t<div class=\"elementor-element elementor-element-d31455b e-flex e-con-boxed e-con e-parent\" data-id=\"d31455b\" data-element_type=\"container\" data-e-type=\"container\" data-settings=\"{&quot;tmea_shape_divider_top&quot;:&quot;none&quot;,&quot;tmea_shape_divider_bottom&quot;:&quot;none&quot;}\">\n\t\t\t\t\t<div class=\"e-con-inner\">\n\t\t\t\t<div class=\"elementor-element elementor-element-125e1cc elementor-widget elementor-widget-text-editor\" data-id=\"125e1cc\" data-element_type=\"widget\" data-e-type=\"widget\" data-widget_type=\"text-editor.default\">\n\t\t\t\t<div class=\"elementor-widget-container\">\n\t\t\t\t\t\t\t\t\t<h4><strong>\u00a1Felicitamos a Gloven y Fabi\u00e1n por su valent\u00eda, su talento y por representar con tanto cari\u00f1o a Portezuelo!<\/strong> \ud83c\udde8\ud83c\uddf1\u2728<\/h4>\t\t\t\t\t\t\t\t<\/div>\n\t\t\t\t<\/div>\n\t\t\t\t\t<\/div>\n\t\t\t\t<\/div>\n\t\t<div class=\"elementor-element elementor-element-c5264a7 e-flex e-con-boxed e-con e-parent\" data-id=\"c5264a7\" data-element_type=\"container\" data-e-type=\"container\" data-settings=\"{&quot;tmea_shape_divider_top&quot;:&quot;none&quot;,&quot;tmea_shape_divider_bottom&quot;:&quot;none&quot;}\">\n\t\t\t\t\t<div class=\"e-con-inner\">\n\t\t\t\t<div class=\"elementor-element elementor-element-76a698a elementor-widget elementor-widget-image\" data-id=\"76a698a\" data-element_type=\"widget\" data-e-type=\"widget\" data-widget_type=\"image.default\">\n\t\t\t\t<div class=\"elementor-widget-container\">\n\t\t\t\t\t\t\t\t\t\t\t\t\t\t\t<img loading=\"lazy\" decoding=\"async\" width=\"860\" height=\"1024\" src=\"https:\/\/mportezuelo.cl\/Inicio\/wp-content\/uploads\/2026\/04\/WhatsApp-Image-2026-04-28-at-14.47.03-e1777412407859-860x1024.jpeg\" class=\"attachment-large size-large wp-image-10954\" alt=\"\" srcset=\"https:\/\/mportezuelo.cl\/Inicio\/wp-content\/uploads\/2026\/04\/WhatsApp-Image-2026-04-28-at-14.47.03-e1777412407859-860x1024.jpeg 860w, https:\/\/mportezuelo.cl\/Inicio\/wp-content\/uploads\/2026\/04\/WhatsApp-Image-2026-04-28-at-14.47.03-e1777412407859-252x300.jpeg 252w, https:\/\/mportezuelo.cl\/Inicio\/wp-content\/uploads\/2026\/04\/WhatsApp-Image-2026-04-28-at-14.47.03-e1777412407859-768x914.jpeg 768w, https:\/\/mportezuelo.cl\/Inicio\/wp-content\/uploads\/2026\/04\/WhatsApp-Image-2026-04-28-at-14.47.03-e1777412407859.jpeg 960w\" sizes=\"(max-width: 860px) 100vw, 860px\" \/>\t\t\t\t\t\t\t\t\t\t\t\t\t\t\t<\/div>\n\t\t\t\t<\/div>\n\t\t\t\t\t<\/div>\n\t\t\t\t<\/div>\n\t\t\t\t<\/div>\n\t\t","protected":false},"excerpt":{"rendered":"<p>El pasado viernes 24 de abril, la comuna de San Carlos se transform\u00f3 en el epicentro del folclore inclusivo al recibir el Campeonato Regional de Cueca para Personas con Discapacidad. En esta instancia, la delegaci\u00f3n de Portezuelo se hizo presente con una participaci\u00f3n que destac\u00f3 por su alegr\u00eda, pasi\u00f3n y esp\u00edritu comunitario. Embajadores del Talento [&hellip;]<\/p>\n","protected":false},"author":1,"featured_media":10950,"comment_status":"open","ping_status":"open","sticky":false,"template":"elementor_header_footer","format":"standard","meta":{"_monsterinsights_skip_tracking":false,"_monsterinsights_sitenote_active":false,"_monsterinsights_sitenote_note":"","_monsterinsights_sitenote_category":0,"iawp_total_views":0,"footnotes":""},"categories":[39],"tags":[],"class_list":["post-10949","post","type-post","status-publish","format-standard","has-post-thumbnail","hentry","category-dideco"],"aioseo_notices":[],"_links":{"self":[{"href":"https:\/\/mportezuelo.cl\/Inicio\/wp-json\/wp\/v2\/posts\/10949","targetHints":{"allow":["GET"]}}],"collection":[{"href":"https:\/\/mportezuelo.cl\/Inicio\/wp-json\/wp\/v2\/posts"}],"about":[{"href":"https:\/\/mportezuelo.cl\/Inicio\/wp-json\/wp\/v2\/types\/post"}],"author":[{"embeddable":true,"href":"https:\/\/mportezuelo.cl\/Inicio\/wp-json\/wp\/v2\/users\/1"}],"replies":[{"embeddable":true,"href":"https:\/\/mportezuelo.cl\/Inicio\/wp-json\/wp\/v2\/comments?post=10949"}],"version-history":[{"count":4,"href":"https:\/\/mportezuelo.cl\/Inicio\/wp-json\/wp\/v2\/posts\/10949\/revisions"}],"predecessor-version":[{"id":10957,"href":"https:\/\/mportezuelo.cl\/Inicio\/wp-json\/wp\/v2\/posts\/10949\/revisions\/10957"}],"wp:featuredmedia":[{"embeddable":true,"href":"https:\/\/mportezuelo.cl\/Inicio\/wp-json\/wp\/v2\/media\/10950"}],"wp:attachment":[{"href":"https:\/\/mportezuelo.cl\/Inicio\/wp-json\/wp\/v2\/media?parent=10949"}],"wp:term":[{"taxonomy":"category","embeddable":true,"href":"https:\/\/mportezuelo.cl\/Inicio\/wp-json\/wp\/v2\/categories?post=10949"},{"taxonomy":"post_tag","embeddable":true,"href":"https:\/\/mportezuelo.cl\/Inicio\/wp-json\/wp\/v2\/tags?post=10949"}],"curies":[{"name":"wp","href":"https:\/\/api.w.org\/{rel}","templated":true}]}}