{"id":10839,"date":"2026-04-27T15:33:21","date_gmt":"2026-04-27T18:33:21","guid":{"rendered":"https:\/\/mportezuelo.cl\/Inicio\/?p=10839"},"modified":"2026-04-27T15:40:16","modified_gmt":"2026-04-27T18:40:16","slug":"alcalde-juan-carlos-ramirez-presento-gestion-2025-ante-mas-de-300-dirigentes","status":"publish","type":"post","link":"https:\/\/mportezuelo.cl\/Inicio\/2026\/04\/27\/alcalde-juan-carlos-ramirez-presento-gestion-2025-ante-mas-de-300-dirigentes\/","title":{"rendered":"Alcalde Juan Carlos Ram\u00edrez present\u00f3 Gesti\u00f3n 2025 ante m\u00e1s de 300 dirigentes"},"content":{"rendered":"\t\t<div data-elementor-type=\"wp-post\" data-elementor-id=\"10839\" class=\"elementor elementor-10839\" data-elementor-post-type=\"post\">\n\t\t\t\t<div class=\"elementor-element elementor-element-a17a49b e-flex e-con-boxed e-con e-parent\" data-id=\"a17a49b\" data-element_type=\"container\" data-e-type=\"container\" data-settings=\"{&quot;tmea_shape_divider_top&quot;:&quot;none&quot;,&quot;tmea_shape_divider_bottom&quot;:&quot;none&quot;}\">\n\t\t\t\t\t<div class=\"e-con-inner\">\n\t\t\t\t<div class=\"elementor-element elementor-element-a4aa0bf elementor-widget elementor-widget-image\" data-id=\"a4aa0bf\" data-element_type=\"widget\" data-e-type=\"widget\" data-widget_type=\"image.default\">\n\t\t\t\t<div class=\"elementor-widget-container\">\n\t\t\t\t\t\t\t\t\t\t\t\t\t\t\t<img fetchpriority=\"high\" decoding=\"async\" width=\"1024\" height=\"683\" src=\"https:\/\/mportezuelo.cl\/Inicio\/wp-content\/uploads\/2026\/04\/DSC06881-1024x683.jpg\" class=\"attachment-large size-large wp-image-10848\" alt=\"\" srcset=\"https:\/\/mportezuelo.cl\/Inicio\/wp-content\/uploads\/2026\/04\/DSC06881-1024x683.jpg 1024w, https:\/\/mportezuelo.cl\/Inicio\/wp-content\/uploads\/2026\/04\/DSC06881-300x200.jpg 300w, https:\/\/mportezuelo.cl\/Inicio\/wp-content\/uploads\/2026\/04\/DSC06881-768x512.jpg 768w, https:\/\/mportezuelo.cl\/Inicio\/wp-content\/uploads\/2026\/04\/DSC06881-1536x1024.jpg 1536w, https:\/\/mportezuelo.cl\/Inicio\/wp-content\/uploads\/2026\/04\/DSC06881-2048x1365.jpg 2048w\" sizes=\"(max-width: 1024px) 100vw, 1024px\" \/>\t\t\t\t\t\t\t\t\t\t\t\t\t\t\t<\/div>\n\t\t\t\t<\/div>\n\t\t\t\t\t<\/div>\n\t\t\t\t<\/div>\n\t\t<div class=\"elementor-element elementor-element-2bb8e52 e-flex e-con-boxed e-con e-parent\" data-id=\"2bb8e52\" data-element_type=\"container\" data-e-type=\"container\" data-settings=\"{&quot;tmea_shape_divider_top&quot;:&quot;none&quot;,&quot;tmea_shape_divider_bottom&quot;:&quot;none&quot;}\">\n\t\t\t\t\t<div class=\"e-con-inner\">\n\t\t\n\t\t<div class=\"elementor-element elementor-element-c4fd792 elementor-widget elementor-widget-text-editor\" data-id=\"c4fd792\" data-element_type=\"widget\" data-e-type=\"widget\" data-widget_type=\"text-editor.default\">\n\t\t\t\t<div class=\"elementor-widget-container\">\n\t\t\t\t\t\t\t\t\t<p>En una multitudinaria jornada que reflej\u00f3 el compromiso de la comunidad con el desarrollo local, el <strong>Concejo Municipal de Portezuelo<\/strong> llev\u00f3 a cabo una sesi\u00f3n extraordinaria para la entrega de la <strong>Cuenta P\u00fablica de Gesti\u00f3n 2025<\/strong>. La actividad, encabezada por el alcalde <strong>Juan Carlos Ram\u00edrez<\/strong>, cont\u00f3 con la participaci\u00f3n activa de m\u00e1s de 300 dirigentes sociales, reafirmando el sello participativo de la actual administraci\u00f3n.<\/p>\t\t\t\t\t\t\t\t<\/div>\n\t\t\t\t<\/div>\n\t\t\t\t\t<\/div>\n\t\t\t\t<\/div>\n\t\t<div class=\"elementor-element elementor-element-fd531a3 e-flex e-con-boxed e-con e-parent\" data-id=\"fd531a3\" data-element_type=\"container\" data-e-type=\"container\" data-settings=\"{&quot;tmea_shape_divider_top&quot;:&quot;none&quot;,&quot;tmea_shape_divider_bottom&quot;:&quot;none&quot;}\">\n\t\t\t\t\t<div class=\"e-con-inner\">\n\t\t<div class=\"elementor-element elementor-element-2e5c5e9 e-con-full e-flex e-con e-child\" data-id=\"2e5c5e9\" data-element_type=\"container\" data-e-type=\"container\" data-settings=\"{&quot;tmea_shape_divider_top&quot;:&quot;none&quot;,&quot;tmea_shape_divider_bottom&quot;:&quot;none&quot;}\">\n\t\t\t\t<div class=\"elementor-element elementor-element-c8e8f92 elementor-widget elementor-widget-image\" data-id=\"c8e8f92\" data-element_type=\"widget\" data-e-type=\"widget\" data-widget_type=\"image.default\">\n\t\t\t\t<div class=\"elementor-widget-container\">\n\t\t\t\t\t\t\t\t\t\t\t\t\t\t\t<img decoding=\"async\" width=\"1024\" height=\"683\" src=\"https:\/\/mportezuelo.cl\/Inicio\/wp-content\/uploads\/2026\/04\/DSC06813-1024x683.jpg\" class=\"attachment-large size-large wp-image-10854\" alt=\"\" srcset=\"https:\/\/mportezuelo.cl\/Inicio\/wp-content\/uploads\/2026\/04\/DSC06813-1024x683.jpg 1024w, https:\/\/mportezuelo.cl\/Inicio\/wp-content\/uploads\/2026\/04\/DSC06813-300x200.jpg 300w, https:\/\/mportezuelo.cl\/Inicio\/wp-content\/uploads\/2026\/04\/DSC06813-768x512.jpg 768w, https:\/\/mportezuelo.cl\/Inicio\/wp-content\/uploads\/2026\/04\/DSC06813-1536x1024.jpg 1536w, https:\/\/mportezuelo.cl\/Inicio\/wp-content\/uploads\/2026\/04\/DSC06813-2048x1365.jpg 2048w\" sizes=\"(max-width: 1024px) 100vw, 1024px\" \/>\t\t\t\t\t\t\t\t\t\t\t\t\t\t\t<\/div>\n\t\t\t\t<\/div>\n\t\t\t\t<\/div>\n\t\t<div class=\"elementor-element elementor-element-ccde4ac e-con-full e-flex e-con e-child\" data-id=\"ccde4ac\" data-element_type=\"container\" data-e-type=\"container\" data-settings=\"{&quot;tmea_shape_divider_top&quot;:&quot;none&quot;,&quot;tmea_shape_divider_bottom&quot;:&quot;none&quot;}\">\n\t\t\t\t<div class=\"elementor-element elementor-element-25dc7e6 elementor-widget elementor-widget-text-editor\" data-id=\"25dc7e6\" data-element_type=\"widget\" data-e-type=\"widget\" data-widget_type=\"text-editor.default\">\n\t\t\t\t<div class=\"elementor-widget-container\">\n\t\t\t\t\t\t\t\t\t<p>administraci\u00f3n.<\/p><p><strong>Ejes estrat\u00e9gicos: Agua, Educaci\u00f3n e Inclusi\u00f3n<\/strong><\/p><p>Durante su intervenci\u00f3n, el edil detall\u00f3 los hitos alcanzados durante el \u00faltimo periodo, poniendo especial \u00e9nfasis en la resoluci\u00f3n de problem\u00e1ticas cr\u00edticas para la zona rural y el bienestar social.<\/p><p>Los pilares de la gesti\u00f3n destacada incluyen:<\/p><ul><li><strong>Mitigaci\u00f3n del D\u00e9ficit H\u00eddrico:<\/strong> Inversiones estrat\u00e9gicas para asegurar el abastecimiento de agua en los sectores m\u00e1s afectados.<\/li><li><strong>Excelencia en Educaci\u00f3n:<\/strong> Mejoras en infraestructura y programas pedag\u00f3gicos para los estudiantes de la comuna.<\/li><li><strong>Fortalecimiento Social:<\/strong> Apoyo directo a organizaciones de base, con un enfoque prioritario en <strong>adultos mayores<\/strong> y <strong>personas en situaci\u00f3n de discapacidad<\/strong>.<\/li><\/ul>\t\t\t\t\t\t\t\t<\/div>\n\t\t\t\t<\/div>\n\t\t\t\t<\/div>\n\t\t\t\t\t<\/div>\n\t\t\t\t<\/div>\n\t\t<div class=\"elementor-element elementor-element-1634c6d e-flex e-con-boxed e-con e-parent\" data-id=\"1634c6d\" data-element_type=\"container\" data-e-type=\"container\" data-settings=\"{&quot;tmea_shape_divider_top&quot;:&quot;none&quot;,&quot;tmea_shape_divider_bottom&quot;:&quot;none&quot;}\">\n\t\t\t\t\t<div class=\"e-con-inner\">\n\t\t<div class=\"elementor-element elementor-element-9f45cb7 e-con-full e-flex e-con e-child\" data-id=\"9f45cb7\" data-element_type=\"container\" data-e-type=\"container\" data-settings=\"{&quot;tmea_shape_divider_top&quot;:&quot;none&quot;,&quot;tmea_shape_divider_bottom&quot;:&quot;none&quot;}\">\n\t\t\t\t<div class=\"elementor-element elementor-element-01eb511 elementor-widget elementor-widget-image\" data-id=\"01eb511\" data-element_type=\"widget\" data-e-type=\"widget\" data-widget_type=\"image.default\">\n\t\t\t\t<div class=\"elementor-widget-container\">\n\t\t\t\t\t\t\t\t\t\t\t\t\t\t\t<img decoding=\"async\" width=\"1024\" height=\"683\" src=\"https:\/\/mportezuelo.cl\/Inicio\/wp-content\/uploads\/2026\/04\/DSC06843-1024x683.jpg\" class=\"attachment-large size-large wp-image-10856\" alt=\"\" srcset=\"https:\/\/mportezuelo.cl\/Inicio\/wp-content\/uploads\/2026\/04\/DSC06843-1024x683.jpg 1024w, https:\/\/mportezuelo.cl\/Inicio\/wp-content\/uploads\/2026\/04\/DSC06843-300x200.jpg 300w, https:\/\/mportezuelo.cl\/Inicio\/wp-content\/uploads\/2026\/04\/DSC06843-768x512.jpg 768w, https:\/\/mportezuelo.cl\/Inicio\/wp-content\/uploads\/2026\/04\/DSC06843-1536x1024.jpg 1536w, https:\/\/mportezuelo.cl\/Inicio\/wp-content\/uploads\/2026\/04\/DSC06843-2048x1365.jpg 2048w\" sizes=\"(max-width: 1024px) 100vw, 1024px\" \/>\t\t\t\t\t\t\t\t\t\t\t\t\t\t\t<\/div>\n\t\t\t\t<\/div>\n\t\t\t\t<\/div>\n\t\t<div class=\"elementor-element elementor-element-8fa115f e-con-full e-flex e-con e-child\" data-id=\"8fa115f\" data-element_type=\"container\" data-e-type=\"container\" data-settings=\"{&quot;tmea_shape_divider_top&quot;:&quot;none&quot;,&quot;tmea_shape_divider_bottom&quot;:&quot;none&quot;}\">\n\t\t\t\t<div class=\"elementor-element elementor-element-b835f7d elementor-widget elementor-widget-text-editor\" data-id=\"b835f7d\" data-element_type=\"widget\" data-e-type=\"widget\" data-widget_type=\"text-editor.default\">\n\t\t\t\t<div class=\"elementor-widget-container\">\n\t\t\t\t\t\t\t\t\t<p><strong>Un compromiso con la seguridad ciudadana<\/strong><\/p><p>Uno de los momentos m\u00e1s significativos de la jornada fue la <strong>firma de un convenio clave con el Gobierno Regional de \u00d1uble<\/strong>. Este acuerdo permitir\u00e1 la implementaci\u00f3n de un moderno sistema de <strong>c\u00e1maras de vigilancia<\/strong> en diversos puntos de la comuna.<\/p><p>&#8220;Esta inversi\u00f3n en tecnolog\u00eda de seguridad no es solo un avance t\u00e9cnico, es una respuesta concreta para que nuestros vecinos y vecinas vuelvan a sentirse tranquilos en sus barrios&#8221;, se\u00f1al\u00f3 el alcalde Ram\u00edrez.<\/p>\t\t\t\t\t\t\t\t<\/div>\n\t\t\t\t<\/div>\n\t\t\t\t<\/div>\n\t\t\t\t\t<\/div>\n\t\t\t\t<\/div>\n\t\t<div class=\"elementor-element elementor-element-e105097 e-flex e-con-boxed e-con e-parent\" data-id=\"e105097\" data-element_type=\"container\" data-e-type=\"container\" data-settings=\"{&quot;tmea_shape_divider_top&quot;:&quot;none&quot;,&quot;tmea_shape_divider_bottom&quot;:&quot;none&quot;}\">\n\t\t\t\t\t<div class=\"e-con-inner\">\n\t\t<div class=\"elementor-element elementor-element-0a625e2 e-con-full e-flex e-con e-child\" data-id=\"0a625e2\" data-element_type=\"container\" data-e-type=\"container\" data-settings=\"{&quot;tmea_shape_divider_top&quot;:&quot;none&quot;,&quot;tmea_shape_divider_bottom&quot;:&quot;none&quot;}\">\n\t\t\t\t<div class=\"elementor-element elementor-element-aa3a8c0 elementor-widget elementor-widget-image\" data-id=\"aa3a8c0\" data-element_type=\"widget\" data-e-type=\"widget\" data-widget_type=\"image.default\">\n\t\t\t\t<div class=\"elementor-widget-container\">\n\t\t\t\t\t\t\t\t\t\t\t\t\t\t\t<img loading=\"lazy\" decoding=\"async\" width=\"1024\" height=\"683\" src=\"https:\/\/mportezuelo.cl\/Inicio\/wp-content\/uploads\/2026\/04\/DSC06822-1024x683.jpg\" class=\"attachment-large size-large wp-image-10857\" alt=\"\" srcset=\"https:\/\/mportezuelo.cl\/Inicio\/wp-content\/uploads\/2026\/04\/DSC06822-1024x683.jpg 1024w, https:\/\/mportezuelo.cl\/Inicio\/wp-content\/uploads\/2026\/04\/DSC06822-300x200.jpg 300w, https:\/\/mportezuelo.cl\/Inicio\/wp-content\/uploads\/2026\/04\/DSC06822-768x512.jpg 768w, https:\/\/mportezuelo.cl\/Inicio\/wp-content\/uploads\/2026\/04\/DSC06822-1536x1024.jpg 1536w, https:\/\/mportezuelo.cl\/Inicio\/wp-content\/uploads\/2026\/04\/DSC06822-2048x1365.jpg 2048w\" sizes=\"(max-width: 1024px) 100vw, 1024px\" \/>\t\t\t\t\t\t\t\t\t\t\t\t\t\t\t<\/div>\n\t\t\t\t<\/div>\n\t\t\t\t<\/div>\n\t\t<div class=\"elementor-element elementor-element-a50ac4f e-con-full e-flex e-con e-child\" data-id=\"a50ac4f\" data-element_type=\"container\" data-e-type=\"container\" data-settings=\"{&quot;tmea_shape_divider_top&quot;:&quot;none&quot;,&quot;tmea_shape_divider_bottom&quot;:&quot;none&quot;}\">\n\t\t\t\t<div class=\"elementor-element elementor-element-7b05d5f elementor-widget elementor-widget-text-editor\" data-id=\"7b05d5f\" data-element_type=\"widget\" data-e-type=\"widget\" data-widget_type=\"text-editor.default\">\n\t\t\t\t<div class=\"elementor-widget-container\">\n\t\t\t\t\t\t\t\t\t<p><strong>Respaldo de autoridades regionales<\/strong><\/p><p>La relevancia del evento qued\u00f3 de manifiesto con la presencia de destacadas figuras del \u00e1mbito pol\u00edtico y regional, entre ellos:<\/p><ul><li><strong>Parlamentarios:<\/strong> Los diputados Felipe Cama\u00f1o, Francisco Cris\u00f3stomo y Crist\u00f3bal Mart\u00ednez.<\/li><li><strong>Autoridades Locales:<\/strong> Los alcaldes de las comunas vecinas de Ninhue y Quirihue.<\/li><li><strong>Gabinete Regional:<\/strong> Seremis de diversas carteras y representantes del Gobernador Regional de \u00d1uble.<\/li><\/ul><p>La masiva asistencia de autoridades y dirigentes sociales consolida a Portezuelo como una comuna que avanza con transparencia y una visi\u00f3n clara hacia el futuro, priorizando siempre la calidad de vida de sus habitantes.<\/p>\t\t\t\t\t\t\t\t<\/div>\n\t\t\t\t<\/div>\n\t\t\t\t<\/div>\n\t\t\t\t\t<\/div>\n\t\t\t\t<\/div>\n\t\t<div class=\"elementor-element elementor-element-ef80d6f e-flex e-con-boxed e-con e-parent\" data-id=\"ef80d6f\" data-element_type=\"container\" data-e-type=\"container\" data-settings=\"{&quot;tmea_shape_divider_top&quot;:&quot;none&quot;,&quot;tmea_shape_divider_bottom&quot;:&quot;none&quot;}\">\n\t\t\t\t\t<div class=\"e-con-inner\">\n\t\t\t\t<div class=\"elementor-element elementor-element-d2d1f54 elementor-widget elementor-widget-spacer\" data-id=\"d2d1f54\" data-element_type=\"widget\" data-e-type=\"widget\" data-widget_type=\"spacer.default\">\n\t\t\t\t<div class=\"elementor-widget-container\">\n\t\t\t\t\t\t\t<div class=\"elementor-spacer\">\n\t\t\t<div class=\"elementor-spacer-inner\"><\/div>\n\t\t<\/div>\n\t\t\t\t\t\t<\/div>\n\t\t\t\t<\/div>\n\t\t\t\t\t<\/div>\n\t\t\t\t<\/div>\n\t\t\t\t<\/div>\n\t\t","protected":false},"excerpt":{"rendered":"<p>En una multitudinaria jornada que reflej\u00f3 el compromiso de la comunidad con el desarrollo local, el Concejo Municipal de Portezuelo llev\u00f3 a cabo una sesi\u00f3n extraordinaria para la entrega de la Cuenta P\u00fablica de Gesti\u00f3n 2025. La actividad, encabezada por el alcalde Juan Carlos Ram\u00edrez, cont\u00f3 con la participaci\u00f3n activa de m\u00e1s de 300 dirigentes [&hellip;]<\/p>\n","protected":false},"author":1,"featured_media":10848,"comment_status":"open","ping_status":"open","sticky":false,"template":"elementor_header_footer","format":"standard","meta":{"_monsterinsights_skip_tracking":false,"_monsterinsights_sitenote_active":false,"_monsterinsights_sitenote_note":"","_monsterinsights_sitenote_category":0,"iawp_total_views":0,"footnotes":""},"categories":[42],"tags":[],"class_list":["post-10839","post","type-post","status-publish","format-standard","has-post-thumbnail","hentry","category-municipalidad"],"aioseo_notices":[],"_links":{"self":[{"href":"https:\/\/mportezuelo.cl\/Inicio\/wp-json\/wp\/v2\/posts\/10839","targetHints":{"allow":["GET"]}}],"collection":[{"href":"https:\/\/mportezuelo.cl\/Inicio\/wp-json\/wp\/v2\/posts"}],"about":[{"href":"https:\/\/mportezuelo.cl\/Inicio\/wp-json\/wp\/v2\/types\/post"}],"author":[{"embeddable":true,"href":"https:\/\/mportezuelo.cl\/Inicio\/wp-json\/wp\/v2\/users\/1"}],"replies":[{"embeddable":true,"href":"https:\/\/mportezuelo.cl\/Inicio\/wp-json\/wp\/v2\/comments?post=10839"}],"version-history":[{"count":7,"href":"https:\/\/mportezuelo.cl\/Inicio\/wp-json\/wp\/v2\/posts\/10839\/revisions"}],"predecessor-version":[{"id":10860,"href":"https:\/\/mportezuelo.cl\/Inicio\/wp-json\/wp\/v2\/posts\/10839\/revisions\/10860"}],"wp:featuredmedia":[{"embeddable":true,"href":"https:\/\/mportezuelo.cl\/Inicio\/wp-json\/wp\/v2\/media\/10848"}],"wp:attachment":[{"href":"https:\/\/mportezuelo.cl\/Inicio\/wp-json\/wp\/v2\/media?parent=10839"}],"wp:term":[{"taxonomy":"category","embeddable":true,"href":"https:\/\/mportezuelo.cl\/Inicio\/wp-json\/wp\/v2\/categories?post=10839"},{"taxonomy":"post_tag","embeddable":true,"href":"https:\/\/mportezuelo.cl\/Inicio\/wp-json\/wp\/v2\/tags?post=10839"}],"curies":[{"name":"wp","href":"https:\/\/api.w.org\/{rel}","templated":true}]}}