{"id":10830,"date":"2026-04-27T14:21:21","date_gmt":"2026-04-27T17:21:21","guid":{"rendered":"https:\/\/mportezuelo.cl\/Inicio\/?p=10830"},"modified":"2026-04-27T14:24:18","modified_gmt":"2026-04-27T17:24:18","slug":"se-inicia-proceso-de-reconstruccion-en-portezuelo","status":"publish","type":"post","link":"https:\/\/mportezuelo.cl\/Inicio\/2026\/04\/27\/se-inicia-proceso-de-reconstruccion-en-portezuelo\/","title":{"rendered":"Se inicia proceso de reconstrucci\u00f3n en Portezuelo"},"content":{"rendered":"\t\t<div data-elementor-type=\"wp-post\" data-elementor-id=\"10830\" class=\"elementor elementor-10830\" data-elementor-post-type=\"post\">\n\t\t\t\t<div class=\"elementor-element elementor-element-b7034a6 e-flex e-con-boxed e-con e-parent\" data-id=\"b7034a6\" data-element_type=\"container\" data-e-type=\"container\" data-settings=\"{&quot;tmea_shape_divider_top&quot;:&quot;none&quot;,&quot;tmea_shape_divider_bottom&quot;:&quot;none&quot;}\">\n\t\t\t\t\t<div class=\"e-con-inner\">\n\t\t\t\t<div class=\"elementor-element elementor-element-394dab8 elementor-widget elementor-widget-image\" data-id=\"394dab8\" data-element_type=\"widget\" data-e-type=\"widget\" data-widget_type=\"image.default\">\n\t\t\t\t<div class=\"elementor-widget-container\">\n\t\t\t\t\t\t\t\t\t\t\t\t\t\t\t<img fetchpriority=\"high\" decoding=\"async\" width=\"1024\" height=\"645\" src=\"https:\/\/mportezuelo.cl\/Inicio\/wp-content\/uploads\/2026\/04\/WhatsApp-Image-2026-04-23-at-19.19.06-e1777310327925-1024x645.jpeg\" class=\"attachment-large size-large wp-image-10831\" alt=\"\" srcset=\"https:\/\/mportezuelo.cl\/Inicio\/wp-content\/uploads\/2026\/04\/WhatsApp-Image-2026-04-23-at-19.19.06-e1777310327925-1024x645.jpeg 1024w, https:\/\/mportezuelo.cl\/Inicio\/wp-content\/uploads\/2026\/04\/WhatsApp-Image-2026-04-23-at-19.19.06-e1777310327925-300x189.jpeg 300w, https:\/\/mportezuelo.cl\/Inicio\/wp-content\/uploads\/2026\/04\/WhatsApp-Image-2026-04-23-at-19.19.06-e1777310327925-768x484.jpeg 768w, https:\/\/mportezuelo.cl\/Inicio\/wp-content\/uploads\/2026\/04\/WhatsApp-Image-2026-04-23-at-19.19.06-e1777310327925-1536x968.jpeg 1536w, https:\/\/mportezuelo.cl\/Inicio\/wp-content\/uploads\/2026\/04\/WhatsApp-Image-2026-04-23-at-19.19.06-e1777310327925.jpeg 1600w\" sizes=\"(max-width: 1024px) 100vw, 1024px\" \/>\t\t\t\t\t\t\t\t\t\t\t\t\t\t\t<\/div>\n\t\t\t\t<\/div>\n\t\t\t\t\t<\/div>\n\t\t\t\t<\/div>\n\t\t<div class=\"elementor-element elementor-element-0fe91d0 e-flex e-con-boxed e-con e-parent\" data-id=\"0fe91d0\" data-element_type=\"container\" data-e-type=\"container\" data-settings=\"{&quot;tmea_shape_divider_top&quot;:&quot;none&quot;,&quot;tmea_shape_divider_bottom&quot;:&quot;none&quot;}\">\n\t\t\t\t\t<div class=\"e-con-inner\">\n\t\t\n\t\t<div class=\"elementor-element elementor-element-146ff1f elementor-widget elementor-widget-text-editor\" data-id=\"146ff1f\" data-element_type=\"widget\" data-e-type=\"widget\" data-widget_type=\"text-editor.default\">\n\t\t\t\t<div class=\"elementor-widget-container\">\n\t\t\t\t\t\t\t\t\t<p>En una jornada cargada de emoci\u00f3n y esperanza, el sector de <strong>Chudal<\/strong> fue el escenario de un hito fundamental para la comunidad de Portezuelo: la colocaci\u00f3n de la <strong>primera piedra<\/strong> de las viviendas definitivas para las familias que perdieron todo durante los incendios forestales del verano 2026.<\/p><p>El acto simb\u00f3lico marc\u00f3 el inicio de las obras para <strong>Carlos Parra<\/strong>, cuya historia de resiliencia representa tambi\u00e9n el camino que hoy comienzan a recorrer las vecinas <strong>Rosita Llanos<\/strong> y <strong>Norma Figueroa<\/strong>, quienes tambi\u00e9n recibir\u00e1n sus nuevos hogares en este sector.<\/p>\t\t\t\t\t\t\t\t<\/div>\n\t\t\t\t<\/div>\n\t\t\t\t\t<\/div>\n\t\t\t\t<\/div>\n\t\t<div class=\"elementor-element elementor-element-9223226 e-flex e-con-boxed e-con e-parent\" data-id=\"9223226\" data-element_type=\"container\" data-e-type=\"container\" data-settings=\"{&quot;tmea_shape_divider_top&quot;:&quot;none&quot;,&quot;tmea_shape_divider_bottom&quot;:&quot;none&quot;}\">\n\t\t\t\t\t<div class=\"e-con-inner\">\n\t\t<div class=\"elementor-element elementor-element-d0e99cb e-con-full e-flex e-con e-child\" data-id=\"d0e99cb\" data-element_type=\"container\" data-e-type=\"container\" data-settings=\"{&quot;tmea_shape_divider_top&quot;:&quot;none&quot;,&quot;tmea_shape_divider_bottom&quot;:&quot;none&quot;}\">\n\t\t\t\t<div class=\"elementor-element elementor-element-76a6bca elementor-widget elementor-widget-image\" data-id=\"76a6bca\" data-element_type=\"widget\" data-e-type=\"widget\" data-widget_type=\"image.default\">\n\t\t\t\t<div class=\"elementor-widget-container\">\n\t\t\t\t\t\t\t\t\t\t\t\t\t\t\t<img decoding=\"async\" width=\"1024\" height=\"768\" src=\"https:\/\/mportezuelo.cl\/Inicio\/wp-content\/uploads\/2026\/04\/WhatsApp-Image-2026-04-23-at-19.19.03-1024x768.jpeg\" class=\"attachment-large size-large wp-image-10833\" alt=\"\" srcset=\"https:\/\/mportezuelo.cl\/Inicio\/wp-content\/uploads\/2026\/04\/WhatsApp-Image-2026-04-23-at-19.19.03-1024x768.jpeg 1024w, https:\/\/mportezuelo.cl\/Inicio\/wp-content\/uploads\/2026\/04\/WhatsApp-Image-2026-04-23-at-19.19.03-300x225.jpeg 300w, https:\/\/mportezuelo.cl\/Inicio\/wp-content\/uploads\/2026\/04\/WhatsApp-Image-2026-04-23-at-19.19.03-768x576.jpeg 768w, https:\/\/mportezuelo.cl\/Inicio\/wp-content\/uploads\/2026\/04\/WhatsApp-Image-2026-04-23-at-19.19.03-1536x1152.jpeg 1536w, https:\/\/mportezuelo.cl\/Inicio\/wp-content\/uploads\/2026\/04\/WhatsApp-Image-2026-04-23-at-19.19.03.jpeg 1600w\" sizes=\"(max-width: 1024px) 100vw, 1024px\" \/>\t\t\t\t\t\t\t\t\t\t\t\t\t\t\t<\/div>\n\t\t\t\t<\/div>\n\t\t\t\t<\/div>\n\t\t<div class=\"elementor-element elementor-element-9085be9 e-con-full e-flex e-con e-child\" data-id=\"9085be9\" data-element_type=\"container\" data-e-type=\"container\" data-settings=\"{&quot;tmea_shape_divider_top&quot;:&quot;none&quot;,&quot;tmea_shape_divider_bottom&quot;:&quot;none&quot;}\">\n\t\t\t\t<div class=\"elementor-element elementor-element-faccba0 elementor-widget elementor-widget-text-editor\" data-id=\"faccba0\" data-element_type=\"widget\" data-e-type=\"widget\" data-widget_type=\"text-editor.default\">\n\t\t\t\t<div class=\"elementor-widget-container\">\n\t\t\t\t\t\t\t\t\t<p><strong>Autoridades respaldan el compromiso habitacional<\/strong><\/p><p>La ceremonia cont\u00f3 con la participaci\u00f3n de figuras clave en la gesti\u00f3n de esta emergencia, destacando la presencia de:<\/p><ul><li><strong>Juan Carlos Ram\u00edrez<\/strong>, Alcalde de Portezuelo.<\/li><li><strong>Carolina Navarrete<\/strong>, Seremi del MINVU.<\/li><li><strong>Aracelly Godoy<\/strong>, Directora (s) de Serviu.<\/li><li><strong>Tom\u00e1s Landaeta<\/strong>, Delegado Provincial de Itata.<\/li><\/ul><p>Durante el encuentro, el alcalde Ram\u00edrez subray\u00f3 la agilidad con la que se ha trabajado para dar respuesta a los damnificados:<\/p><p><em>&#8220;Estamos muy contentos con el r\u00e1pido inicio de la reconstrucci\u00f3n para estas familias. Nos comprometimos a apoyarlos en el proceso y hoy, a ra\u00edz de la r\u00e1pida acci\u00f3n de los equipos municipales y ministeriales, podemos iniciar obras&#8221;,<\/em> destac\u00f3 la m\u00e1xima autoridad comunal.<\/p>\t\t\t\t\t\t\t\t<\/div>\n\t\t\t\t<\/div>\n\t\t\t\t<\/div>\n\t\t\t\t\t<\/div>\n\t\t\t\t<\/div>\n\t\t<div class=\"elementor-element elementor-element-7258c8c e-flex e-con-boxed e-con e-parent\" data-id=\"7258c8c\" data-element_type=\"container\" data-e-type=\"container\" data-settings=\"{&quot;tmea_shape_divider_top&quot;:&quot;none&quot;,&quot;tmea_shape_divider_bottom&quot;:&quot;none&quot;}\">\n\t\t\t\t\t<div class=\"e-con-inner\">\n\t\t<div class=\"elementor-element elementor-element-b8561f5 e-con-full e-flex e-con e-child\" data-id=\"b8561f5\" data-element_type=\"container\" data-e-type=\"container\" data-settings=\"{&quot;tmea_shape_divider_top&quot;:&quot;none&quot;,&quot;tmea_shape_divider_bottom&quot;:&quot;none&quot;}\">\n\t\t\t\t<div class=\"elementor-element elementor-element-32ebbda elementor-widget elementor-widget-image\" data-id=\"32ebbda\" data-element_type=\"widget\" data-e-type=\"widget\" data-widget_type=\"image.default\">\n\t\t\t\t<div class=\"elementor-widget-container\">\n\t\t\t\t\t\t\t\t\t\t\t\t\t\t\t<img decoding=\"async\" width=\"1024\" height=\"768\" src=\"https:\/\/mportezuelo.cl\/Inicio\/wp-content\/uploads\/2026\/04\/WhatsApp-Image-2026-04-23-at-19.19.01-1024x768.jpeg\" class=\"attachment-large size-large wp-image-10834\" alt=\"\" srcset=\"https:\/\/mportezuelo.cl\/Inicio\/wp-content\/uploads\/2026\/04\/WhatsApp-Image-2026-04-23-at-19.19.01-1024x768.jpeg 1024w, https:\/\/mportezuelo.cl\/Inicio\/wp-content\/uploads\/2026\/04\/WhatsApp-Image-2026-04-23-at-19.19.01-300x225.jpeg 300w, https:\/\/mportezuelo.cl\/Inicio\/wp-content\/uploads\/2026\/04\/WhatsApp-Image-2026-04-23-at-19.19.01-768x576.jpeg 768w, https:\/\/mportezuelo.cl\/Inicio\/wp-content\/uploads\/2026\/04\/WhatsApp-Image-2026-04-23-at-19.19.01-1536x1152.jpeg 1536w, https:\/\/mportezuelo.cl\/Inicio\/wp-content\/uploads\/2026\/04\/WhatsApp-Image-2026-04-23-at-19.19.01.jpeg 1600w\" sizes=\"(max-width: 1024px) 100vw, 1024px\" \/>\t\t\t\t\t\t\t\t\t\t\t\t\t\t\t<\/div>\n\t\t\t\t<\/div>\n\t\t\t\t<\/div>\n\t\t<div class=\"elementor-element elementor-element-d9e3f29 e-con-full e-flex e-con e-child\" data-id=\"d9e3f29\" data-element_type=\"container\" data-e-type=\"container\" data-settings=\"{&quot;tmea_shape_divider_top&quot;:&quot;none&quot;,&quot;tmea_shape_divider_bottom&quot;:&quot;none&quot;}\">\n\t\t\t\t<div class=\"elementor-element elementor-element-1e69516 elementor-widget elementor-widget-text-editor\" data-id=\"1e69516\" data-element_type=\"widget\" data-e-type=\"widget\" data-widget_type=\"text-editor.default\">\n\t\t\t\t<div class=\"elementor-widget-container\">\n\t\t\t\t\t\t\t\t\t<p><strong>Viviendas de alto est\u00e1ndar y eficiencia<\/strong><\/p><p>La reconstrucci\u00f3n no solo busca devolver un techo a estas familias, sino mejorar significativamente su calidad de vida a trav\u00e9s del <strong>subsidio rural D.S. N\u00b010<\/strong>. Las nuevas viviendas contar\u00e1n con caracter\u00edsticas t\u00e9cnicas de primer nivel:<\/p><ul><li><strong>Superficie:<\/strong> Hasta 81 m\u00b2 de construcci\u00f3n.<\/li><li><strong>Distribuci\u00f3n:<\/strong> 3 dormitorios y espacios amplios dise\u00f1ados para la vida familiar.<\/li><li><strong>Tecnolog\u00eda:<\/strong> Equipadas con sistemas de <strong>eficiencia energ\u00e9tica<\/strong>.<\/li><li><strong>Contexto:<\/strong> Construcciones adaptadas a la realidad del sector rural, garantizando durabilidad y confort t\u00e9rmico.<\/li><\/ul>\t\t\t\t\t\t\t\t<\/div>\n\t\t\t\t<\/div>\n\t\t\t\t<\/div>\n\t\t\t\t\t<\/div>\n\t\t\t\t<\/div>\n\t\t<div class=\"elementor-element elementor-element-9154769 e-flex e-con-boxed e-con e-parent\" data-id=\"9154769\" data-element_type=\"container\" data-e-type=\"container\" data-settings=\"{&quot;tmea_shape_divider_top&quot;:&quot;none&quot;,&quot;tmea_shape_divider_bottom&quot;:&quot;none&quot;}\">\n\t\t\t\t\t<div class=\"e-con-inner\">\n\t\t<div class=\"elementor-element elementor-element-cdd4d40 e-con-full e-flex e-con e-child\" data-id=\"cdd4d40\" data-element_type=\"container\" data-e-type=\"container\" data-settings=\"{&quot;tmea_shape_divider_top&quot;:&quot;none&quot;,&quot;tmea_shape_divider_bottom&quot;:&quot;none&quot;}\">\n\t\t\t\t<div class=\"elementor-element elementor-element-3345f62 elementor-widget elementor-widget-image\" data-id=\"3345f62\" data-element_type=\"widget\" data-e-type=\"widget\" data-widget_type=\"image.default\">\n\t\t\t\t<div class=\"elementor-widget-container\">\n\t\t\t\t\t\t\t\t\t\t\t\t\t\t\t<img loading=\"lazy\" decoding=\"async\" width=\"1024\" height=\"768\" src=\"https:\/\/mportezuelo.cl\/Inicio\/wp-content\/uploads\/2026\/04\/WhatsApp-Image-2026-04-23-at-19.19.00-1024x768.jpeg\" class=\"attachment-large size-large wp-image-10835\" alt=\"\" srcset=\"https:\/\/mportezuelo.cl\/Inicio\/wp-content\/uploads\/2026\/04\/WhatsApp-Image-2026-04-23-at-19.19.00-1024x768.jpeg 1024w, https:\/\/mportezuelo.cl\/Inicio\/wp-content\/uploads\/2026\/04\/WhatsApp-Image-2026-04-23-at-19.19.00-300x225.jpeg 300w, https:\/\/mportezuelo.cl\/Inicio\/wp-content\/uploads\/2026\/04\/WhatsApp-Image-2026-04-23-at-19.19.00-768x576.jpeg 768w, https:\/\/mportezuelo.cl\/Inicio\/wp-content\/uploads\/2026\/04\/WhatsApp-Image-2026-04-23-at-19.19.00.jpeg 1280w\" sizes=\"(max-width: 1024px) 100vw, 1024px\" \/>\t\t\t\t\t\t\t\t\t\t\t\t\t\t\t<\/div>\n\t\t\t\t<\/div>\n\t\t\t\t<\/div>\n\t\t<div class=\"elementor-element elementor-element-4ca28a1 e-con-full e-flex e-con e-child\" data-id=\"4ca28a1\" data-element_type=\"container\" data-e-type=\"container\" data-settings=\"{&quot;tmea_shape_divider_top&quot;:&quot;none&quot;,&quot;tmea_shape_divider_bottom&quot;:&quot;none&quot;}\">\n\t\t\t\t<div class=\"elementor-element elementor-element-7952060 elementor-widget elementor-widget-text-editor\" data-id=\"7952060\" data-element_type=\"widget\" data-e-type=\"widget\" data-widget_type=\"text-editor.default\">\n\t\t\t\t<div class=\"elementor-widget-container\">\n\t\t\t\t\t\t\t\t\t<p><strong>El camino a la recuperaci\u00f3n<\/strong><\/p><p>Para los vecinos de Chudal, este evento representa el cierre de un cap\u00edtulo doloroso y el inicio de una etapa de estabilidad. La colaboraci\u00f3n entre el municipio, el Ministerio de Vivienda y Urbanismo (MINVU) y el Serviu ha sido determinante para reducir los tiempos de espera, permitiendo que la reconstrucci\u00f3n definitiva comience a pocos meses de la cat\u00e1strofe.<\/p><p>Con la mezcla de cemento y los deseos depositados bajo la primera piedra, Portezuelo demuestra que, ante la adversidad de la naturaleza, la uni\u00f3n y la gesti\u00f3n eficiente son las herramientas m\u00e1s fuertes para levantar a su gente.<\/p>\t\t\t\t\t\t\t\t<\/div>\n\t\t\t\t<\/div>\n\t\t\t\t<\/div>\n\t\t\t\t\t<\/div>\n\t\t\t\t<\/div>\n\t\t<div class=\"elementor-element elementor-element-e09121a e-flex e-con-boxed e-con e-parent\" data-id=\"e09121a\" data-element_type=\"container\" data-e-type=\"container\" data-settings=\"{&quot;tmea_shape_divider_top&quot;:&quot;none&quot;,&quot;tmea_shape_divider_bottom&quot;:&quot;none&quot;}\">\n\t\t\t\t\t<div class=\"e-con-inner\">\n\t\t\t\t<div class=\"elementor-element elementor-element-9f80134 elementor-widget elementor-widget-spacer\" data-id=\"9f80134\" data-element_type=\"widget\" data-e-type=\"widget\" data-widget_type=\"spacer.default\">\n\t\t\t\t<div class=\"elementor-widget-container\">\n\t\t\t\t\t\t\t<div class=\"elementor-spacer\">\n\t\t\t<div class=\"elementor-spacer-inner\"><\/div>\n\t\t<\/div>\n\t\t\t\t\t\t<\/div>\n\t\t\t\t<\/div>\n\t\t\t\t\t<\/div>\n\t\t\t\t<\/div>\n\t\t\t\t<\/div>\n\t\t","protected":false},"excerpt":{"rendered":"<p>En una jornada cargada de emoci\u00f3n y esperanza, el sector de Chudal fue el escenario de un hito fundamental para la comunidad de Portezuelo: la colocaci\u00f3n de la primera piedra de las viviendas definitivas para las familias que perdieron todo durante los incendios forestales del verano 2026. El acto simb\u00f3lico marc\u00f3 el inicio de las [&hellip;]<\/p>\n","protected":false},"author":1,"featured_media":10831,"comment_status":"open","ping_status":"open","sticky":false,"template":"elementor_header_footer","format":"standard","meta":{"_monsterinsights_skip_tracking":false,"_monsterinsights_sitenote_active":false,"_monsterinsights_sitenote_note":"","_monsterinsights_sitenote_category":0,"iawp_total_views":0,"footnotes":""},"categories":[42],"tags":[],"class_list":["post-10830","post","type-post","status-publish","format-standard","has-post-thumbnail","hentry","category-municipalidad"],"aioseo_notices":[],"_links":{"self":[{"href":"https:\/\/mportezuelo.cl\/Inicio\/wp-json\/wp\/v2\/posts\/10830","targetHints":{"allow":["GET"]}}],"collection":[{"href":"https:\/\/mportezuelo.cl\/Inicio\/wp-json\/wp\/v2\/posts"}],"about":[{"href":"https:\/\/mportezuelo.cl\/Inicio\/wp-json\/wp\/v2\/types\/post"}],"author":[{"embeddable":true,"href":"https:\/\/mportezuelo.cl\/Inicio\/wp-json\/wp\/v2\/users\/1"}],"replies":[{"embeddable":true,"href":"https:\/\/mportezuelo.cl\/Inicio\/wp-json\/wp\/v2\/comments?post=10830"}],"version-history":[{"count":4,"href":"https:\/\/mportezuelo.cl\/Inicio\/wp-json\/wp\/v2\/posts\/10830\/revisions"}],"predecessor-version":[{"id":10838,"href":"https:\/\/mportezuelo.cl\/Inicio\/wp-json\/wp\/v2\/posts\/10830\/revisions\/10838"}],"wp:featuredmedia":[{"embeddable":true,"href":"https:\/\/mportezuelo.cl\/Inicio\/wp-json\/wp\/v2\/media\/10831"}],"wp:attachment":[{"href":"https:\/\/mportezuelo.cl\/Inicio\/wp-json\/wp\/v2\/media?parent=10830"}],"wp:term":[{"taxonomy":"category","embeddable":true,"href":"https:\/\/mportezuelo.cl\/Inicio\/wp-json\/wp\/v2\/categories?post=10830"},{"taxonomy":"post_tag","embeddable":true,"href":"https:\/\/mportezuelo.cl\/Inicio\/wp-json\/wp\/v2\/tags?post=10830"}],"curies":[{"name":"wp","href":"https:\/\/api.w.org\/{rel}","templated":true}]}}