{"id":10706,"date":"2026-03-09T14:12:52","date_gmt":"2026-03-09T17:12:52","guid":{"rendered":"https:\/\/mportezuelo.cl\/Inicio\/?p=10706"},"modified":"2026-03-09T14:20:34","modified_gmt":"2026-03-09T17:20:34","slug":"portezuelo-rinde-homenaje-a-sus-mujeres-con-masiva-convocatoria-en-el-gimnasio-comunal","status":"publish","type":"post","link":"https:\/\/mportezuelo.cl\/Inicio\/2026\/03\/09\/portezuelo-rinde-homenaje-a-sus-mujeres-con-masiva-convocatoria-en-el-gimnasio-comunal\/","title":{"rendered":"Portezuelo rinde homenaje a sus mujeres con masiva convocatoria en el gimnasio comunal"},"content":{"rendered":"\t\t<div data-elementor-type=\"wp-post\" data-elementor-id=\"10706\" class=\"elementor elementor-10706\" data-elementor-post-type=\"post\">\n\t\t\t\t\n<div class=\"elementor-element elementor-element-bce276d e-flex e-con-boxed e-con e-parent\" data-id=\"bce276d\" data-element_type=\"container\" data-e-type=\"container\" data-settings=\"{&quot;tmea_shape_divider_top&quot;:&quot;none&quot;,&quot;tmea_shape_divider_bottom&quot;:&quot;none&quot;}\">\n\t\t\t\t\t<div class=\"e-con-inner\">\n\t\t\t\t<div class=\"elementor-element elementor-element-d5ab223 elementor-widget elementor-widget-image\" data-id=\"d5ab223\" data-element_type=\"widget\" data-e-type=\"widget\" data-widget_type=\"image.default\">\n\t\t\t\t<div class=\"elementor-widget-container\">\n\t\t\t\t\t\t\t\t\t\t\t\t\t\t\t<img fetchpriority=\"high\" decoding=\"async\" width=\"1024\" height=\"683\" src=\"https:\/\/mportezuelo.cl\/Inicio\/wp-content\/uploads\/2026\/03\/DSC00864-1024x683.jpg\" class=\"attachment-large size-large wp-image-10707\" alt=\"\" srcset=\"https:\/\/mportezuelo.cl\/Inicio\/wp-content\/uploads\/2026\/03\/DSC00864-1024x683.jpg 1024w, https:\/\/mportezuelo.cl\/Inicio\/wp-content\/uploads\/2026\/03\/DSC00864-300x200.jpg 300w, https:\/\/mportezuelo.cl\/Inicio\/wp-content\/uploads\/2026\/03\/DSC00864-768x512.jpg 768w, https:\/\/mportezuelo.cl\/Inicio\/wp-content\/uploads\/2026\/03\/DSC00864-1536x1024.jpg 1536w, https:\/\/mportezuelo.cl\/Inicio\/wp-content\/uploads\/2026\/03\/DSC00864-2048x1365.jpg 2048w\" sizes=\"(max-width: 1024px) 100vw, 1024px\" \/>\t\t\t\t\t\t\t\t\t\t\t\t\t\t\t<\/div>\n\t\t\t\t<\/div>\n\t\t\t\t\t<\/div>\n\t\t\t\t<\/div>\n\t\t<div class=\"elementor-element elementor-element-53aba35 e-flex e-con-boxed e-con e-parent\" data-id=\"53aba35\" data-element_type=\"container\" data-e-type=\"container\" data-settings=\"{&quot;tmea_shape_divider_top&quot;:&quot;none&quot;,&quot;tmea_shape_divider_bottom&quot;:&quot;none&quot;}\">\n\t\t\t\t\t<div class=\"e-con-inner\">\n\t\t\t\t<div class=\"elementor-element elementor-element-644730b elementor-widget elementor-widget-text-editor\" data-id=\"644730b\" data-element_type=\"widget\" data-e-type=\"widget\" data-widget_type=\"text-editor.default\">\n\t\t\t\t<div class=\"elementor-widget-container\">\n\t\t\t\t\t\t\t\t\t<p>En una jornada marcada por la emoci\u00f3n y el reconocimiento al aporte femenino en la zona rural, m\u00e1s de <strong>650 personas<\/strong> se dieron cita en el gimnasio municipal de Portezuelo para conmemorar el <strong>D\u00eda Internacional de la Mujer<\/strong>. El evento, organizado por la Direcci\u00f3n de Desarrollo Comunitario (DIDECO), destac\u00f3 por su ambiente de unidad y gratitud hacia las mujeres campesinas de la comuna.<\/p>\t\t\t\t\t\t\t\t<\/div>\n\t\t\t\t<\/div>\n\t\t\t\t\t<\/div>\n\t\t\t\t<\/div>\n\t\t<div class=\"elementor-element elementor-element-cbcddaf e-flex e-con-boxed e-con e-parent\" data-id=\"cbcddaf\" data-element_type=\"container\" data-e-type=\"container\" data-settings=\"{&quot;tmea_shape_divider_top&quot;:&quot;none&quot;,&quot;tmea_shape_divider_bottom&quot;:&quot;none&quot;}\">\n\t\t\t\t\t<div class=\"e-con-inner\">\n\t\t<div class=\"elementor-element elementor-element-a101a55 e-con-full e-flex e-con e-child\" data-id=\"a101a55\" data-element_type=\"container\" data-e-type=\"container\" data-settings=\"{&quot;tmea_shape_divider_top&quot;:&quot;none&quot;,&quot;tmea_shape_divider_bottom&quot;:&quot;none&quot;}\">\n\t\t\t\t<div class=\"elementor-element elementor-element-a91a704 elementor-widget elementor-widget-image\" data-id=\"a91a704\" data-element_type=\"widget\" data-e-type=\"widget\" data-widget_type=\"image.default\">\n\t\t\t\t<div class=\"elementor-widget-container\">\n\t\t\t\t\t\t\t\t\t\t\t\t\t\t\t<img decoding=\"async\" width=\"1024\" height=\"683\" src=\"https:\/\/mportezuelo.cl\/Inicio\/wp-content\/uploads\/2026\/03\/DSC01126-1024x683.jpg\" class=\"attachment-large size-large wp-image-10709\" alt=\"\" srcset=\"https:\/\/mportezuelo.cl\/Inicio\/wp-content\/uploads\/2026\/03\/DSC01126-1024x683.jpg 1024w, https:\/\/mportezuelo.cl\/Inicio\/wp-content\/uploads\/2026\/03\/DSC01126-300x200.jpg 300w, https:\/\/mportezuelo.cl\/Inicio\/wp-content\/uploads\/2026\/03\/DSC01126-768x512.jpg 768w, https:\/\/mportezuelo.cl\/Inicio\/wp-content\/uploads\/2026\/03\/DSC01126-1536x1024.jpg 1536w, https:\/\/mportezuelo.cl\/Inicio\/wp-content\/uploads\/2026\/03\/DSC01126-2048x1365.jpg 2048w\" sizes=\"(max-width: 1024px) 100vw, 1024px\" \/>\t\t\t\t\t\t\t\t\t\t\t\t\t\t\t<\/div>\n\t\t\t\t<\/div>\n\t\t\t\t<\/div>\n\t\t<div class=\"elementor-element elementor-element-fb20b73 e-con-full e-flex e-con e-child\" data-id=\"fb20b73\" data-element_type=\"container\" data-e-type=\"container\" data-settings=\"{&quot;tmea_shape_divider_top&quot;:&quot;none&quot;,&quot;tmea_shape_divider_bottom&quot;:&quot;none&quot;}\">\n\t\t\t\t<div class=\"elementor-element elementor-element-8e5950a elementor-widget elementor-widget-text-editor\" data-id=\"8e5950a\" data-element_type=\"widget\" data-e-type=\"widget\" data-widget_type=\"text-editor.default\">\n\t\t\t\t<div class=\"elementor-widget-container\">\n\t\t\t\t\t\t\t\t\t<p><strong>Reconocimientos con nombre y apellido<\/strong><\/p><p>La celebraci\u00f3n no solo cont\u00f3 con n\u00fameros art\u00edsticos, sino que tambi\u00e9n sirvi\u00f3 como plataforma para honrar historias de resiliencia y servicio. Entre los momentos m\u00e1s significativos de la tarde figuraron:<\/p><ul><li><strong>Rosa Llano San Mart\u00edn:<\/strong> Vecina del sector de Chudal, quien recibi\u00f3 un especial reconocimiento tras haber resultado damnificada por el \u00faltimo incendio forestal, simbolizando la fuerza de la mujer portezolana ante la adversidad.<\/li><li><strong>Javiera Paz Bravo:<\/strong> Funcionaria de Carabineros, destacada por ser la primera mujer de la polic\u00eda uniformada en integrarse a la dotaci\u00f3n de la comuna.<\/li><\/ul><p>Adem\u00e1s, como parte de los gestos de la jornada, 20 asistentes fueron favorecidas con regalos mediante tarjetas de saludo. Cada una de ellas recibi\u00f3 un <strong>jarr\u00f3n con la marca de Portezuelo<\/strong>, una iniciativa gestionada por Daniela Toro \u00c1lvarez, esposa del alcalde.<\/p>\t\t\t\t\t\t\t\t<\/div>\n\t\t\t\t<\/div>\n\t\t\t\t<\/div>\n\t\t\t\t\t<\/div>\n\t\t\t\t<\/div>\n\t\t<div class=\"elementor-element elementor-element-6babf43 e-flex e-con-boxed e-con e-parent\" data-id=\"6babf43\" data-element_type=\"container\" data-e-type=\"container\" data-settings=\"{&quot;tmea_shape_divider_top&quot;:&quot;none&quot;,&quot;tmea_shape_divider_bottom&quot;:&quot;none&quot;}\">\n\t\t\t\t\t<div class=\"e-con-inner\">\n\t\t<div class=\"elementor-element elementor-element-ca907ca e-con-full e-flex e-con e-child\" data-id=\"ca907ca\" data-element_type=\"container\" data-e-type=\"container\" data-settings=\"{&quot;tmea_shape_divider_top&quot;:&quot;none&quot;,&quot;tmea_shape_divider_bottom&quot;:&quot;none&quot;}\">\n\t\t\t\t<div class=\"elementor-element elementor-element-68fbfee elementor-widget elementor-widget-image\" data-id=\"68fbfee\" data-element_type=\"widget\" data-e-type=\"widget\" data-widget_type=\"image.default\">\n\t\t\t\t<div class=\"elementor-widget-container\">\n\t\t\t\t\t\t\t\t\t\t\t\t\t\t\t<img decoding=\"async\" width=\"1024\" height=\"683\" src=\"https:\/\/mportezuelo.cl\/Inicio\/wp-content\/uploads\/2026\/03\/DSC01142-1024x683.jpg\" class=\"attachment-large size-large wp-image-10710\" alt=\"\" srcset=\"https:\/\/mportezuelo.cl\/Inicio\/wp-content\/uploads\/2026\/03\/DSC01142-1024x683.jpg 1024w, https:\/\/mportezuelo.cl\/Inicio\/wp-content\/uploads\/2026\/03\/DSC01142-300x200.jpg 300w, https:\/\/mportezuelo.cl\/Inicio\/wp-content\/uploads\/2026\/03\/DSC01142-768x512.jpg 768w, https:\/\/mportezuelo.cl\/Inicio\/wp-content\/uploads\/2026\/03\/DSC01142-1536x1024.jpg 1536w, https:\/\/mportezuelo.cl\/Inicio\/wp-content\/uploads\/2026\/03\/DSC01142-2048x1365.jpg 2048w\" sizes=\"(max-width: 1024px) 100vw, 1024px\" \/>\t\t\t\t\t\t\t\t\t\t\t\t\t\t\t<\/div>\n\t\t\t\t<\/div>\n\t\t\t\t<\/div>\n\t\t<div class=\"elementor-element elementor-element-ff6c77c e-con-full e-flex e-con e-child\" data-id=\"ff6c77c\" data-element_type=\"container\" data-e-type=\"container\" data-settings=\"{&quot;tmea_shape_divider_top&quot;:&quot;none&quot;,&quot;tmea_shape_divider_bottom&quot;:&quot;none&quot;}\">\n\t\t\t\t<div class=\"elementor-element elementor-element-906a4a5 elementor-widget elementor-widget-text-editor\" data-id=\"906a4a5\" data-element_type=\"widget\" data-e-type=\"widget\" data-widget_type=\"text-editor.default\">\n\t\t\t\t<div class=\"elementor-widget-container\">\n\t\t\t\t\t\t\t\t\t<p><strong>El compromiso de las autoridades<\/strong><\/p><p>Durante su intervenci\u00f3n, el alcalde <strong>Juan Carlos Ram\u00edrez<\/strong> dirigi\u00f3 un emotivo mensaje a las presentes, subrayando que el papel de la mujer es el motor silencioso pero constante de la comuna.<\/p><p>&#8220;La historia de Portezuelo tambi\u00e9n est\u00e1 escrita por mujeres; por su esfuerzo, por su amor a la tierra y por su compromiso con nuestra comunidad&#8221;, se\u00f1al\u00f3 el edil.<\/p><p>Ram\u00edrez aprovech\u00f3 la instancia para reafirmar su compromiso junto al Concejo Municipal de seguir trabajando en pol\u00edticas que fortalezcan el respeto, la dignidad y la igualdad de oportunidades, buscando que las futuras generaciones crezcan en una sociedad m\u00e1s justa.<\/p>\t\t\t\t\t\t\t\t<\/div>\n\t\t\t\t<\/div>\n\t\t\t\t<\/div>\n\t\t\t\t\t<\/div>\n\t\t\t\t<\/div>\n\t\t<div class=\"elementor-element elementor-element-b152638 e-flex e-con-boxed e-con e-parent\" data-id=\"b152638\" data-element_type=\"container\" data-e-type=\"container\" data-settings=\"{&quot;tmea_shape_divider_top&quot;:&quot;none&quot;,&quot;tmea_shape_divider_bottom&quot;:&quot;none&quot;}\">\n\t\t\t\t\t<div class=\"e-con-inner\">\n\t\t<div class=\"elementor-element elementor-element-04fe595 e-con-full e-flex e-con e-child\" data-id=\"04fe595\" data-element_type=\"container\" data-e-type=\"container\" data-settings=\"{&quot;tmea_shape_divider_top&quot;:&quot;none&quot;,&quot;tmea_shape_divider_bottom&quot;:&quot;none&quot;}\">\n\t\t\t\t<div class=\"elementor-element elementor-element-e25d27b elementor-widget elementor-widget-image\" data-id=\"e25d27b\" data-element_type=\"widget\" data-e-type=\"widget\" data-widget_type=\"image.default\">\n\t\t\t\t<div class=\"elementor-widget-container\">\n\t\t\t\t\t\t\t\t\t\t\t\t\t\t\t<img loading=\"lazy\" decoding=\"async\" width=\"1024\" height=\"683\" src=\"https:\/\/mportezuelo.cl\/Inicio\/wp-content\/uploads\/2026\/03\/DSC00901-1024x683.jpg\" class=\"attachment-large size-large wp-image-10711\" alt=\"\" srcset=\"https:\/\/mportezuelo.cl\/Inicio\/wp-content\/uploads\/2026\/03\/DSC00901-1024x683.jpg 1024w, https:\/\/mportezuelo.cl\/Inicio\/wp-content\/uploads\/2026\/03\/DSC00901-300x200.jpg 300w, https:\/\/mportezuelo.cl\/Inicio\/wp-content\/uploads\/2026\/03\/DSC00901-768x512.jpg 768w, https:\/\/mportezuelo.cl\/Inicio\/wp-content\/uploads\/2026\/03\/DSC00901-1536x1024.jpg 1536w, https:\/\/mportezuelo.cl\/Inicio\/wp-content\/uploads\/2026\/03\/DSC00901-2048x1365.jpg 2048w\" sizes=\"(max-width: 1024px) 100vw, 1024px\" \/>\t\t\t\t\t\t\t\t\t\t\t\t\t\t\t<\/div>\n\t\t\t\t<\/div>\n\t\t\t\t<\/div>\n\t\t<div class=\"elementor-element elementor-element-35d8f44 e-con-full e-flex e-con e-child\" data-id=\"35d8f44\" data-element_type=\"container\" data-e-type=\"container\" data-settings=\"{&quot;tmea_shape_divider_top&quot;:&quot;none&quot;,&quot;tmea_shape_divider_bottom&quot;:&quot;none&quot;}\">\n\t\t\t\t<div class=\"elementor-element elementor-element-018d4e5 elementor-widget elementor-widget-text-editor\" data-id=\"018d4e5\" data-element_type=\"widget\" data-e-type=\"widget\" data-widget_type=\"text-editor.default\">\n\t\t\t\t<div class=\"elementor-widget-container\">\n\t\t\t\t\t\t\t\t\t<p><strong>Cierre de la jornada<\/strong><\/p><p>El encuentro, liderado t\u00e9cnicamente por el director de DIDECO, <strong>Diego Vera Hinojosa<\/strong>, culmin\u00f3 con un almuerzo de camarader\u00eda que permiti\u00f3 a las asistentes compartir y celebrar sus logros en comunidad. Fue, en definitiva, una exitosa jornada que reafirm\u00f3 que en Portezuelo, la voz de la mujer es valorada y escuchada.<\/p>\t\t\t\t\t\t\t\t<\/div>\n\t\t\t\t<\/div>\n\t\t\t\t<\/div>\n\t\t\t\t\t<\/div>\n\t\t\t\t<\/div>\n\t\t<div class=\"elementor-element elementor-element-3091de7 e-flex e-con-boxed e-con e-parent\" data-id=\"3091de7\" data-element_type=\"container\" data-e-type=\"container\" data-settings=\"{&quot;tmea_shape_divider_top&quot;:&quot;none&quot;,&quot;tmea_shape_divider_bottom&quot;:&quot;none&quot;}\">\n\t\t\t\t\t<div class=\"e-con-inner\">\n\t\t\t\t<div class=\"elementor-element elementor-element-5bfe309 elementor-widget elementor-widget-spacer\" data-id=\"5bfe309\" data-element_type=\"widget\" data-e-type=\"widget\" data-widget_type=\"spacer.default\">\n\t\t\t\t<div class=\"elementor-widget-container\">\n\t\t\t\t\t\t\t<div class=\"elementor-spacer\">\n\t\t\t<div class=\"elementor-spacer-inner\"><\/div>\n\t\t<\/div>\n\t\t\t\t\t\t<\/div>\n\t\t\t\t<\/div>\n\t\t\t\t\t<\/div>\n\t\t\t\t<\/div>\n\t\t\t\t<\/div>\n\t\t","protected":false},"excerpt":{"rendered":"<p>En una jornada marcada por la emoci\u00f3n y el reconocimiento al aporte femenino en la zona rural, m\u00e1s de 650 personas se dieron cita en el gimnasio municipal de Portezuelo para conmemorar el D\u00eda Internacional de la Mujer. El evento, organizado por la Direcci\u00f3n de Desarrollo Comunitario (DIDECO), destac\u00f3 por su ambiente de unidad y [&hellip;]<\/p>\n","protected":false},"author":1,"featured_media":10707,"comment_status":"open","ping_status":"open","sticky":false,"template":"elementor_header_footer","format":"standard","meta":{"_monsterinsights_skip_tracking":false,"_monsterinsights_sitenote_active":false,"_monsterinsights_sitenote_note":"","_monsterinsights_sitenote_category":0,"iawp_total_views":4,"footnotes":""},"categories":[42],"tags":[],"class_list":["post-10706","post","type-post","status-publish","format-standard","has-post-thumbnail","hentry","category-municipalidad"],"aioseo_notices":[],"_links":{"self":[{"href":"https:\/\/mportezuelo.cl\/Inicio\/wp-json\/wp\/v2\/posts\/10706","targetHints":{"allow":["GET"]}}],"collection":[{"href":"https:\/\/mportezuelo.cl\/Inicio\/wp-json\/wp\/v2\/posts"}],"about":[{"href":"https:\/\/mportezuelo.cl\/Inicio\/wp-json\/wp\/v2\/types\/post"}],"author":[{"embeddable":true,"href":"https:\/\/mportezuelo.cl\/Inicio\/wp-json\/wp\/v2\/users\/1"}],"replies":[{"embeddable":true,"href":"https:\/\/mportezuelo.cl\/Inicio\/wp-json\/wp\/v2\/comments?post=10706"}],"version-history":[{"count":4,"href":"https:\/\/mportezuelo.cl\/Inicio\/wp-json\/wp\/v2\/posts\/10706\/revisions"}],"predecessor-version":[{"id":10714,"href":"https:\/\/mportezuelo.cl\/Inicio\/wp-json\/wp\/v2\/posts\/10706\/revisions\/10714"}],"wp:featuredmedia":[{"embeddable":true,"href":"https:\/\/mportezuelo.cl\/Inicio\/wp-json\/wp\/v2\/media\/10707"}],"wp:attachment":[{"href":"https:\/\/mportezuelo.cl\/Inicio\/wp-json\/wp\/v2\/media?parent=10706"}],"wp:term":[{"taxonomy":"category","embeddable":true,"href":"https:\/\/mportezuelo.cl\/Inicio\/wp-json\/wp\/v2\/categories?post=10706"},{"taxonomy":"post_tag","embeddable":true,"href":"https:\/\/mportezuelo.cl\/Inicio\/wp-json\/wp\/v2\/tags?post=10706"}],"curies":[{"name":"wp","href":"https:\/\/api.w.org\/{rel}","templated":true}]}}