{"id":10686,"date":"2026-03-09T11:59:06","date_gmt":"2026-03-09T14:59:06","guid":{"rendered":"https:\/\/mportezuelo.cl\/Inicio\/?p=10686"},"modified":"2026-03-09T12:11:32","modified_gmt":"2026-03-09T15:11:32","slug":"vialidad-presenta-avances-del-estudio-de-conservacion-del-puente-nipas-a-la-comunidad-de-orilla-itata","status":"publish","type":"post","link":"https:\/\/mportezuelo.cl\/Inicio\/2026\/03\/09\/vialidad-presenta-avances-del-estudio-de-conservacion-del-puente-nipas-a-la-comunidad-de-orilla-itata\/","title":{"rendered":"Vialidad presenta avances del estudio de conservaci\u00f3n del Puente \u00d1ipas a la comunidad de Orilla Itata"},"content":{"rendered":"\t\t<div data-elementor-type=\"wp-post\" data-elementor-id=\"10686\" class=\"elementor elementor-10686\" data-elementor-post-type=\"post\">\n\t\t\t\t<div class=\"elementor-element elementor-element-cbffa18 e-flex e-con-boxed e-con e-parent\" data-id=\"cbffa18\" data-element_type=\"container\" data-e-type=\"container\" data-settings=\"{&quot;tmea_shape_divider_top&quot;:&quot;none&quot;,&quot;tmea_shape_divider_bottom&quot;:&quot;none&quot;}\">\n\t\t\t\t\t<div class=\"e-con-inner\">\n\t\t\t\t<div class=\"elementor-element elementor-element-e764df9 elementor-widget elementor-widget-image\" data-id=\"e764df9\" data-element_type=\"widget\" data-e-type=\"widget\" data-widget_type=\"image.default\">\n\t\t\t\t<div class=\"elementor-widget-container\">\n\t\t\t\t\t\t\t\t\t\t\t\t\t\t\t<img fetchpriority=\"high\" decoding=\"async\" width=\"1024\" height=\"637\" src=\"https:\/\/mportezuelo.cl\/Inicio\/wp-content\/uploads\/2026\/03\/WhatsApp-Image-2026-03-09-at-11.09.28-1-e1773068926415-1024x637.jpeg\" class=\"attachment-large size-large wp-image-10688\" alt=\"\" srcset=\"https:\/\/mportezuelo.cl\/Inicio\/wp-content\/uploads\/2026\/03\/WhatsApp-Image-2026-03-09-at-11.09.28-1-e1773068926415-1024x637.jpeg 1024w, https:\/\/mportezuelo.cl\/Inicio\/wp-content\/uploads\/2026\/03\/WhatsApp-Image-2026-03-09-at-11.09.28-1-e1773068926415-300x187.jpeg 300w, https:\/\/mportezuelo.cl\/Inicio\/wp-content\/uploads\/2026\/03\/WhatsApp-Image-2026-03-09-at-11.09.28-1-e1773068926415-768x478.jpeg 768w, https:\/\/mportezuelo.cl\/Inicio\/wp-content\/uploads\/2026\/03\/WhatsApp-Image-2026-03-09-at-11.09.28-1-e1773068926415-1536x955.jpeg 1536w, https:\/\/mportezuelo.cl\/Inicio\/wp-content\/uploads\/2026\/03\/WhatsApp-Image-2026-03-09-at-11.09.28-1-e1773068926415.jpeg 1600w\" sizes=\"(max-width: 1024px) 100vw, 1024px\" \/>\t\t\t\t\t\t\t\t\t\t\t\t\t\t\t<\/div>\n\t\t\t\t<\/div>\n\t\t\t\t\t<\/div>\n\t\t\t\t<\/div>\n\t\t<div class=\"elementor-element elementor-element-94c8e72 e-flex e-con-boxed e-con e-parent\" data-id=\"94c8e72\" data-element_type=\"container\" data-e-type=\"container\" data-settings=\"{&quot;tmea_shape_divider_top&quot;:&quot;none&quot;,&quot;tmea_shape_divider_bottom&quot;:&quot;none&quot;}\">\n\t\t\t\t\t<div class=\"e-con-inner\">\n\t\t\n\t\t<div class=\"elementor-element elementor-element-a1c205d elementor-widget elementor-widget-text-editor\" data-id=\"a1c205d\" data-element_type=\"widget\" data-e-type=\"widget\" data-widget_type=\"text-editor.default\">\n\t\t\t\t<div class=\"elementor-widget-container\">\n\t\t\t\t\t\t\t\t\t<p><strong>En una concurrida jornada de Participaci\u00f3n Ciudadana, autoridades y t\u00e9cnicos de la Direcci\u00f3n de Vialidad detallaron los alcances del proyecto que busca asegurar la conectividad y seguridad de la Ruta N-122, uniendo las comunas de R\u00e1nquil y Portezuelo.<\/strong><\/p>\t\t\t\t\t\t\t\t<\/div>\n\t\t\t\t<\/div>\n\t\t\t\t\t<\/div>\n\t\t\t\t<\/div>\n\t\t<div class=\"elementor-element elementor-element-cb5690f e-flex e-con-boxed e-con e-parent\" data-id=\"cb5690f\" data-element_type=\"container\" data-e-type=\"container\" data-settings=\"{&quot;tmea_shape_divider_top&quot;:&quot;none&quot;,&quot;tmea_shape_divider_bottom&quot;:&quot;none&quot;}\">\n\t\t\t\t\t<div class=\"e-con-inner\">\n\t\t<div class=\"elementor-element elementor-element-53fb67a e-con-full e-flex e-con e-child\" data-id=\"53fb67a\" data-element_type=\"container\" data-e-type=\"container\" data-settings=\"{&quot;tmea_shape_divider_top&quot;:&quot;none&quot;,&quot;tmea_shape_divider_bottom&quot;:&quot;none&quot;}\">\n\t\t\t\t<div class=\"elementor-element elementor-element-e5f7f0f elementor-widget elementor-widget-image\" data-id=\"e5f7f0f\" data-element_type=\"widget\" data-e-type=\"widget\" data-widget_type=\"image.default\">\n\t\t\t\t<div class=\"elementor-widget-container\">\n\t\t\t\t\t\t\t\t\t\t\t\t\t\t\t<img decoding=\"async\" width=\"1024\" height=\"768\" src=\"https:\/\/mportezuelo.cl\/Inicio\/wp-content\/uploads\/2026\/03\/WhatsApp-Image-2026-03-09-at-11.09.28-1024x768.jpeg\" class=\"attachment-large size-large wp-image-10689\" alt=\"\" srcset=\"https:\/\/mportezuelo.cl\/Inicio\/wp-content\/uploads\/2026\/03\/WhatsApp-Image-2026-03-09-at-11.09.28-1024x768.jpeg 1024w, https:\/\/mportezuelo.cl\/Inicio\/wp-content\/uploads\/2026\/03\/WhatsApp-Image-2026-03-09-at-11.09.28-300x225.jpeg 300w, https:\/\/mportezuelo.cl\/Inicio\/wp-content\/uploads\/2026\/03\/WhatsApp-Image-2026-03-09-at-11.09.28-768x576.jpeg 768w, https:\/\/mportezuelo.cl\/Inicio\/wp-content\/uploads\/2026\/03\/WhatsApp-Image-2026-03-09-at-11.09.28-1536x1152.jpeg 1536w, https:\/\/mportezuelo.cl\/Inicio\/wp-content\/uploads\/2026\/03\/WhatsApp-Image-2026-03-09-at-11.09.28.jpeg 1600w\" sizes=\"(max-width: 1024px) 100vw, 1024px\" \/>\t\t\t\t\t\t\t\t\t\t\t\t\t\t\t<\/div>\n\t\t\t\t<\/div>\n\t\t\t\t<\/div>\n\t\t<div class=\"elementor-element elementor-element-3e87d76 e-con-full e-flex e-con e-child\" data-id=\"3e87d76\" data-element_type=\"container\" data-e-type=\"container\" data-settings=\"{&quot;tmea_shape_divider_top&quot;:&quot;none&quot;,&quot;tmea_shape_divider_bottom&quot;:&quot;none&quot;}\">\n\t\t\t\t<div class=\"elementor-element elementor-element-482493e elementor-widget elementor-widget-text-editor\" data-id=\"482493e\" data-element_type=\"widget\" data-e-type=\"widget\" data-widget_type=\"text-editor.default\">\n\t\t\t\t<div class=\"elementor-widget-container\">\n\t\t\t\t\t\t\t\t\t<p><strong>ORILLA ITATA<\/strong> \u2013 Con el firme compromiso de mantener un di\u00e1logo abierto y transparente con los habitantes de la Provincia de Itata, se llev\u00f3 a cabo la reuni\u00f3n de Participaci\u00f3n Ciudadana (PAC) correspondiente al estudio: <em>\u201cConsultor\u00eda Conservaci\u00f3n Puente \u00d1ipas, Ruta N-122, Comuna de R\u00e1nquil y Portezuelo, Regi\u00f3n de \u00d1uble\u201d<\/em>.<\/p><p>El encuentro tuvo como prop\u00f3sito central informar a los vecinos sobre el estado actual del estudio y c\u00f3mo las futuras intervenciones buscan prolongar la vida \u00fatil de esta estructura cr\u00edtica, fundamental para la actividad productiva y la vida cotidiana de la zona.<\/p>\t\t\t\t\t\t\t\t<\/div>\n\t\t\t\t<\/div>\n\t\t\t\t<\/div>\n\t\t\t\t\t<\/div>\n\t\t\t\t<\/div>\n\t\t<div class=\"elementor-element elementor-element-a43982e e-flex e-con-boxed e-con e-parent\" data-id=\"a43982e\" data-element_type=\"container\" data-e-type=\"container\" data-settings=\"{&quot;tmea_shape_divider_top&quot;:&quot;none&quot;,&quot;tmea_shape_divider_bottom&quot;:&quot;none&quot;}\">\n\t\t\t\t\t<div class=\"e-con-inner\">\n\t\t\t\t<div class=\"elementor-element elementor-element-fe2c698 elementor-widget elementor-widget-text-editor\" data-id=\"fe2c698\" data-element_type=\"widget\" data-e-type=\"widget\" data-widget_type=\"text-editor.default\">\n\t\t\t\t<div class=\"elementor-widget-container\">\n\t\t\t\t\t\t\t\t\t<p><strong>Detalles t\u00e9cnicos de la conservaci\u00f3n<\/strong><\/p><p>Seg\u00fan lo informado por la Direcci\u00f3n de Vialidad, la conservaci\u00f3n del Puente \u00d1ipas no solo responde a un mantenimiento est\u00e9tico, sino a una necesidad estructural. Entre los puntos clave que contempla este tipo de consultor\u00eda se encuentran:<\/p><ul><li><strong>Evaluaci\u00f3n Estructural:<\/strong> An\u00e1lisis del estado de las vigas, losas y cepas para detectar desgastes producidos por el flujo vehicular y el paso del tiempo.<\/li><li><strong>Seguridad Vial:<\/strong> Mejoras en la carpeta de rodado, se\u00f1al\u00e9tica y sistemas de contenci\u00f3n (barreras) para reducir riesgos de accidentes.<\/li><li><strong>Mantenimiento Preventivo:<\/strong> Limpieza de drenajes y refuerzo de elementos que prevengan la corrosi\u00f3n, asegurando que el puente soporte las condiciones clim\u00e1ticas de la Regi\u00f3n de \u00d1uble.<\/li><\/ul>\t\t\t\t\t\t\t\t<\/div>\n\t\t\t\t<\/div>\n\t\t\t\t\t<\/div>\n\t\t\t\t<\/div>\n\t\t<div class=\"elementor-element elementor-element-a536904 e-flex e-con-boxed e-con e-parent\" data-id=\"a536904\" data-element_type=\"container\" data-e-type=\"container\" data-settings=\"{&quot;tmea_shape_divider_top&quot;:&quot;none&quot;,&quot;tmea_shape_divider_bottom&quot;:&quot;none&quot;}\">\n\t\t\t\t\t<div class=\"e-con-inner\">\n\t\t<div class=\"elementor-element elementor-element-d6bf4ad e-con-full e-flex e-con e-child\" data-id=\"d6bf4ad\" data-element_type=\"container\" data-e-type=\"container\" data-settings=\"{&quot;tmea_shape_divider_top&quot;:&quot;none&quot;,&quot;tmea_shape_divider_bottom&quot;:&quot;none&quot;}\">\n\t\t\t\t<div class=\"elementor-element elementor-element-d2c8ba9 elementor-widget elementor-widget-image\" data-id=\"d2c8ba9\" data-element_type=\"widget\" data-e-type=\"widget\" data-widget_type=\"image.default\">\n\t\t\t\t<div class=\"elementor-widget-container\">\n\t\t\t\t\t\t\t\t\t\t\t\t\t\t\t<img decoding=\"async\" width=\"1024\" height=\"768\" src=\"https:\/\/mportezuelo.cl\/Inicio\/wp-content\/uploads\/2026\/03\/WhatsApp-Image-2026-03-09-at-11.09.27-1024x768.jpeg\" class=\"attachment-large size-large wp-image-10690\" alt=\"\" srcset=\"https:\/\/mportezuelo.cl\/Inicio\/wp-content\/uploads\/2026\/03\/WhatsApp-Image-2026-03-09-at-11.09.27-1024x768.jpeg 1024w, https:\/\/mportezuelo.cl\/Inicio\/wp-content\/uploads\/2026\/03\/WhatsApp-Image-2026-03-09-at-11.09.27-300x225.jpeg 300w, https:\/\/mportezuelo.cl\/Inicio\/wp-content\/uploads\/2026\/03\/WhatsApp-Image-2026-03-09-at-11.09.27-768x576.jpeg 768w, https:\/\/mportezuelo.cl\/Inicio\/wp-content\/uploads\/2026\/03\/WhatsApp-Image-2026-03-09-at-11.09.27-1536x1152.jpeg 1536w, https:\/\/mportezuelo.cl\/Inicio\/wp-content\/uploads\/2026\/03\/WhatsApp-Image-2026-03-09-at-11.09.27.jpeg 1600w\" sizes=\"(max-width: 1024px) 100vw, 1024px\" \/>\t\t\t\t\t\t\t\t\t\t\t\t\t\t\t<\/div>\n\t\t\t\t<\/div>\n\t\t\t\t<\/div>\n\t\t<div class=\"elementor-element elementor-element-b397930 e-con-full e-flex e-con e-child\" data-id=\"b397930\" data-element_type=\"container\" data-e-type=\"container\" data-settings=\"{&quot;tmea_shape_divider_top&quot;:&quot;none&quot;,&quot;tmea_shape_divider_bottom&quot;:&quot;none&quot;}\">\n\t\t\t\t<div class=\"elementor-element elementor-element-b801420 elementor-widget elementor-widget-text-editor\" data-id=\"b801420\" data-element_type=\"widget\" data-e-type=\"widget\" data-widget_type=\"text-editor.default\">\n\t\t\t\t<div class=\"elementor-widget-container\">\n\t\t\t\t\t\t\t\t\t<p><strong>Autoridades y Comunidad: Un trabajo conjunto<\/strong><\/p><p>La reuni\u00f3n fue dirigida por el equipo de <strong>Participaci\u00f3n Ciudadana de Vialidad<\/strong> y el <strong>Inspector Fiscal de la Obra, Alejandro V\u00e1squez<\/strong>, quienes respondieron inquietudes t\u00e9cnicas de los asistentes.<\/p><p>El <strong>alcalde de Portezuelo, Juan Carlos Ram\u00edrez<\/strong>, quien acompa\u00f1\u00f3 a los vecinos en la instancia, expres\u00f3 su satisfacci\u00f3n por la convocatoria: <em>\u201cFelicito la activa participaci\u00f3n de nuestras vecinas y vecinos. Su compromiso es el motor que asegura que estas obras se traduzcan en un desarrollo real y bienestar para nuestra comuna\u201d<\/em>.<\/p><p><strong>Di\u00e1logo y Transparencia<\/strong><\/p><p>Esta etapa de consultor\u00eda es vital para vincular a los actores clave del \u00e1rea de influencia. Al integrar la visi\u00f3n de la comunidad desde las fases de estudio, Vialidad asegura que el proyecto final sea coherente con la realidad del territorio.<\/p><p>Con este avance, el Ministerio de Obras P\u00fablicas, a trav\u00e9s de Vialidad, reafirma su hoja de ruta: seguir avanzando en infraestructura regional con di\u00e1logo, transparencia y participaci\u00f3n efectiva de la ciudadan\u00eda.<\/p>\t\t\t\t\t\t\t\t<\/div>\n\t\t\t\t<\/div>\n\t\t\t\t<\/div>\n\t\t\t\t\t<\/div>\n\t\t\t\t<\/div>\n\t\t<div class=\"elementor-element elementor-element-79b7a94 e-flex e-con-boxed e-con e-parent\" data-id=\"79b7a94\" data-element_type=\"container\" data-e-type=\"container\" data-settings=\"{&quot;tmea_shape_divider_top&quot;:&quot;none&quot;,&quot;tmea_shape_divider_bottom&quot;:&quot;none&quot;}\">\n\t\t\t\t\t<div class=\"e-con-inner\">\n\t\t\t\t<div class=\"elementor-element elementor-element-b95fe32 elementor-widget elementor-widget-spacer\" data-id=\"b95fe32\" data-element_type=\"widget\" data-e-type=\"widget\" data-widget_type=\"spacer.default\">\n\t\t\t\t<div class=\"elementor-widget-container\">\n\t\t\t\t\t\t\t<div class=\"elementor-spacer\">\n\t\t\t<div class=\"elementor-spacer-inner\"><\/div>\n\t\t<\/div>\n\t\t\t\t\t\t<\/div>\n\t\t\t\t<\/div>\n\t\t\t\t\t<\/div>\n\t\t\t\t<\/div>\n\t\t\t\t<\/div>\n\t\t","protected":false},"excerpt":{"rendered":"<p>En una concurrida jornada de Participaci\u00f3n Ciudadana, autoridades y t\u00e9cnicos de la Direcci\u00f3n de Vialidad detallaron los alcances del proyecto que busca asegurar la conectividad y seguridad de la Ruta N-122, uniendo las comunas de R\u00e1nquil y Portezuelo. ORILLA ITATA \u2013 Con el firme compromiso de mantener un di\u00e1logo abierto y transparente con los habitantes [&hellip;]<\/p>\n","protected":false},"author":1,"featured_media":10690,"comment_status":"open","ping_status":"open","sticky":false,"template":"elementor_header_footer","format":"standard","meta":{"_monsterinsights_skip_tracking":false,"_monsterinsights_sitenote_active":false,"_monsterinsights_sitenote_note":"","_monsterinsights_sitenote_category":0,"iawp_total_views":2,"footnotes":""},"categories":[52],"tags":[],"class_list":["post-10686","post","type-post","status-publish","format-standard","has-post-thumbnail","hentry","category-comuna"],"aioseo_notices":[],"_links":{"self":[{"href":"https:\/\/mportezuelo.cl\/Inicio\/wp-json\/wp\/v2\/posts\/10686","targetHints":{"allow":["GET"]}}],"collection":[{"href":"https:\/\/mportezuelo.cl\/Inicio\/wp-json\/wp\/v2\/posts"}],"about":[{"href":"https:\/\/mportezuelo.cl\/Inicio\/wp-json\/wp\/v2\/types\/post"}],"author":[{"embeddable":true,"href":"https:\/\/mportezuelo.cl\/Inicio\/wp-json\/wp\/v2\/users\/1"}],"replies":[{"embeddable":true,"href":"https:\/\/mportezuelo.cl\/Inicio\/wp-json\/wp\/v2\/comments?post=10686"}],"version-history":[{"count":4,"href":"https:\/\/mportezuelo.cl\/Inicio\/wp-json\/wp\/v2\/posts\/10686\/revisions"}],"predecessor-version":[{"id":10694,"href":"https:\/\/mportezuelo.cl\/Inicio\/wp-json\/wp\/v2\/posts\/10686\/revisions\/10694"}],"wp:featuredmedia":[{"embeddable":true,"href":"https:\/\/mportezuelo.cl\/Inicio\/wp-json\/wp\/v2\/media\/10690"}],"wp:attachment":[{"href":"https:\/\/mportezuelo.cl\/Inicio\/wp-json\/wp\/v2\/media?parent=10686"}],"wp:term":[{"taxonomy":"category","embeddable":true,"href":"https:\/\/mportezuelo.cl\/Inicio\/wp-json\/wp\/v2\/categories?post=10686"},{"taxonomy":"post_tag","embeddable":true,"href":"https:\/\/mportezuelo.cl\/Inicio\/wp-json\/wp\/v2\/tags?post=10686"}],"curies":[{"name":"wp","href":"https:\/\/api.w.org\/{rel}","templated":true}]}}