{"id":10501,"date":"2026-01-19T16:47:30","date_gmt":"2026-01-19T19:47:30","guid":{"rendered":"https:\/\/mportezuelo.cl\/Inicio\/?p=10501"},"modified":"2026-01-19T16:52:15","modified_gmt":"2026-01-19T19:52:15","slug":"portezuelo-en-alerta-autoridades-coordinan-recursos-en-cogrid-para-combatir-incendio-forestal","status":"publish","type":"post","link":"https:\/\/mportezuelo.cl\/Inicio\/2026\/01\/19\/portezuelo-en-alerta-autoridades-coordinan-recursos-en-cogrid-para-combatir-incendio-forestal\/","title":{"rendered":"Portezuelo en Alerta: Autoridades Coordinan Recursos en COGRID para Combatir Incendio Forestal"},"content":{"rendered":"\t\t<div data-elementor-type=\"wp-post\" data-elementor-id=\"10501\" class=\"elementor elementor-10501\" data-elementor-post-type=\"post\">\n\t\t\t\t<div class=\"elementor-element elementor-element-87ccfd9 e-flex e-con-boxed e-con e-parent\" data-id=\"87ccfd9\" data-element_type=\"container\" data-e-type=\"container\" data-settings=\"{&quot;tmea_shape_divider_top&quot;:&quot;none&quot;,&quot;tmea_shape_divider_bottom&quot;:&quot;none&quot;}\">\n\t\t\t\t\t<div class=\"e-con-inner\">\n\t\t\t\t<div class=\"elementor-element elementor-element-4e57fc6 elementor-widget elementor-widget-image\" data-id=\"4e57fc6\" data-element_type=\"widget\" data-e-type=\"widget\" data-widget_type=\"image.default\">\n\t\t\t\t<div class=\"elementor-widget-container\">\n\t\t\t\t\t\t\t\t\t\t\t\t\t\t\t<img fetchpriority=\"high\" decoding=\"async\" width=\"1024\" height=\"614\" src=\"https:\/\/mportezuelo.cl\/Inicio\/wp-content\/uploads\/2026\/01\/DSC05857-scaled-e1768851278686-1024x614.jpg\" class=\"attachment-large size-large wp-image-10502\" alt=\"\" srcset=\"https:\/\/mportezuelo.cl\/Inicio\/wp-content\/uploads\/2026\/01\/DSC05857-scaled-e1768851278686-1024x614.jpg 1024w, https:\/\/mportezuelo.cl\/Inicio\/wp-content\/uploads\/2026\/01\/DSC05857-scaled-e1768851278686-300x180.jpg 300w, https:\/\/mportezuelo.cl\/Inicio\/wp-content\/uploads\/2026\/01\/DSC05857-scaled-e1768851278686-768x461.jpg 768w, https:\/\/mportezuelo.cl\/Inicio\/wp-content\/uploads\/2026\/01\/DSC05857-scaled-e1768851278686-1536x922.jpg 1536w, https:\/\/mportezuelo.cl\/Inicio\/wp-content\/uploads\/2026\/01\/DSC05857-scaled-e1768851278686-2048x1229.jpg 2048w\" sizes=\"(max-width: 1024px) 100vw, 1024px\" \/>\t\t\t\t\t\t\t\t\t\t\t\t\t\t\t<\/div>\n\t\t\t\t<\/div>\n\t\t\t\t\t<\/div>\n\t\t\t\t<\/div>\n\t\t<div class=\"elementor-element elementor-element-6980d0e e-flex e-con-boxed e-con e-parent\" data-id=\"6980d0e\" data-element_type=\"container\" data-e-type=\"container\" data-settings=\"{&quot;tmea_shape_divider_top&quot;:&quot;none&quot;,&quot;tmea_shape_divider_bottom&quot;:&quot;none&quot;}\">\n\t\t\t\t\t<div class=\"e-con-inner\">\n\t\t\n\t\t<div class=\"elementor-element elementor-element-16acc10 elementor-widget elementor-widget-text-editor\" data-id=\"16acc10\" data-element_type=\"widget\" data-e-type=\"widget\" data-widget_type=\"text-editor.default\">\n\t\t\t\t<div class=\"elementor-widget-container\">\n\t\t\t\t\t\t\t\t\t<p><strong>Hoy 19 de enero a las 12:30 en la escuela de Chudal, se realiz\u00f3 el COGRID de emergencia del incendio forestal que afecta a nuestra comuna de Portezuelo.<\/strong><\/p>\t\t\t\t\t\t\t\t<\/div>\n\t\t\t\t<\/div>\n\t\t\t\t\t<\/div>\n\t\t\t\t<\/div>\n\t\t<div class=\"elementor-element elementor-element-1d49e65 e-flex e-con-boxed e-con e-parent\" data-id=\"1d49e65\" data-element_type=\"container\" data-e-type=\"container\" data-settings=\"{&quot;tmea_shape_divider_top&quot;:&quot;none&quot;,&quot;tmea_shape_divider_bottom&quot;:&quot;none&quot;}\">\n\t\t\t\t\t<div class=\"e-con-inner\">\n\t\t<div class=\"elementor-element elementor-element-15a3ce0 e-con-full e-flex e-con e-child\" data-id=\"15a3ce0\" data-element_type=\"container\" data-e-type=\"container\" data-settings=\"{&quot;tmea_shape_divider_top&quot;:&quot;none&quot;,&quot;tmea_shape_divider_bottom&quot;:&quot;none&quot;}\">\n\t\t\t\t<div class=\"elementor-element elementor-element-73a152b elementor-widget elementor-widget-image\" data-id=\"73a152b\" data-element_type=\"widget\" data-e-type=\"widget\" data-widget_type=\"image.default\">\n\t\t\t\t<div class=\"elementor-widget-container\">\n\t\t\t\t\t\t\t\t\t\t\t\t\t\t\t<img decoding=\"async\" width=\"1024\" height=\"683\" src=\"https:\/\/mportezuelo.cl\/Inicio\/wp-content\/uploads\/2026\/01\/DSC05832-1024x683.jpg\" class=\"attachment-large size-large wp-image-10504\" alt=\"\" srcset=\"https:\/\/mportezuelo.cl\/Inicio\/wp-content\/uploads\/2026\/01\/DSC05832-1024x683.jpg 1024w, https:\/\/mportezuelo.cl\/Inicio\/wp-content\/uploads\/2026\/01\/DSC05832-300x200.jpg 300w, https:\/\/mportezuelo.cl\/Inicio\/wp-content\/uploads\/2026\/01\/DSC05832-768x512.jpg 768w, https:\/\/mportezuelo.cl\/Inicio\/wp-content\/uploads\/2026\/01\/DSC05832-1536x1024.jpg 1536w, https:\/\/mportezuelo.cl\/Inicio\/wp-content\/uploads\/2026\/01\/DSC05832-2048x1365.jpg 2048w\" sizes=\"(max-width: 1024px) 100vw, 1024px\" \/>\t\t\t\t\t\t\t\t\t\t\t\t\t\t\t<\/div>\n\t\t\t\t<\/div>\n\t\t\t\t<\/div>\n\t\t<div class=\"elementor-element elementor-element-0b68400 e-con-full e-flex e-con e-child\" data-id=\"0b68400\" data-element_type=\"container\" data-e-type=\"container\" data-settings=\"{&quot;tmea_shape_divider_top&quot;:&quot;none&quot;,&quot;tmea_shape_divider_bottom&quot;:&quot;none&quot;}\">\n\t\t\t\t<div class=\"elementor-element elementor-element-f864a9c elementor-widget elementor-widget-text-editor\" data-id=\"f864a9c\" data-element_type=\"widget\" data-e-type=\"widget\" data-widget_type=\"text-editor.default\">\n\t\t\t\t<div class=\"elementor-widget-container\">\n\t\t\t\t\t\t\t\t\t<p>En esta reuni\u00f3n estuvo presente el alcalde, Juan Carlos Ram\u00edrez; la ministra de Agricultura, Mar\u00eda Ignacia Fern\u00e1ndez Gatica; el gobernador, Oscar Cris\u00f3stomo; el Delegado Presidencial de Itata, Mario Cruces; la Seremi de Desarrollo Social y Familia, Marta Carvajal Aguirre; adem\u00e1s de representantes de Bomberos, CONAF, Arauco, Carabineros, PDI, el director de Seguridad P\u00fablica y funcionarios municipales, entre otros participantes.<\/p><p>El objetivo de este <strong>Comit\u00e9 de Gesti\u00f3n del Riesgo de Desastres (COGRID)<\/strong> es establecer una coordinaci\u00f3n estrat\u00e9gica y operativa entre todos los actores p\u00fablicos y privados. Ante una emergencia de esta magnitud, la prioridad es centralizar la informaci\u00f3n para optimizar el despliegue de brigadas, el uso de recursos a\u00e9reos y terrestres, y asegurar una respuesta r\u00e1pida para la protecci\u00f3n de las familias y sus bienes.<\/p>\t\t\t\t\t\t\t\t<\/div>\n\t\t\t\t<\/div>\n\t\t\t\t<\/div>\n\t\t\t\t\t<\/div>\n\t\t\t\t<\/div>\n\t\t<div class=\"elementor-element elementor-element-7e80c72 e-flex e-con-boxed e-con e-parent\" data-id=\"7e80c72\" data-element_type=\"container\" data-e-type=\"container\" data-settings=\"{&quot;tmea_shape_divider_top&quot;:&quot;none&quot;,&quot;tmea_shape_divider_bottom&quot;:&quot;none&quot;}\">\n\t\t\t\t\t<div class=\"e-con-inner\">\n\t\t<div class=\"elementor-element elementor-element-e248565 e-con-full e-flex e-con e-child\" data-id=\"e248565\" data-element_type=\"container\" data-e-type=\"container\" data-settings=\"{&quot;tmea_shape_divider_top&quot;:&quot;none&quot;,&quot;tmea_shape_divider_bottom&quot;:&quot;none&quot;}\">\n\t\t\t\t<div class=\"elementor-element elementor-element-7417ff9 elementor-widget elementor-widget-image\" data-id=\"7417ff9\" data-element_type=\"widget\" data-e-type=\"widget\" data-widget_type=\"image.default\">\n\t\t\t\t<div class=\"elementor-widget-container\">\n\t\t\t\t\t\t\t\t\t\t\t\t\t\t\t<img decoding=\"async\" width=\"1024\" height=\"683\" src=\"https:\/\/mportezuelo.cl\/Inicio\/wp-content\/uploads\/2026\/01\/DSC05967-1024x683.jpg\" class=\"attachment-large size-large wp-image-10505\" alt=\"\" srcset=\"https:\/\/mportezuelo.cl\/Inicio\/wp-content\/uploads\/2026\/01\/DSC05967-1024x683.jpg 1024w, https:\/\/mportezuelo.cl\/Inicio\/wp-content\/uploads\/2026\/01\/DSC05967-300x200.jpg 300w, https:\/\/mportezuelo.cl\/Inicio\/wp-content\/uploads\/2026\/01\/DSC05967-768x512.jpg 768w, https:\/\/mportezuelo.cl\/Inicio\/wp-content\/uploads\/2026\/01\/DSC05967-1536x1024.jpg 1536w, https:\/\/mportezuelo.cl\/Inicio\/wp-content\/uploads\/2026\/01\/DSC05967-2048x1365.jpg 2048w\" sizes=\"(max-width: 1024px) 100vw, 1024px\" \/>\t\t\t\t\t\t\t\t\t\t\t\t\t\t\t<\/div>\n\t\t\t\t<\/div>\n\t\t\t\t<\/div>\n\t\t<div class=\"elementor-element elementor-element-a5cd8e7 e-con-full e-flex e-con e-child\" data-id=\"a5cd8e7\" data-element_type=\"container\" data-e-type=\"container\" data-settings=\"{&quot;tmea_shape_divider_top&quot;:&quot;none&quot;,&quot;tmea_shape_divider_bottom&quot;:&quot;none&quot;}\">\n\t\t\t\t<div class=\"elementor-element elementor-element-0b82d57 elementor-widget elementor-widget-text-editor\" data-id=\"0b82d57\" data-element_type=\"widget\" data-e-type=\"widget\" data-widget_type=\"text-editor.default\">\n\t\t\t\t<div class=\"elementor-widget-container\">\n\t\t\t\t\t\t\t\t\t<h3><strong>Voces de la Emergencia<\/strong><\/h3><p>Durante la jornada, las principales autoridades entregaron un balance de la situaci\u00f3n y los pasos a seguir:<\/p><ul><li><strong>Alcalde Juan Carlos Ram\u00edrez:<\/strong> Destac\u00f3 la importancia de la planificaci\u00f3n conjunta para enfrentar un fuego que ya ha consumido viviendas en la zona norte de Portezuelo. Hizo un llamado urgente a resguardar la vida humana y agradeci\u00f3 el apoyo de los m\u00e1s de 140 voluntarios de bomberos y el personal de CONAF, se\u00f1alando que la visibilidad ha sido el principal obst\u00e1culo para el combate a\u00e9reo.<\/li><\/ul>\t\t\t\t\t\t\t\t<\/div>\n\t\t\t\t<\/div>\n\t\t\t\t<\/div>\n\t\t\t\t\t<\/div>\n\t\t\t\t<\/div>\n\t\t<div class=\"elementor-element elementor-element-be6c588 e-flex e-con-boxed e-con e-parent\" data-id=\"be6c588\" data-element_type=\"container\" data-e-type=\"container\" data-settings=\"{&quot;tmea_shape_divider_top&quot;:&quot;none&quot;,&quot;tmea_shape_divider_bottom&quot;:&quot;none&quot;}\">\n\t\t\t\t\t<div class=\"e-con-inner\">\n\t\t<div class=\"elementor-element elementor-element-9485057 e-con-full e-flex e-con e-child\" data-id=\"9485057\" data-element_type=\"container\" data-e-type=\"container\" data-settings=\"{&quot;tmea_shape_divider_top&quot;:&quot;none&quot;,&quot;tmea_shape_divider_bottom&quot;:&quot;none&quot;}\">\n\t\t\t\t<div class=\"elementor-element elementor-element-ec3f3bd elementor-widget elementor-widget-image\" data-id=\"ec3f3bd\" data-element_type=\"widget\" data-e-type=\"widget\" data-widget_type=\"image.default\">\n\t\t\t\t<div class=\"elementor-widget-container\">\n\t\t\t\t\t\t\t\t\t\t\t\t\t\t\t<img loading=\"lazy\" decoding=\"async\" width=\"1024\" height=\"683\" src=\"https:\/\/mportezuelo.cl\/Inicio\/wp-content\/uploads\/2026\/01\/DSC05957-1024x683.jpg\" class=\"attachment-large size-large wp-image-10506\" alt=\"\" srcset=\"https:\/\/mportezuelo.cl\/Inicio\/wp-content\/uploads\/2026\/01\/DSC05957-1024x683.jpg 1024w, https:\/\/mportezuelo.cl\/Inicio\/wp-content\/uploads\/2026\/01\/DSC05957-300x200.jpg 300w, https:\/\/mportezuelo.cl\/Inicio\/wp-content\/uploads\/2026\/01\/DSC05957-768x512.jpg 768w, https:\/\/mportezuelo.cl\/Inicio\/wp-content\/uploads\/2026\/01\/DSC05957-1536x1024.jpg 1536w, https:\/\/mportezuelo.cl\/Inicio\/wp-content\/uploads\/2026\/01\/DSC05957-2048x1365.jpg 2048w\" sizes=\"(max-width: 1024px) 100vw, 1024px\" \/>\t\t\t\t\t\t\t\t\t\t\t\t\t\t\t<\/div>\n\t\t\t\t<\/div>\n\t\t\t\t<\/div>\n\t\t<div class=\"elementor-element elementor-element-9823316 e-con-full e-flex e-con e-child\" data-id=\"9823316\" data-element_type=\"container\" data-e-type=\"container\" data-settings=\"{&quot;tmea_shape_divider_top&quot;:&quot;none&quot;,&quot;tmea_shape_divider_bottom&quot;:&quot;none&quot;}\">\n\t\t\t\t<div class=\"elementor-element elementor-element-6c0063e elementor-widget elementor-widget-text-editor\" data-id=\"6c0063e\" data-element_type=\"widget\" data-e-type=\"widget\" data-widget_type=\"text-editor.default\">\n\t\t\t\t<div class=\"elementor-widget-container\">\n\t\t\t\t\t\t\t\t\t<ul><li><strong>Ministra de Agricultura, Mar\u00eda Ignacia Fern\u00e1ndez Gatica:<\/strong> Reforz\u00f3 el rol del gobierno como enlace para canalizar soluciones en esta fase cr\u00edtica. Explic\u00f3 que el incendio se origin\u00f3 en la comuna de R\u00e1nquil y se desplaz\u00f3 con fuerza hacia Portezuelo. Advirti\u00f3 que se esperan condiciones clim\u00e1ticas complejas y que el apoyo terrestre se est\u00e1 fortaleciendo mientras se espera que el humo permita retomar los vuelos de combate.<\/li><\/ul>\t\t\t\t\t\t\t\t<\/div>\n\t\t\t\t<\/div>\n\t\t\t\t<\/div>\n\t\t\t\t\t<\/div>\n\t\t\t\t<\/div>\n\t\t<div class=\"elementor-element elementor-element-b452c27 e-flex e-con-boxed e-con e-parent\" data-id=\"b452c27\" data-element_type=\"container\" data-e-type=\"container\" data-settings=\"{&quot;tmea_shape_divider_top&quot;:&quot;none&quot;,&quot;tmea_shape_divider_bottom&quot;:&quot;none&quot;}\">\n\t\t\t\t\t<div class=\"e-con-inner\">\n\t\t<div class=\"elementor-element elementor-element-94dfc16 e-con-full e-flex e-con e-child\" data-id=\"94dfc16\" data-element_type=\"container\" data-e-type=\"container\" data-settings=\"{&quot;tmea_shape_divider_top&quot;:&quot;none&quot;,&quot;tmea_shape_divider_bottom&quot;:&quot;none&quot;}\">\n\t\t\t\t<div class=\"elementor-element elementor-element-97a4528 elementor-widget elementor-widget-image\" data-id=\"97a4528\" data-element_type=\"widget\" data-e-type=\"widget\" data-widget_type=\"image.default\">\n\t\t\t\t<div class=\"elementor-widget-container\">\n\t\t\t\t\t\t\t\t\t\t\t\t\t\t\t<img loading=\"lazy\" decoding=\"async\" width=\"1024\" height=\"683\" src=\"https:\/\/mportezuelo.cl\/Inicio\/wp-content\/uploads\/2026\/01\/DSC05983-1024x683.jpg\" class=\"attachment-large size-large wp-image-10507\" alt=\"\" srcset=\"https:\/\/mportezuelo.cl\/Inicio\/wp-content\/uploads\/2026\/01\/DSC05983-1024x683.jpg 1024w, https:\/\/mportezuelo.cl\/Inicio\/wp-content\/uploads\/2026\/01\/DSC05983-300x200.jpg 300w, https:\/\/mportezuelo.cl\/Inicio\/wp-content\/uploads\/2026\/01\/DSC05983-768x512.jpg 768w, https:\/\/mportezuelo.cl\/Inicio\/wp-content\/uploads\/2026\/01\/DSC05983-1536x1024.jpg 1536w, https:\/\/mportezuelo.cl\/Inicio\/wp-content\/uploads\/2026\/01\/DSC05983-2048x1365.jpg 2048w\" sizes=\"(max-width: 1024px) 100vw, 1024px\" \/>\t\t\t\t\t\t\t\t\t\t\t\t\t\t\t<\/div>\n\t\t\t\t<\/div>\n\t\t\t\t<\/div>\n\t\t<div class=\"elementor-element elementor-element-a68db70 e-con-full e-flex e-con e-child\" data-id=\"a68db70\" data-element_type=\"container\" data-e-type=\"container\" data-settings=\"{&quot;tmea_shape_divider_top&quot;:&quot;none&quot;,&quot;tmea_shape_divider_bottom&quot;:&quot;none&quot;}\">\n\t\t\t\t<div class=\"elementor-element elementor-element-a1d8a5f elementor-widget elementor-widget-text-editor\" data-id=\"a1d8a5f\" data-element_type=\"widget\" data-e-type=\"widget\" data-widget_type=\"text-editor.default\">\n\t\t\t\t<div class=\"elementor-widget-container\">\n\t\t\t\t\t\t\t\t\t<ul><li><strong>Gobernador Oscar Cris\u00f3stomo:<\/strong> Inform\u00f3 que, hasta el momento, el incendio ha consumido <strong>1.180 hect\u00e1reas<\/strong> en Portezuelo y se han reportado <strong>10 viviendas destruidas<\/strong>. Adem\u00e1s, confirm\u00f3 que hay dos sistemas sanitarios rurales fuera de servicio y que se realiz\u00f3 un corte preventivo de energ\u00eda el\u00e9ctrica para evitar nuevos focos. Asegur\u00f3 que se iniciar\u00e1n los catastros de da\u00f1os apenas la emergencia lo permita para acudir en ayuda de los damnificados.<\/li><\/ul>\t\t\t\t\t\t\t\t<\/div>\n\t\t\t\t<\/div>\n\t\t\t\t<\/div>\n\t\t\t\t\t<\/div>\n\t\t\t\t<\/div>\n\t\t<div class=\"elementor-element elementor-element-6b98e60 e-flex e-con-boxed e-con e-parent\" data-id=\"6b98e60\" data-element_type=\"container\" data-e-type=\"container\" data-settings=\"{&quot;tmea_shape_divider_top&quot;:&quot;none&quot;,&quot;tmea_shape_divider_bottom&quot;:&quot;none&quot;}\">\n\t\t\t\t\t<div class=\"e-con-inner\">\n\t\t\t\t<div class=\"elementor-element elementor-element-c81a137 elementor-widget elementor-widget-text-editor\" data-id=\"c81a137\" data-element_type=\"widget\" data-e-type=\"widget\" data-widget_type=\"text-editor.default\">\n\t\t\t\t<div class=\"elementor-widget-container\">\n\t\t\t\t\t\t\t\t\t<p>La situaci\u00f3n sigue siendo din\u00e1mica y los equipos permanecen en terreno trabajando intensamente para contener el avance de las llamas.<\/p>\t\t\t\t\t\t\t\t<\/div>\n\t\t\t\t<\/div>\n\t\t\t\t\t<\/div>\n\t\t\t\t<\/div>\n\t\t<div class=\"elementor-element elementor-element-38ed89d e-flex e-con-boxed e-con e-parent\" data-id=\"38ed89d\" data-element_type=\"container\" data-e-type=\"container\" data-settings=\"{&quot;tmea_shape_divider_top&quot;:&quot;none&quot;,&quot;tmea_shape_divider_bottom&quot;:&quot;none&quot;}\">\n\t\t\t\t\t<div class=\"e-con-inner\">\n\t\t\t\t<div class=\"elementor-element elementor-element-6764ccd elementor-widget elementor-widget-gallery\" data-id=\"6764ccd\" data-element_type=\"widget\" data-e-type=\"widget\" data-settings=\"{&quot;lazyload&quot;:&quot;yes&quot;,&quot;gallery_layout&quot;:&quot;grid&quot;,&quot;columns&quot;:4,&quot;columns_tablet&quot;:2,&quot;columns_mobile&quot;:1,&quot;gap&quot;:{&quot;unit&quot;:&quot;px&quot;,&quot;size&quot;:10,&quot;sizes&quot;:[]},&quot;gap_tablet&quot;:{&quot;unit&quot;:&quot;px&quot;,&quot;size&quot;:10,&quot;sizes&quot;:[]},&quot;gap_mobile&quot;:{&quot;unit&quot;:&quot;px&quot;,&quot;size&quot;:10,&quot;sizes&quot;:[]},&quot;link_to&quot;:&quot;file&quot;,&quot;aspect_ratio&quot;:&quot;3:2&quot;,&quot;overlay_background&quot;:&quot;yes&quot;,&quot;content_hover_animation&quot;:&quot;fade-in&quot;}\" data-widget_type=\"gallery.default\">\n\t\t\t\t<div class=\"elementor-widget-container\">\n\t\t\t\t\t\t\t<div class=\"elementor-gallery__container\">\n\t\t\t\t\t\t\t<a class=\"e-gallery-item elementor-gallery-item elementor-animated-content\" href=\"https:\/\/mportezuelo.cl\/Inicio\/wp-content\/uploads\/2026\/01\/DSC05825-scaled.jpg\" data-elementor-open-lightbox=\"yes\" data-elementor-lightbox-slideshow=\"6764ccd\" data-elementor-lightbox-title=\"COGRID COMUNAL DE PORTEZUELO 2026\" data-e-action-hash=\"#elementor-action%3Aaction%3Dlightbox%26settings%3DeyJpZCI6MTA1MDgsInVybCI6Imh0dHBzOlwvXC9tcG9ydGV6dWVsby5jbFwvSW5pY2lvXC93cC1jb250ZW50XC91cGxvYWRzXC8yMDI2XC8wMVwvRFNDMDU4MjUtc2NhbGVkLmpwZyIsInNsaWRlc2hvdyI6IjY3NjRjY2QifQ%3D%3D\">\n\t\t\t\t\t<div class=\"e-gallery-image elementor-gallery-item__image\" data-thumbnail=\"https:\/\/mportezuelo.cl\/Inicio\/wp-content\/uploads\/2026\/01\/DSC05825-300x200.jpg\" data-width=\"300\" data-height=\"200\" aria-label=\"\" role=\"img\" ><\/div>\n\t\t\t\t\t\t\t\t\t\t\t<div class=\"elementor-gallery-item__overlay\"><\/div>\n\t\t\t\t\t\t\t\t\t\t\t\t\t\t<\/a>\n\t\t\t\t\t\t\t<a class=\"e-gallery-item elementor-gallery-item elementor-animated-content\" href=\"https:\/\/mportezuelo.cl\/Inicio\/wp-content\/uploads\/2026\/01\/DSC05833-scaled.jpg\" data-elementor-open-lightbox=\"yes\" data-elementor-lightbox-slideshow=\"6764ccd\" data-elementor-lightbox-title=\"COGRID COMUNAL DE PORTEZUELO 2026\" data-e-action-hash=\"#elementor-action%3Aaction%3Dlightbox%26settings%3DeyJpZCI6MTA1MDksInVybCI6Imh0dHBzOlwvXC9tcG9ydGV6dWVsby5jbFwvSW5pY2lvXC93cC1jb250ZW50XC91cGxvYWRzXC8yMDI2XC8wMVwvRFNDMDU4MzMtc2NhbGVkLmpwZyIsInNsaWRlc2hvdyI6IjY3NjRjY2QifQ%3D%3D\">\n\t\t\t\t\t<div class=\"e-gallery-image elementor-gallery-item__image\" data-thumbnail=\"https:\/\/mportezuelo.cl\/Inicio\/wp-content\/uploads\/2026\/01\/DSC05833-300x200.jpg\" data-width=\"300\" data-height=\"200\" aria-label=\"\" role=\"img\" ><\/div>\n\t\t\t\t\t\t\t\t\t\t\t<div class=\"elementor-gallery-item__overlay\"><\/div>\n\t\t\t\t\t\t\t\t\t\t\t\t\t\t<\/a>\n\t\t\t\t\t\t\t<a class=\"e-gallery-item elementor-gallery-item elementor-animated-content\" href=\"https:\/\/mportezuelo.cl\/Inicio\/wp-content\/uploads\/2026\/01\/DSC05837-scaled.jpg\" data-elementor-open-lightbox=\"yes\" data-elementor-lightbox-slideshow=\"6764ccd\" data-elementor-lightbox-title=\"COGRID COMUNAL DE PORTEZUELO 2026\" data-e-action-hash=\"#elementor-action%3Aaction%3Dlightbox%26settings%3DeyJpZCI6MTA1MTAsInVybCI6Imh0dHBzOlwvXC9tcG9ydGV6dWVsby5jbFwvSW5pY2lvXC93cC1jb250ZW50XC91cGxvYWRzXC8yMDI2XC8wMVwvRFNDMDU4Mzctc2NhbGVkLmpwZyIsInNsaWRlc2hvdyI6IjY3NjRjY2QifQ%3D%3D\">\n\t\t\t\t\t<div class=\"e-gallery-image elementor-gallery-item__image\" data-thumbnail=\"https:\/\/mportezuelo.cl\/Inicio\/wp-content\/uploads\/2026\/01\/DSC05837-300x200.jpg\" data-width=\"300\" data-height=\"200\" aria-label=\"\" role=\"img\" ><\/div>\n\t\t\t\t\t\t\t\t\t\t\t<div class=\"elementor-gallery-item__overlay\"><\/div>\n\t\t\t\t\t\t\t\t\t\t\t\t\t\t<\/a>\n\t\t\t\t\t\t\t<a class=\"e-gallery-item elementor-gallery-item elementor-animated-content\" href=\"https:\/\/mportezuelo.cl\/Inicio\/wp-content\/uploads\/2026\/01\/DSC05846-scaled.jpg\" data-elementor-open-lightbox=\"yes\" data-elementor-lightbox-slideshow=\"6764ccd\" data-elementor-lightbox-title=\"COGRID COMUNAL DE PORTEZUELO 2026\" data-e-action-hash=\"#elementor-action%3Aaction%3Dlightbox%26settings%3DeyJpZCI6MTA1MTEsInVybCI6Imh0dHBzOlwvXC9tcG9ydGV6dWVsby5jbFwvSW5pY2lvXC93cC1jb250ZW50XC91cGxvYWRzXC8yMDI2XC8wMVwvRFNDMDU4NDYtc2NhbGVkLmpwZyIsInNsaWRlc2hvdyI6IjY3NjRjY2QifQ%3D%3D\">\n\t\t\t\t\t<div class=\"e-gallery-image elementor-gallery-item__image\" data-thumbnail=\"https:\/\/mportezuelo.cl\/Inicio\/wp-content\/uploads\/2026\/01\/DSC05846-300x200.jpg\" data-width=\"300\" data-height=\"200\" aria-label=\"\" role=\"img\" ><\/div>\n\t\t\t\t\t\t\t\t\t\t\t<div class=\"elementor-gallery-item__overlay\"><\/div>\n\t\t\t\t\t\t\t\t\t\t\t\t\t\t<\/a>\n\t\t\t\t\t\t\t<a class=\"e-gallery-item elementor-gallery-item elementor-animated-content\" href=\"https:\/\/mportezuelo.cl\/Inicio\/wp-content\/uploads\/2026\/01\/DSC05849-scaled.jpg\" data-elementor-open-lightbox=\"yes\" data-elementor-lightbox-slideshow=\"6764ccd\" data-elementor-lightbox-title=\"COGRID COMUNAL DE PORTEZUELO 2026\" data-e-action-hash=\"#elementor-action%3Aaction%3Dlightbox%26settings%3DeyJpZCI6MTA1MTIsInVybCI6Imh0dHBzOlwvXC9tcG9ydGV6dWVsby5jbFwvSW5pY2lvXC93cC1jb250ZW50XC91cGxvYWRzXC8yMDI2XC8wMVwvRFNDMDU4NDktc2NhbGVkLmpwZyIsInNsaWRlc2hvdyI6IjY3NjRjY2QifQ%3D%3D\">\n\t\t\t\t\t<div class=\"e-gallery-image elementor-gallery-item__image\" data-thumbnail=\"https:\/\/mportezuelo.cl\/Inicio\/wp-content\/uploads\/2026\/01\/DSC05849-300x200.jpg\" data-width=\"300\" data-height=\"200\" aria-label=\"\" role=\"img\" ><\/div>\n\t\t\t\t\t\t\t\t\t\t\t<div class=\"elementor-gallery-item__overlay\"><\/div>\n\t\t\t\t\t\t\t\t\t\t\t\t\t\t<\/a>\n\t\t\t\t\t\t\t<a class=\"e-gallery-item elementor-gallery-item elementor-animated-content\" href=\"https:\/\/mportezuelo.cl\/Inicio\/wp-content\/uploads\/2026\/01\/DSC05853-scaled.jpg\" data-elementor-open-lightbox=\"yes\" data-elementor-lightbox-slideshow=\"6764ccd\" data-elementor-lightbox-title=\"COGRID COMUNAL DE PORTEZUELO 2026\" data-e-action-hash=\"#elementor-action%3Aaction%3Dlightbox%26settings%3DeyJpZCI6MTA1MTMsInVybCI6Imh0dHBzOlwvXC9tcG9ydGV6dWVsby5jbFwvSW5pY2lvXC93cC1jb250ZW50XC91cGxvYWRzXC8yMDI2XC8wMVwvRFNDMDU4NTMtc2NhbGVkLmpwZyIsInNsaWRlc2hvdyI6IjY3NjRjY2QifQ%3D%3D\">\n\t\t\t\t\t<div class=\"e-gallery-image elementor-gallery-item__image\" data-thumbnail=\"https:\/\/mportezuelo.cl\/Inicio\/wp-content\/uploads\/2026\/01\/DSC05853-300x200.jpg\" data-width=\"300\" data-height=\"200\" aria-label=\"\" role=\"img\" ><\/div>\n\t\t\t\t\t\t\t\t\t\t\t<div class=\"elementor-gallery-item__overlay\"><\/div>\n\t\t\t\t\t\t\t\t\t\t\t\t\t\t<\/a>\n\t\t\t\t\t\t\t<a class=\"e-gallery-item elementor-gallery-item elementor-animated-content\" href=\"https:\/\/mportezuelo.cl\/Inicio\/wp-content\/uploads\/2026\/01\/DSC05867-scaled.jpg\" data-elementor-open-lightbox=\"yes\" data-elementor-lightbox-slideshow=\"6764ccd\" data-elementor-lightbox-title=\"COGRID COMUNAL DE PORTEZUELO 2026\" data-e-action-hash=\"#elementor-action%3Aaction%3Dlightbox%26settings%3DeyJpZCI6MTA1MTQsInVybCI6Imh0dHBzOlwvXC9tcG9ydGV6dWVsby5jbFwvSW5pY2lvXC93cC1jb250ZW50XC91cGxvYWRzXC8yMDI2XC8wMVwvRFNDMDU4Njctc2NhbGVkLmpwZyIsInNsaWRlc2hvdyI6IjY3NjRjY2QifQ%3D%3D\">\n\t\t\t\t\t<div class=\"e-gallery-image elementor-gallery-item__image\" data-thumbnail=\"https:\/\/mportezuelo.cl\/Inicio\/wp-content\/uploads\/2026\/01\/DSC05867-300x200.jpg\" data-width=\"300\" data-height=\"200\" aria-label=\"\" role=\"img\" ><\/div>\n\t\t\t\t\t\t\t\t\t\t\t<div class=\"elementor-gallery-item__overlay\"><\/div>\n\t\t\t\t\t\t\t\t\t\t\t\t\t\t<\/a>\n\t\t\t\t\t\t\t<a class=\"e-gallery-item elementor-gallery-item elementor-animated-content\" href=\"https:\/\/mportezuelo.cl\/Inicio\/wp-content\/uploads\/2026\/01\/DSC05880-scaled.jpg\" data-elementor-open-lightbox=\"yes\" data-elementor-lightbox-slideshow=\"6764ccd\" data-elementor-lightbox-title=\"COGRID COMUNAL DE PORTEZUELO 2026\" data-e-action-hash=\"#elementor-action%3Aaction%3Dlightbox%26settings%3DeyJpZCI6MTA1MTUsInVybCI6Imh0dHBzOlwvXC9tcG9ydGV6dWVsby5jbFwvSW5pY2lvXC93cC1jb250ZW50XC91cGxvYWRzXC8yMDI2XC8wMVwvRFNDMDU4ODAtc2NhbGVkLmpwZyIsInNsaWRlc2hvdyI6IjY3NjRjY2QifQ%3D%3D\">\n\t\t\t\t\t<div class=\"e-gallery-image elementor-gallery-item__image\" data-thumbnail=\"https:\/\/mportezuelo.cl\/Inicio\/wp-content\/uploads\/2026\/01\/DSC05880-300x200.jpg\" data-width=\"300\" data-height=\"200\" aria-label=\"\" role=\"img\" ><\/div>\n\t\t\t\t\t\t\t\t\t\t\t<div class=\"elementor-gallery-item__overlay\"><\/div>\n\t\t\t\t\t\t\t\t\t\t\t\t\t\t<\/a>\n\t\t\t\t\t\t\t<a class=\"e-gallery-item elementor-gallery-item elementor-animated-content\" href=\"https:\/\/mportezuelo.cl\/Inicio\/wp-content\/uploads\/2026\/01\/DSC05896-scaled.jpg\" data-elementor-open-lightbox=\"yes\" data-elementor-lightbox-slideshow=\"6764ccd\" data-elementor-lightbox-title=\"COGRID COMUNAL DE PORTEZUELO 2026\" data-e-action-hash=\"#elementor-action%3Aaction%3Dlightbox%26settings%3DeyJpZCI6MTA1MTYsInVybCI6Imh0dHBzOlwvXC9tcG9ydGV6dWVsby5jbFwvSW5pY2lvXC93cC1jb250ZW50XC91cGxvYWRzXC8yMDI2XC8wMVwvRFNDMDU4OTYtc2NhbGVkLmpwZyIsInNsaWRlc2hvdyI6IjY3NjRjY2QifQ%3D%3D\">\n\t\t\t\t\t<div class=\"e-gallery-image elementor-gallery-item__image\" data-thumbnail=\"https:\/\/mportezuelo.cl\/Inicio\/wp-content\/uploads\/2026\/01\/DSC05896-300x200.jpg\" data-width=\"300\" data-height=\"200\" aria-label=\"\" role=\"img\" ><\/div>\n\t\t\t\t\t\t\t\t\t\t\t<div class=\"elementor-gallery-item__overlay\"><\/div>\n\t\t\t\t\t\t\t\t\t\t\t\t\t\t<\/a>\n\t\t\t\t\t\t\t<a class=\"e-gallery-item elementor-gallery-item elementor-animated-content\" href=\"https:\/\/mportezuelo.cl\/Inicio\/wp-content\/uploads\/2026\/01\/DSC05916-scaled.jpg\" data-elementor-open-lightbox=\"yes\" data-elementor-lightbox-slideshow=\"6764ccd\" data-elementor-lightbox-title=\"COGRID COMUNAL DE PORTEZUELO 2026\" data-e-action-hash=\"#elementor-action%3Aaction%3Dlightbox%26settings%3DeyJpZCI6MTA1MTcsInVybCI6Imh0dHBzOlwvXC9tcG9ydGV6dWVsby5jbFwvSW5pY2lvXC93cC1jb250ZW50XC91cGxvYWRzXC8yMDI2XC8wMVwvRFNDMDU5MTYtc2NhbGVkLmpwZyIsInNsaWRlc2hvdyI6IjY3NjRjY2QifQ%3D%3D\">\n\t\t\t\t\t<div class=\"e-gallery-image elementor-gallery-item__image\" data-thumbnail=\"https:\/\/mportezuelo.cl\/Inicio\/wp-content\/uploads\/2026\/01\/DSC05916-300x200.jpg\" data-width=\"300\" data-height=\"200\" aria-label=\"\" role=\"img\" ><\/div>\n\t\t\t\t\t\t\t\t\t\t\t<div class=\"elementor-gallery-item__overlay\"><\/div>\n\t\t\t\t\t\t\t\t\t\t\t\t\t\t<\/a>\n\t\t\t\t\t\t\t<a class=\"e-gallery-item elementor-gallery-item elementor-animated-content\" href=\"https:\/\/mportezuelo.cl\/Inicio\/wp-content\/uploads\/2026\/01\/DSC05921-scaled.jpg\" data-elementor-open-lightbox=\"yes\" data-elementor-lightbox-slideshow=\"6764ccd\" data-elementor-lightbox-title=\"COGRID COMUNAL DE PORTEZUELO 2026\" data-e-action-hash=\"#elementor-action%3Aaction%3Dlightbox%26settings%3DeyJpZCI6MTA1MTgsInVybCI6Imh0dHBzOlwvXC9tcG9ydGV6dWVsby5jbFwvSW5pY2lvXC93cC1jb250ZW50XC91cGxvYWRzXC8yMDI2XC8wMVwvRFNDMDU5MjEtc2NhbGVkLmpwZyIsInNsaWRlc2hvdyI6IjY3NjRjY2QifQ%3D%3D\">\n\t\t\t\t\t<div class=\"e-gallery-image elementor-gallery-item__image\" data-thumbnail=\"https:\/\/mportezuelo.cl\/Inicio\/wp-content\/uploads\/2026\/01\/DSC05921-300x200.jpg\" data-width=\"300\" data-height=\"200\" aria-label=\"\" role=\"img\" ><\/div>\n\t\t\t\t\t\t\t\t\t\t\t<div class=\"elementor-gallery-item__overlay\"><\/div>\n\t\t\t\t\t\t\t\t\t\t\t\t\t\t<\/a>\n\t\t\t\t\t\t\t<a class=\"e-gallery-item elementor-gallery-item elementor-animated-content\" href=\"https:\/\/mportezuelo.cl\/Inicio\/wp-content\/uploads\/2026\/01\/DSC05923-scaled.jpg\" data-elementor-open-lightbox=\"yes\" data-elementor-lightbox-slideshow=\"6764ccd\" data-elementor-lightbox-title=\"COGRID COMUNAL DE PORTEZUELO 2026\" data-e-action-hash=\"#elementor-action%3Aaction%3Dlightbox%26settings%3DeyJpZCI6MTA1MTksInVybCI6Imh0dHBzOlwvXC9tcG9ydGV6dWVsby5jbFwvSW5pY2lvXC93cC1jb250ZW50XC91cGxvYWRzXC8yMDI2XC8wMVwvRFNDMDU5MjMtc2NhbGVkLmpwZyIsInNsaWRlc2hvdyI6IjY3NjRjY2QifQ%3D%3D\">\n\t\t\t\t\t<div class=\"e-gallery-image elementor-gallery-item__image\" data-thumbnail=\"https:\/\/mportezuelo.cl\/Inicio\/wp-content\/uploads\/2026\/01\/DSC05923-300x200.jpg\" data-width=\"300\" data-height=\"200\" aria-label=\"\" role=\"img\" ><\/div>\n\t\t\t\t\t\t\t\t\t\t\t<div class=\"elementor-gallery-item__overlay\"><\/div>\n\t\t\t\t\t\t\t\t\t\t\t\t\t\t<\/a>\n\t\t\t\t\t\t\t<a class=\"e-gallery-item elementor-gallery-item elementor-animated-content\" href=\"https:\/\/mportezuelo.cl\/Inicio\/wp-content\/uploads\/2026\/01\/DSC05933-scaled.jpg\" data-elementor-open-lightbox=\"yes\" data-elementor-lightbox-slideshow=\"6764ccd\" data-elementor-lightbox-title=\"COGRID COMUNAL DE PORTEZUELO 2026\" data-e-action-hash=\"#elementor-action%3Aaction%3Dlightbox%26settings%3DeyJpZCI6MTA1MjAsInVybCI6Imh0dHBzOlwvXC9tcG9ydGV6dWVsby5jbFwvSW5pY2lvXC93cC1jb250ZW50XC91cGxvYWRzXC8yMDI2XC8wMVwvRFNDMDU5MzMtc2NhbGVkLmpwZyIsInNsaWRlc2hvdyI6IjY3NjRjY2QifQ%3D%3D\">\n\t\t\t\t\t<div class=\"e-gallery-image elementor-gallery-item__image\" data-thumbnail=\"https:\/\/mportezuelo.cl\/Inicio\/wp-content\/uploads\/2026\/01\/DSC05933-300x200.jpg\" data-width=\"300\" data-height=\"200\" aria-label=\"\" role=\"img\" ><\/div>\n\t\t\t\t\t\t\t\t\t\t\t<div class=\"elementor-gallery-item__overlay\"><\/div>\n\t\t\t\t\t\t\t\t\t\t\t\t\t\t<\/a>\n\t\t\t\t\t\t\t<a class=\"e-gallery-item elementor-gallery-item elementor-animated-content\" href=\"https:\/\/mportezuelo.cl\/Inicio\/wp-content\/uploads\/2026\/01\/DSC05994-scaled.jpg\" data-elementor-open-lightbox=\"yes\" data-elementor-lightbox-slideshow=\"6764ccd\" data-elementor-lightbox-title=\"COGRID COMUNAL DE PORTEZUELO 2026\" data-e-action-hash=\"#elementor-action%3Aaction%3Dlightbox%26settings%3DeyJpZCI6MTA1MjEsInVybCI6Imh0dHBzOlwvXC9tcG9ydGV6dWVsby5jbFwvSW5pY2lvXC93cC1jb250ZW50XC91cGxvYWRzXC8yMDI2XC8wMVwvRFNDMDU5OTQtc2NhbGVkLmpwZyIsInNsaWRlc2hvdyI6IjY3NjRjY2QifQ%3D%3D\">\n\t\t\t\t\t<div class=\"e-gallery-image elementor-gallery-item__image\" data-thumbnail=\"https:\/\/mportezuelo.cl\/Inicio\/wp-content\/uploads\/2026\/01\/DSC05994-300x200.jpg\" data-width=\"300\" data-height=\"200\" aria-label=\"\" role=\"img\" ><\/div>\n\t\t\t\t\t\t\t\t\t\t\t<div class=\"elementor-gallery-item__overlay\"><\/div>\n\t\t\t\t\t\t\t\t\t\t\t\t\t\t<\/a>\n\t\t\t\t\t\t\t<a class=\"e-gallery-item elementor-gallery-item elementor-animated-content\" href=\"https:\/\/mportezuelo.cl\/Inicio\/wp-content\/uploads\/2026\/01\/DSC06000-scaled.jpg\" data-elementor-open-lightbox=\"yes\" data-elementor-lightbox-slideshow=\"6764ccd\" data-elementor-lightbox-title=\"COGRID COMUNAL DE PORTEZUELO 2026\" data-e-action-hash=\"#elementor-action%3Aaction%3Dlightbox%26settings%3DeyJpZCI6MTA1MjIsInVybCI6Imh0dHBzOlwvXC9tcG9ydGV6dWVsby5jbFwvSW5pY2lvXC93cC1jb250ZW50XC91cGxvYWRzXC8yMDI2XC8wMVwvRFNDMDYwMDAtc2NhbGVkLmpwZyIsInNsaWRlc2hvdyI6IjY3NjRjY2QifQ%3D%3D\">\n\t\t\t\t\t<div class=\"e-gallery-image elementor-gallery-item__image\" data-thumbnail=\"https:\/\/mportezuelo.cl\/Inicio\/wp-content\/uploads\/2026\/01\/DSC06000-300x200.jpg\" data-width=\"300\" data-height=\"200\" aria-label=\"\" role=\"img\" ><\/div>\n\t\t\t\t\t\t\t\t\t\t\t<div class=\"elementor-gallery-item__overlay\"><\/div>\n\t\t\t\t\t\t\t\t\t\t\t\t\t\t<\/a>\n\t\t\t\t\t\t\t<a class=\"e-gallery-item elementor-gallery-item elementor-animated-content\" href=\"https:\/\/mportezuelo.cl\/Inicio\/wp-content\/uploads\/2026\/01\/DSC06003-scaled.jpg\" data-elementor-open-lightbox=\"yes\" data-elementor-lightbox-slideshow=\"6764ccd\" data-elementor-lightbox-title=\"COGRID COMUNAL DE PORTEZUELO 2026\" data-e-action-hash=\"#elementor-action%3Aaction%3Dlightbox%26settings%3DeyJpZCI6MTA1MjMsInVybCI6Imh0dHBzOlwvXC9tcG9ydGV6dWVsby5jbFwvSW5pY2lvXC93cC1jb250ZW50XC91cGxvYWRzXC8yMDI2XC8wMVwvRFNDMDYwMDMtc2NhbGVkLmpwZyIsInNsaWRlc2hvdyI6IjY3NjRjY2QifQ%3D%3D\">\n\t\t\t\t\t<div class=\"e-gallery-image elementor-gallery-item__image\" data-thumbnail=\"https:\/\/mportezuelo.cl\/Inicio\/wp-content\/uploads\/2026\/01\/DSC06003-300x200.jpg\" data-width=\"300\" data-height=\"200\" aria-label=\"\" role=\"img\" ><\/div>\n\t\t\t\t\t\t\t\t\t\t\t<div class=\"elementor-gallery-item__overlay\"><\/div>\n\t\t\t\t\t\t\t\t\t\t\t\t\t\t<\/a>\n\t\t\t\t\t\t\t<a class=\"e-gallery-item elementor-gallery-item elementor-animated-content\" href=\"https:\/\/mportezuelo.cl\/Inicio\/wp-content\/uploads\/2026\/01\/DSC06006-scaled.jpg\" data-elementor-open-lightbox=\"yes\" data-elementor-lightbox-slideshow=\"6764ccd\" data-elementor-lightbox-title=\"COGRID COMUNAL DE PORTEZUELO 2026\" data-e-action-hash=\"#elementor-action%3Aaction%3Dlightbox%26settings%3DeyJpZCI6MTA1MjQsInVybCI6Imh0dHBzOlwvXC9tcG9ydGV6dWVsby5jbFwvSW5pY2lvXC93cC1jb250ZW50XC91cGxvYWRzXC8yMDI2XC8wMVwvRFNDMDYwMDYtc2NhbGVkLmpwZyIsInNsaWRlc2hvdyI6IjY3NjRjY2QifQ%3D%3D\">\n\t\t\t\t\t<div class=\"e-gallery-image elementor-gallery-item__image\" data-thumbnail=\"https:\/\/mportezuelo.cl\/Inicio\/wp-content\/uploads\/2026\/01\/DSC06006-300x200.jpg\" data-width=\"300\" data-height=\"200\" aria-label=\"\" role=\"img\" ><\/div>\n\t\t\t\t\t\t\t\t\t\t\t<div class=\"elementor-gallery-item__overlay\"><\/div>\n\t\t\t\t\t\t\t\t\t\t\t\t\t\t<\/a>\n\t\t\t\t\t\t\t<a class=\"e-gallery-item elementor-gallery-item elementor-animated-content\" href=\"https:\/\/mportezuelo.cl\/Inicio\/wp-content\/uploads\/2026\/01\/DSC06017-scaled.jpg\" data-elementor-open-lightbox=\"yes\" data-elementor-lightbox-slideshow=\"6764ccd\" data-elementor-lightbox-title=\"COGRID COMUNAL DE PORTEZUELO 2026\" data-e-action-hash=\"#elementor-action%3Aaction%3Dlightbox%26settings%3DeyJpZCI6MTA1MjUsInVybCI6Imh0dHBzOlwvXC9tcG9ydGV6dWVsby5jbFwvSW5pY2lvXC93cC1jb250ZW50XC91cGxvYWRzXC8yMDI2XC8wMVwvRFNDMDYwMTctc2NhbGVkLmpwZyIsInNsaWRlc2hvdyI6IjY3NjRjY2QifQ%3D%3D\">\n\t\t\t\t\t<div class=\"e-gallery-image elementor-gallery-item__image\" data-thumbnail=\"https:\/\/mportezuelo.cl\/Inicio\/wp-content\/uploads\/2026\/01\/DSC06017-300x200.jpg\" data-width=\"300\" data-height=\"200\" aria-label=\"\" role=\"img\" ><\/div>\n\t\t\t\t\t\t\t\t\t\t\t<div class=\"elementor-gallery-item__overlay\"><\/div>\n\t\t\t\t\t\t\t\t\t\t\t\t\t\t<\/a>\n\t\t\t\t\t\t\t<a class=\"e-gallery-item elementor-gallery-item elementor-animated-content\" href=\"https:\/\/mportezuelo.cl\/Inicio\/wp-content\/uploads\/2026\/01\/DSC06027-scaled.jpg\" data-elementor-open-lightbox=\"yes\" data-elementor-lightbox-slideshow=\"6764ccd\" data-elementor-lightbox-title=\"COGRID COMUNAL DE PORTEZUELO 2026\" data-e-action-hash=\"#elementor-action%3Aaction%3Dlightbox%26settings%3DeyJpZCI6MTA1MjYsInVybCI6Imh0dHBzOlwvXC9tcG9ydGV6dWVsby5jbFwvSW5pY2lvXC93cC1jb250ZW50XC91cGxvYWRzXC8yMDI2XC8wMVwvRFNDMDYwMjctc2NhbGVkLmpwZyIsInNsaWRlc2hvdyI6IjY3NjRjY2QifQ%3D%3D\">\n\t\t\t\t\t<div class=\"e-gallery-image elementor-gallery-item__image\" data-thumbnail=\"https:\/\/mportezuelo.cl\/Inicio\/wp-content\/uploads\/2026\/01\/DSC06027-300x200.jpg\" data-width=\"300\" data-height=\"200\" aria-label=\"\" role=\"img\" ><\/div>\n\t\t\t\t\t\t\t\t\t\t\t<div class=\"elementor-gallery-item__overlay\"><\/div>\n\t\t\t\t\t\t\t\t\t\t\t\t\t\t<\/a>\n\t\t\t\t\t\t\t<a class=\"e-gallery-item elementor-gallery-item elementor-animated-content\" href=\"https:\/\/mportezuelo.cl\/Inicio\/wp-content\/uploads\/2026\/01\/DSC06042-scaled.jpg\" data-elementor-open-lightbox=\"yes\" data-elementor-lightbox-slideshow=\"6764ccd\" data-elementor-lightbox-title=\"COGRID COMUNAL DE PORTEZUELO 2026\" data-e-action-hash=\"#elementor-action%3Aaction%3Dlightbox%26settings%3DeyJpZCI6MTA1MjcsInVybCI6Imh0dHBzOlwvXC9tcG9ydGV6dWVsby5jbFwvSW5pY2lvXC93cC1jb250ZW50XC91cGxvYWRzXC8yMDI2XC8wMVwvRFNDMDYwNDItc2NhbGVkLmpwZyIsInNsaWRlc2hvdyI6IjY3NjRjY2QifQ%3D%3D\">\n\t\t\t\t\t<div class=\"e-gallery-image elementor-gallery-item__image\" data-thumbnail=\"https:\/\/mportezuelo.cl\/Inicio\/wp-content\/uploads\/2026\/01\/DSC06042-300x200.jpg\" data-width=\"300\" data-height=\"200\" aria-label=\"\" role=\"img\" ><\/div>\n\t\t\t\t\t\t\t\t\t\t\t<div class=\"elementor-gallery-item__overlay\"><\/div>\n\t\t\t\t\t\t\t\t\t\t\t\t\t\t<\/a>\n\t\t\t\t\t\t\t<a class=\"e-gallery-item elementor-gallery-item elementor-animated-content\" href=\"https:\/\/mportezuelo.cl\/Inicio\/wp-content\/uploads\/2026\/01\/DSC06063-scaled.jpg\" data-elementor-open-lightbox=\"yes\" data-elementor-lightbox-slideshow=\"6764ccd\" data-elementor-lightbox-title=\"COGRID COMUNAL DE PORTEZUELO 2026\" data-e-action-hash=\"#elementor-action%3Aaction%3Dlightbox%26settings%3DeyJpZCI6MTA1MjgsInVybCI6Imh0dHBzOlwvXC9tcG9ydGV6dWVsby5jbFwvSW5pY2lvXC93cC1jb250ZW50XC91cGxvYWRzXC8yMDI2XC8wMVwvRFNDMDYwNjMtc2NhbGVkLmpwZyIsInNsaWRlc2hvdyI6IjY3NjRjY2QifQ%3D%3D\">\n\t\t\t\t\t<div class=\"e-gallery-image elementor-gallery-item__image\" data-thumbnail=\"https:\/\/mportezuelo.cl\/Inicio\/wp-content\/uploads\/2026\/01\/DSC06063-300x200.jpg\" data-width=\"300\" data-height=\"200\" aria-label=\"\" role=\"img\" ><\/div>\n\t\t\t\t\t\t\t\t\t\t\t<div class=\"elementor-gallery-item__overlay\"><\/div>\n\t\t\t\t\t\t\t\t\t\t\t\t\t\t<\/a>\n\t\t\t\t\t\t\t<a class=\"e-gallery-item elementor-gallery-item elementor-animated-content\" href=\"https:\/\/mportezuelo.cl\/Inicio\/wp-content\/uploads\/2026\/01\/DSC06065-scaled.jpg\" data-elementor-open-lightbox=\"yes\" data-elementor-lightbox-slideshow=\"6764ccd\" data-elementor-lightbox-title=\"COGRID COMUNAL DE PORTEZUELO 2026\" data-e-action-hash=\"#elementor-action%3Aaction%3Dlightbox%26settings%3DeyJpZCI6MTA1MjksInVybCI6Imh0dHBzOlwvXC9tcG9ydGV6dWVsby5jbFwvSW5pY2lvXC93cC1jb250ZW50XC91cGxvYWRzXC8yMDI2XC8wMVwvRFNDMDYwNjUtc2NhbGVkLmpwZyIsInNsaWRlc2hvdyI6IjY3NjRjY2QifQ%3D%3D\">\n\t\t\t\t\t<div class=\"e-gallery-image elementor-gallery-item__image\" data-thumbnail=\"https:\/\/mportezuelo.cl\/Inicio\/wp-content\/uploads\/2026\/01\/DSC06065-300x200.jpg\" data-width=\"300\" data-height=\"200\" aria-label=\"\" role=\"img\" ><\/div>\n\t\t\t\t\t\t\t\t\t\t\t<div class=\"elementor-gallery-item__overlay\"><\/div>\n\t\t\t\t\t\t\t\t\t\t\t\t\t\t<\/a>\n\t\t\t\t\t<\/div>\n\t\t\t\t\t<\/div>\n\t\t\t\t<\/div>\n\t\t\t\t\t<\/div>\n\t\t\t\t<\/div>\n\t\t\t\t<\/div>\n\t\t","protected":false},"excerpt":{"rendered":"<p>Hoy 19 de enero a las 12:30 en la escuela de Chudal, se realiz\u00f3 el COGRID de emergencia del incendio forestal que afecta a nuestra comuna de Portezuelo. En esta reuni\u00f3n estuvo presente el alcalde, Juan Carlos Ram\u00edrez; la ministra de Agricultura, Mar\u00eda Ignacia Fern\u00e1ndez Gatica; el gobernador, Oscar Cris\u00f3stomo; el Delegado Presidencial de Itata, [&hellip;]<\/p>\n","protected":false},"author":1,"featured_media":10502,"comment_status":"open","ping_status":"open","sticky":false,"template":"elementor_header_footer","format":"standard","meta":{"_monsterinsights_skip_tracking":false,"_monsterinsights_sitenote_active":false,"_monsterinsights_sitenote_note":"","_monsterinsights_sitenote_category":0,"iawp_total_views":79,"footnotes":""},"categories":[42],"tags":[],"class_list":["post-10501","post","type-post","status-publish","format-standard","has-post-thumbnail","hentry","category-municipalidad"],"aioseo_notices":[],"_links":{"self":[{"href":"https:\/\/mportezuelo.cl\/Inicio\/wp-json\/wp\/v2\/posts\/10501","targetHints":{"allow":["GET"]}}],"collection":[{"href":"https:\/\/mportezuelo.cl\/Inicio\/wp-json\/wp\/v2\/posts"}],"about":[{"href":"https:\/\/mportezuelo.cl\/Inicio\/wp-json\/wp\/v2\/types\/post"}],"author":[{"embeddable":true,"href":"https:\/\/mportezuelo.cl\/Inicio\/wp-json\/wp\/v2\/users\/1"}],"replies":[{"embeddable":true,"href":"https:\/\/mportezuelo.cl\/Inicio\/wp-json\/wp\/v2\/comments?post=10501"}],"version-history":[{"count":10,"href":"https:\/\/mportezuelo.cl\/Inicio\/wp-json\/wp\/v2\/posts\/10501\/revisions"}],"predecessor-version":[{"id":10540,"href":"https:\/\/mportezuelo.cl\/Inicio\/wp-json\/wp\/v2\/posts\/10501\/revisions\/10540"}],"wp:featuredmedia":[{"embeddable":true,"href":"https:\/\/mportezuelo.cl\/Inicio\/wp-json\/wp\/v2\/media\/10502"}],"wp:attachment":[{"href":"https:\/\/mportezuelo.cl\/Inicio\/wp-json\/wp\/v2\/media?parent=10501"}],"wp:term":[{"taxonomy":"category","embeddable":true,"href":"https:\/\/mportezuelo.cl\/Inicio\/wp-json\/wp\/v2\/categories?post=10501"},{"taxonomy":"post_tag","embeddable":true,"href":"https:\/\/mportezuelo.cl\/Inicio\/wp-json\/wp\/v2\/tags?post=10501"}],"curies":[{"name":"wp","href":"https:\/\/api.w.org\/{rel}","templated":true}]}}