{"id":10363,"date":"2025-12-05T16:26:07","date_gmt":"2025-12-05T19:26:07","guid":{"rendered":"https:\/\/mportezuelo.cl\/Inicio\/?p=10363"},"modified":"2025-12-05T16:35:41","modified_gmt":"2025-12-05T19:35:41","slug":"plan-estival-portezuelo-lanza-estrategia-comunal-para-un-verano-seguro","status":"publish","type":"post","link":"https:\/\/mportezuelo.cl\/Inicio\/2025\/12\/05\/plan-estival-portezuelo-lanza-estrategia-comunal-para-un-verano-seguro\/","title":{"rendered":"Plan Estival: Portezuelo lanza estrategia comunal para un verano seguro"},"content":{"rendered":"\t\t<div data-elementor-type=\"wp-post\" data-elementor-id=\"10363\" class=\"elementor elementor-10363\" data-elementor-post-type=\"post\">\n\t\t\t\t\n<div class=\"elementor-element elementor-element-cb2a65e e-flex e-con-boxed e-con e-parent\" data-id=\"cb2a65e\" data-element_type=\"container\" data-e-type=\"container\" data-settings=\"{&quot;tmea_shape_divider_top&quot;:&quot;none&quot;,&quot;tmea_shape_divider_bottom&quot;:&quot;none&quot;}\">\n\t\t\t\t\t<div class=\"e-con-inner\">\n\t\t\t\t<div class=\"elementor-element elementor-element-bd8c8fc elementor-widget elementor-widget-image\" data-id=\"bd8c8fc\" data-element_type=\"widget\" data-e-type=\"widget\" data-widget_type=\"image.default\">\n\t\t\t\t<div class=\"elementor-widget-container\">\n\t\t\t\t\t\t\t\t\t\t\t\t\t\t\t<img fetchpriority=\"high\" decoding=\"async\" width=\"1024\" height=\"548\" src=\"https:\/\/mportezuelo.cl\/Inicio\/wp-content\/uploads\/2025\/12\/DSC3362-e1764962863730-1024x548.jpg\" class=\"attachment-large size-large wp-image-10364\" alt=\"\" srcset=\"https:\/\/mportezuelo.cl\/Inicio\/wp-content\/uploads\/2025\/12\/DSC3362-e1764962863730-1024x548.jpg 1024w, https:\/\/mportezuelo.cl\/Inicio\/wp-content\/uploads\/2025\/12\/DSC3362-e1764962863730-300x161.jpg 300w, https:\/\/mportezuelo.cl\/Inicio\/wp-content\/uploads\/2025\/12\/DSC3362-e1764962863730-768x411.jpg 768w, https:\/\/mportezuelo.cl\/Inicio\/wp-content\/uploads\/2025\/12\/DSC3362-e1764962863730-1536x822.jpg 1536w, https:\/\/mportezuelo.cl\/Inicio\/wp-content\/uploads\/2025\/12\/DSC3362-e1764962863730-2048x1096.jpg 2048w\" sizes=\"(max-width: 1024px) 100vw, 1024px\" \/>\t\t\t\t\t\t\t\t\t\t\t\t\t\t\t<\/div>\n\t\t\t\t<\/div>\n\t\t\t\t\t<\/div>\n\t\t\t\t<\/div>\n\t\t<div class=\"elementor-element elementor-element-dd577ca e-flex e-con-boxed e-con e-parent\" data-id=\"dd577ca\" data-element_type=\"container\" data-e-type=\"container\" data-settings=\"{&quot;tmea_shape_divider_top&quot;:&quot;none&quot;,&quot;tmea_shape_divider_bottom&quot;:&quot;none&quot;}\">\n\t\t\t\t\t<div class=\"e-con-inner\">\n\t\t\t\t<div class=\"elementor-element elementor-element-b05f916 elementor-widget elementor-widget-text-editor\" data-id=\"b05f916\" data-element_type=\"widget\" data-e-type=\"widget\" data-widget_type=\"text-editor.default\">\n\t\t\t\t<div class=\"elementor-widget-container\">\n\t\t\t\t\t\t\t\t\t<p><strong>Portezuelo, 05 de diciembre.<\/strong>\u00a0\u2013 Con la presencia del subsecretario de Gobierno, Erwin D\u00edaz Asenjo, la Municipalidad de Portezuelo, a trav\u00e9s de su Direcci\u00f3n de Seguridad P\u00fablica, dio inicio oficial al Plan Estival 2025-2026, una iniciativa integral enfocada en la\u00a0<strong>prevenci\u00f3n de incendios forestales<\/strong>\u00a0y la\u00a0<strong>prevenci\u00f3n de la violencia intrafamiliar<\/strong>, dos pilares fundamentales para el bienestar de la comunidad durante la temporada de altas temperaturas.<\/p>\t\t\t\t\t\t\t\t<\/div>\n\t\t\t\t<\/div>\n\t\t\t\t\t<\/div>\n\t\t\t\t<\/div>\n\t\t<div class=\"elementor-element elementor-element-9082c7f e-flex e-con-boxed e-con e-parent\" data-id=\"9082c7f\" data-element_type=\"container\" data-e-type=\"container\" data-settings=\"{&quot;tmea_shape_divider_top&quot;:&quot;none&quot;,&quot;tmea_shape_divider_bottom&quot;:&quot;none&quot;}\">\n\t\t\t\t\t<div class=\"e-con-inner\">\n\t\t<div class=\"elementor-element elementor-element-c84b8e2 e-con-full e-flex e-con e-child\" data-id=\"c84b8e2\" data-element_type=\"container\" data-e-type=\"container\" data-settings=\"{&quot;tmea_shape_divider_top&quot;:&quot;none&quot;,&quot;tmea_shape_divider_bottom&quot;:&quot;none&quot;}\">\n\t\t\t\t<div class=\"elementor-element elementor-element-d181a31 elementor-widget elementor-widget-image\" data-id=\"d181a31\" data-element_type=\"widget\" data-e-type=\"widget\" data-widget_type=\"image.default\">\n\t\t\t\t<div class=\"elementor-widget-container\">\n\t\t\t\t\t\t\t\t\t\t\t\t\t\t\t<img decoding=\"async\" width=\"1024\" height=\"683\" src=\"https:\/\/mportezuelo.cl\/Inicio\/wp-content\/uploads\/2025\/12\/DSC3265-1024x683.jpg\" class=\"attachment-large size-large wp-image-10366\" alt=\"\" srcset=\"https:\/\/mportezuelo.cl\/Inicio\/wp-content\/uploads\/2025\/12\/DSC3265-1024x683.jpg 1024w, https:\/\/mportezuelo.cl\/Inicio\/wp-content\/uploads\/2025\/12\/DSC3265-300x200.jpg 300w, https:\/\/mportezuelo.cl\/Inicio\/wp-content\/uploads\/2025\/12\/DSC3265-768x512.jpg 768w, https:\/\/mportezuelo.cl\/Inicio\/wp-content\/uploads\/2025\/12\/DSC3265-1536x1024.jpg 1536w, https:\/\/mportezuelo.cl\/Inicio\/wp-content\/uploads\/2025\/12\/DSC3265-2048x1365.jpg 2048w\" sizes=\"(max-width: 1024px) 100vw, 1024px\" \/>\t\t\t\t\t\t\t\t\t\t\t\t\t\t\t<\/div>\n\t\t\t\t<\/div>\n\t\t\t\t<\/div>\n\t\t<div class=\"elementor-element elementor-element-a0877bf e-con-full e-flex e-con e-child\" data-id=\"a0877bf\" data-element_type=\"container\" data-e-type=\"container\" data-settings=\"{&quot;tmea_shape_divider_top&quot;:&quot;none&quot;,&quot;tmea_shape_divider_bottom&quot;:&quot;none&quot;}\">\n\t\t\t\t<div class=\"elementor-element elementor-element-3ac9f94 elementor-widget elementor-widget-text-editor\" data-id=\"3ac9f94\" data-element_type=\"widget\" data-e-type=\"widget\" data-widget_type=\"text-editor.default\">\n\t\t\t\t<div class=\"elementor-widget-container\">\n\t\t\t\t\t\t\t\t\t<p>El acto de lanzamiento se llev\u00f3 a cabo en el Complejo Deportivo del Liceo, ubicado en el camino p\u00fablico frente a la poblaci\u00f3n Lo Ram\u00edrez, y cont\u00f3 con la participaci\u00f3n de autoridades locales, regionales y representantes de instituciones clave.<\/p><p><strong>\u00a0<\/strong><\/p><p>El director de Seguridad P\u00fablica de Portezuelo, Juan Pablo Aravena, explic\u00f3 que el plan busca\u00a0<strong>promover medidas responsables<\/strong>\u00a0entre los vecinos y vecinas. \u201cLa prevenci\u00f3n es un trabajo diario\u201d, recalc\u00f3, haciendo un llamado a mantener cortafuegos limpios, cortar la maleza y denunciar quemas ilegales, acciones vitales en una comuna con extensas plantaciones de pinos y cultivos agr\u00edcolas.<\/p><p>El alcalde Juan Carlos Ram\u00edrez destac\u00f3 la importancia del trabajo conjunto: \u201cAcabamos de finalizar una importante ceremonia para lanzar comunalmente un verano seguro. Contar con la presencia del subsecretario refuerza nuestro llamado a la prevenci\u00f3n y al trabajo en equipo para toda nuestra comunidad\u201d.<\/p>\t\t\t\t\t\t\t\t<\/div>\n\t\t\t\t<\/div>\n\t\t\t\t<\/div>\n\t\t\t\t\t<\/div>\n\t\t\t\t<\/div>\n\t\t<div class=\"elementor-element elementor-element-e2f88f0 e-flex e-con-boxed e-con e-parent\" data-id=\"e2f88f0\" data-element_type=\"container\" data-e-type=\"container\" data-settings=\"{&quot;tmea_shape_divider_top&quot;:&quot;none&quot;,&quot;tmea_shape_divider_bottom&quot;:&quot;none&quot;}\">\n\t\t\t\t\t<div class=\"e-con-inner\">\n\t\t<div class=\"elementor-element elementor-element-7f2f6c3 e-con-full e-flex e-con e-child\" data-id=\"7f2f6c3\" data-element_type=\"container\" data-e-type=\"container\" data-settings=\"{&quot;tmea_shape_divider_top&quot;:&quot;none&quot;,&quot;tmea_shape_divider_bottom&quot;:&quot;none&quot;}\">\n\t\t\t\t<div class=\"elementor-element elementor-element-4304a60 elementor-widget elementor-widget-image\" data-id=\"4304a60\" data-element_type=\"widget\" data-e-type=\"widget\" data-widget_type=\"image.default\">\n\t\t\t\t<div class=\"elementor-widget-container\">\n\t\t\t\t\t\t\t\t\t\t\t\t\t\t\t<img decoding=\"async\" width=\"1024\" height=\"683\" src=\"https:\/\/mportezuelo.cl\/Inicio\/wp-content\/uploads\/2025\/12\/DSC3450-1024x683.jpg\" class=\"attachment-large size-large wp-image-10367\" alt=\"\" srcset=\"https:\/\/mportezuelo.cl\/Inicio\/wp-content\/uploads\/2025\/12\/DSC3450-1024x683.jpg 1024w, https:\/\/mportezuelo.cl\/Inicio\/wp-content\/uploads\/2025\/12\/DSC3450-300x200.jpg 300w, https:\/\/mportezuelo.cl\/Inicio\/wp-content\/uploads\/2025\/12\/DSC3450-768x512.jpg 768w, https:\/\/mportezuelo.cl\/Inicio\/wp-content\/uploads\/2025\/12\/DSC3450-1536x1024.jpg 1536w, https:\/\/mportezuelo.cl\/Inicio\/wp-content\/uploads\/2025\/12\/DSC3450-2048x1365.jpg 2048w\" sizes=\"(max-width: 1024px) 100vw, 1024px\" \/>\t\t\t\t\t\t\t\t\t\t\t\t\t\t\t<\/div>\n\t\t\t\t<\/div>\n\t\t\t\t<\/div>\n\t\t<div class=\"elementor-element elementor-element-9b27900 e-con-full e-flex e-con e-child\" data-id=\"9b27900\" data-element_type=\"container\" data-e-type=\"container\" data-settings=\"{&quot;tmea_shape_divider_top&quot;:&quot;none&quot;,&quot;tmea_shape_divider_bottom&quot;:&quot;none&quot;}\">\n\t\t\t\t<div class=\"elementor-element elementor-element-7e4e5ed elementor-widget elementor-widget-text-editor\" data-id=\"7e4e5ed\" data-element_type=\"widget\" data-e-type=\"widget\" data-widget_type=\"text-editor.default\">\n\t\t\t\t<div class=\"elementor-widget-container\">\n\t\t\t\t\t\t\t\t\t<p>El subsecretario Erwin D\u00edaz Asenjo agradeci\u00f3 la recepci\u00f3n y enfatiz\u00f3 el car\u00e1cter\u00a0<strong>colectivo del desaf\u00edo<\/strong>. \u201cLa tarea de uno no basta; debemos ponernos de acuerdo detr\u00e1s de la prevenci\u00f3n y ser responsables de nuestros actos. Una colilla mal apagada, una lata o una botella botada inadecuadamente pueden generar cat\u00e1strofes\u201d.<\/p><p>Adem\u00e1s, detall\u00f3 el compromiso del Gobierno del Presidente Gabriel Boric, con una inyecci\u00f3n de\u00a0<strong>160.000 millones de pesos<\/strong>\u00a0destinados a beneficiar directamente a las comunidades, combatir incendios y fortalecer la prevenci\u00f3n. Estos recursos permitir\u00e1n, entre otras cosas, contar con m\u00e1s aviones para apoyar a los brigadistas y asistir a las comunas en labores preventivas.<\/p>\t\t\t\t\t\t\t\t<\/div>\n\t\t\t\t<\/div>\n\t\t\t\t<\/div>\n\t\t\t\t\t<\/div>\n\t\t\t\t<\/div>\n\t\t<div class=\"elementor-element elementor-element-23889d1 e-flex e-con-boxed e-con e-parent\" data-id=\"23889d1\" data-element_type=\"container\" data-e-type=\"container\" data-settings=\"{&quot;tmea_shape_divider_top&quot;:&quot;none&quot;,&quot;tmea_shape_divider_bottom&quot;:&quot;none&quot;}\">\n\t\t\t\t\t<div class=\"e-con-inner\">\n\t\t<div class=\"elementor-element elementor-element-fab4370 e-con-full e-flex e-con e-child\" data-id=\"fab4370\" data-element_type=\"container\" data-e-type=\"container\" data-settings=\"{&quot;tmea_shape_divider_top&quot;:&quot;none&quot;,&quot;tmea_shape_divider_bottom&quot;:&quot;none&quot;}\">\n\t\t\t\t<div class=\"elementor-element elementor-element-c1e70f3 elementor-widget elementor-widget-image\" data-id=\"c1e70f3\" data-element_type=\"widget\" data-e-type=\"widget\" data-widget_type=\"image.default\">\n\t\t\t\t<div class=\"elementor-widget-container\">\n\t\t\t\t\t\t\t\t\t\t\t\t\t\t\t<img loading=\"lazy\" decoding=\"async\" width=\"1024\" height=\"683\" src=\"https:\/\/mportezuelo.cl\/Inicio\/wp-content\/uploads\/2025\/12\/DSC3708-1024x683.jpg\" class=\"attachment-large size-large wp-image-10368\" alt=\"\" srcset=\"https:\/\/mportezuelo.cl\/Inicio\/wp-content\/uploads\/2025\/12\/DSC3708-1024x683.jpg 1024w, https:\/\/mportezuelo.cl\/Inicio\/wp-content\/uploads\/2025\/12\/DSC3708-300x200.jpg 300w, https:\/\/mportezuelo.cl\/Inicio\/wp-content\/uploads\/2025\/12\/DSC3708-768x512.jpg 768w, https:\/\/mportezuelo.cl\/Inicio\/wp-content\/uploads\/2025\/12\/DSC3708-1536x1024.jpg 1536w, https:\/\/mportezuelo.cl\/Inicio\/wp-content\/uploads\/2025\/12\/DSC3708-2048x1365.jpg 2048w\" sizes=\"(max-width: 1024px) 100vw, 1024px\" \/>\t\t\t\t\t\t\t\t\t\t\t\t\t\t\t<\/div>\n\t\t\t\t<\/div>\n\t\t\t\t<\/div>\n\t\t<div class=\"elementor-element elementor-element-b7f8b6d e-con-full e-flex e-con e-child\" data-id=\"b7f8b6d\" data-element_type=\"container\" data-e-type=\"container\" data-settings=\"{&quot;tmea_shape_divider_top&quot;:&quot;none&quot;,&quot;tmea_shape_divider_bottom&quot;:&quot;none&quot;}\">\n\t\t\t\t<div class=\"elementor-element elementor-element-7492f1f elementor-widget elementor-widget-text-editor\" data-id=\"7492f1f\" data-element_type=\"widget\" data-e-type=\"widget\" data-widget_type=\"text-editor.default\">\n\t\t\t\t<div class=\"elementor-widget-container\">\n\t\t\t\t\t\t\t\t\t<h3><strong>Ejes del Plan Estival<\/strong><\/h3><p>El Plan Estival Portezuelo se estructura en tres ejes principales:<\/p><ol><li><strong>Prevenci\u00f3n:<\/strong>\u00a0Acciones directas en terreno y recomendaciones a la comunidad.<\/li><li><strong>Coordinaci\u00f3n interinstitucional:<\/strong>\u00a0Trabajo conjunto entre municipio, Conaf, Carabineros, Bomberos, brigadistas e instituciones privadas.<\/li><li><strong>Educaci\u00f3n comunitaria:<\/strong>\u00a0Difusi\u00f3n de informaci\u00f3n clave para generar conciencia.<\/li><\/ol>\t\t\t\t\t\t\t\t<\/div>\n\t\t\t\t<\/div>\n\t\t\t\t<\/div>\n\t\t\t\t\t<\/div>\n\t\t\t\t<\/div>\n\t\t<div class=\"elementor-element elementor-element-bc9457e e-flex e-con-boxed e-con e-parent\" data-id=\"bc9457e\" data-element_type=\"container\" data-e-type=\"container\" data-settings=\"{&quot;tmea_shape_divider_top&quot;:&quot;none&quot;,&quot;tmea_shape_divider_bottom&quot;:&quot;none&quot;}\">\n\t\t\t\t\t<div class=\"e-con-inner\">\n\t\t<div class=\"elementor-element elementor-element-cc9325a e-con-full e-flex e-con e-child\" data-id=\"cc9325a\" data-element_type=\"container\" data-e-type=\"container\" data-settings=\"{&quot;tmea_shape_divider_top&quot;:&quot;none&quot;,&quot;tmea_shape_divider_bottom&quot;:&quot;none&quot;}\">\n\t\t\t\t<div class=\"elementor-element elementor-element-6c1ef56 elementor-widget elementor-widget-image\" data-id=\"6c1ef56\" data-element_type=\"widget\" data-e-type=\"widget\" data-widget_type=\"image.default\">\n\t\t\t\t<div class=\"elementor-widget-container\">\n\t\t\t\t\t\t\t\t\t\t\t\t\t\t\t<img loading=\"lazy\" decoding=\"async\" width=\"1024\" height=\"683\" src=\"https:\/\/mportezuelo.cl\/Inicio\/wp-content\/uploads\/2025\/12\/DSC3718-1024x683.jpg\" class=\"attachment-large size-large wp-image-10369\" alt=\"\" srcset=\"https:\/\/mportezuelo.cl\/Inicio\/wp-content\/uploads\/2025\/12\/DSC3718-1024x683.jpg 1024w, https:\/\/mportezuelo.cl\/Inicio\/wp-content\/uploads\/2025\/12\/DSC3718-300x200.jpg 300w, https:\/\/mportezuelo.cl\/Inicio\/wp-content\/uploads\/2025\/12\/DSC3718-768x512.jpg 768w, https:\/\/mportezuelo.cl\/Inicio\/wp-content\/uploads\/2025\/12\/DSC3718-1536x1024.jpg 1536w, https:\/\/mportezuelo.cl\/Inicio\/wp-content\/uploads\/2025\/12\/DSC3718-2048x1365.jpg 2048w\" sizes=\"(max-width: 1024px) 100vw, 1024px\" \/>\t\t\t\t\t\t\t\t\t\t\t\t\t\t\t<\/div>\n\t\t\t\t<\/div>\n\t\t\t\t<\/div>\n\t\t<div class=\"elementor-element elementor-element-1ee8f8d e-con-full e-flex e-con e-child\" data-id=\"1ee8f8d\" data-element_type=\"container\" data-e-type=\"container\" data-settings=\"{&quot;tmea_shape_divider_top&quot;:&quot;none&quot;,&quot;tmea_shape_divider_bottom&quot;:&quot;none&quot;}\">\n\t\t\t\t<div class=\"elementor-element elementor-element-295eded elementor-widget elementor-widget-text-editor\" data-id=\"295eded\" data-element_type=\"widget\" data-e-type=\"widget\" data-widget_type=\"text-editor.default\">\n\t\t\t\t<div class=\"elementor-widget-container\">\n\t\t\t\t\t\t\t\t\t<p>Las autoridades hicieron un llamado enf\u00e1tico a la comunidad a ser parte activa de la soluci\u00f3n:<\/p><ul><li><strong>Denunciar columnas de humo o incendios:<\/strong>\u00a0Llamar a\u00a0<strong>CONAF al 130<\/strong>.<\/li><li><strong>Denunciar quemas no autorizadas de manera an\u00f3nima:<\/strong>\u00a0Llamar al *<strong>4242<\/strong>.<\/li><\/ul><p>\u201cLos invitamos a aportar cada uno y una un granito de arena. Pongamos a disposici\u00f3n todas las instituciones, p\u00fablicas y privadas, para que juntos prevengamos los incendios y evitemos tragedias\u201d, concluy\u00f3 el subsecretario D\u00edaz Asenjo.<\/p>\t\t\t\t\t\t\t\t<\/div>\n\t\t\t\t<\/div>\n\t\t\t\t<\/div>\n\t\t\t\t\t<\/div>\n\t\t\t\t<\/div>\n\t\t<div class=\"elementor-element elementor-element-3eb0b98 e-flex e-con-boxed e-con e-parent\" data-id=\"3eb0b98\" data-element_type=\"container\" data-e-type=\"container\" data-settings=\"{&quot;tmea_shape_divider_top&quot;:&quot;none&quot;,&quot;tmea_shape_divider_bottom&quot;:&quot;none&quot;}\">\n\t\t\t\t\t<div class=\"e-con-inner\">\n\t\t<div class=\"elementor-element elementor-element-d2a389e e-con-full e-flex e-con e-child\" data-id=\"d2a389e\" data-element_type=\"container\" data-e-type=\"container\" data-settings=\"{&quot;tmea_shape_divider_top&quot;:&quot;none&quot;,&quot;tmea_shape_divider_bottom&quot;:&quot;none&quot;}\">\n\t\t\t\t<div class=\"elementor-element elementor-element-8766acd elementor-widget elementor-widget-image\" data-id=\"8766acd\" data-element_type=\"widget\" data-e-type=\"widget\" data-widget_type=\"image.default\">\n\t\t\t\t<div class=\"elementor-widget-container\">\n\t\t\t\t\t\t\t\t\t\t\t\t\t\t\t<img loading=\"lazy\" decoding=\"async\" width=\"1024\" height=\"683\" src=\"https:\/\/mportezuelo.cl\/Inicio\/wp-content\/uploads\/2025\/12\/DSC3650-1024x683.jpg\" class=\"attachment-large size-large wp-image-10370\" alt=\"\" srcset=\"https:\/\/mportezuelo.cl\/Inicio\/wp-content\/uploads\/2025\/12\/DSC3650-1024x683.jpg 1024w, https:\/\/mportezuelo.cl\/Inicio\/wp-content\/uploads\/2025\/12\/DSC3650-300x200.jpg 300w, https:\/\/mportezuelo.cl\/Inicio\/wp-content\/uploads\/2025\/12\/DSC3650-768x512.jpg 768w, https:\/\/mportezuelo.cl\/Inicio\/wp-content\/uploads\/2025\/12\/DSC3650-1536x1024.jpg 1536w, https:\/\/mportezuelo.cl\/Inicio\/wp-content\/uploads\/2025\/12\/DSC3650-2048x1365.jpg 2048w\" sizes=\"(max-width: 1024px) 100vw, 1024px\" \/>\t\t\t\t\t\t\t\t\t\t\t\t\t\t\t<\/div>\n\t\t\t\t<\/div>\n\t\t\t\t<\/div>\n\t\t<div class=\"elementor-element elementor-element-8ba650c e-con-full e-flex e-con e-child\" data-id=\"8ba650c\" data-element_type=\"container\" data-e-type=\"container\" data-settings=\"{&quot;tmea_shape_divider_top&quot;:&quot;none&quot;,&quot;tmea_shape_divider_bottom&quot;:&quot;none&quot;}\">\n\t\t\t\t<div class=\"elementor-element elementor-element-602d013 elementor-widget elementor-widget-text-editor\" data-id=\"602d013\" data-element_type=\"widget\" data-e-type=\"widget\" data-widget_type=\"text-editor.default\">\n\t\t\t\t<div class=\"elementor-widget-container\">\n\t\t\t\t\t\t\t\t\t<p>Con un firme mensaje de unidad, el alcalde Ram\u00edrez cerr\u00f3 el lanzamiento: \u201cDesde Portezuelo, todos juntos hacemos una prevenci\u00f3n contra los incendios forestales. \u00a1Nos vemos!\u201d.<\/p><p>El Plan Estival PZLO marca el inicio de un trabajo coordinado y responsable, donde el compromiso de cada habitante es esencial para proteger la comuna y disfrutar de un\u00a0<strong>verano seguro<\/strong>.<\/p><h3><strong>\ud83d\udcde \u00bfViste una columna de humo o una quema ilegal?<\/strong><\/h3><ul><li><strong>Emergencias CONAF:<\/strong>\u00a0130<\/li><li><strong>Denuncia an\u00f3nima de quemas:<\/strong>\u00a0*4242<\/li><\/ul>\t\t\t\t\t\t\t\t<\/div>\n\t\t\t\t<\/div>\n\t\t\t\t<\/div>\n\t\t\t\t\t<\/div>\n\t\t\t\t<\/div>\n\t\t<div class=\"elementor-element elementor-element-b4f5511 e-flex e-con-boxed e-con e-parent\" data-id=\"b4f5511\" data-element_type=\"container\" data-e-type=\"container\" data-settings=\"{&quot;tmea_shape_divider_top&quot;:&quot;none&quot;,&quot;tmea_shape_divider_bottom&quot;:&quot;none&quot;}\">\n\t\t\t\t\t<div class=\"e-con-inner\">\n\t\t\t\t<div class=\"elementor-element elementor-element-e671460 elementor-widget elementor-widget-image\" data-id=\"e671460\" data-element_type=\"widget\" data-e-type=\"widget\" data-widget_type=\"image.default\">\n\t\t\t\t<div class=\"elementor-widget-container\">\n\t\t\t\t\t\t\t\t\t\t\t\t\t\t\t<img loading=\"lazy\" decoding=\"async\" width=\"1024\" height=\"683\" src=\"https:\/\/mportezuelo.cl\/Inicio\/wp-content\/uploads\/2025\/12\/DSC3425-2-1024x683.jpg\" class=\"attachment-large size-large wp-image-10371\" alt=\"\" srcset=\"https:\/\/mportezuelo.cl\/Inicio\/wp-content\/uploads\/2025\/12\/DSC3425-2-1024x683.jpg 1024w, https:\/\/mportezuelo.cl\/Inicio\/wp-content\/uploads\/2025\/12\/DSC3425-2-300x200.jpg 300w, https:\/\/mportezuelo.cl\/Inicio\/wp-content\/uploads\/2025\/12\/DSC3425-2-768x512.jpg 768w, https:\/\/mportezuelo.cl\/Inicio\/wp-content\/uploads\/2025\/12\/DSC3425-2-1536x1024.jpg 1536w, https:\/\/mportezuelo.cl\/Inicio\/wp-content\/uploads\/2025\/12\/DSC3425-2-2048x1365.jpg 2048w\" sizes=\"(max-width: 1024px) 100vw, 1024px\" \/>\t\t\t\t\t\t\t\t\t\t\t\t\t\t\t<\/div>\n\t\t\t\t<\/div>\n\t\t\t\t\t<\/div>\n\t\t\t\t<\/div>\n\t\t<div class=\"elementor-element elementor-element-8977862 e-flex e-con-boxed e-con e-parent\" data-id=\"8977862\" data-element_type=\"container\" data-e-type=\"container\" data-settings=\"{&quot;tmea_shape_divider_top&quot;:&quot;none&quot;,&quot;tmea_shape_divider_bottom&quot;:&quot;none&quot;}\">\n\t\t\t\t\t<div class=\"e-con-inner\">\n\t\t\t\t<div class=\"elementor-element elementor-element-14bdc50 elementor-widget elementor-widget-spacer\" data-id=\"14bdc50\" data-element_type=\"widget\" data-e-type=\"widget\" data-widget_type=\"spacer.default\">\n\t\t\t\t<div class=\"elementor-widget-container\">\n\t\t\t\t\t\t\t<div class=\"elementor-spacer\">\n\t\t\t<div class=\"elementor-spacer-inner\"><\/div>\n\t\t<\/div>\n\t\t\t\t\t\t<\/div>\n\t\t\t\t<\/div>\n\t\t\t\t\t<\/div>\n\t\t\t\t<\/div>\n\t\t\t\t<\/div>\n\t\t","protected":false},"excerpt":{"rendered":"<p>Portezuelo, 05 de diciembre.\u00a0\u2013 Con la presencia del subsecretario de Gobierno, Erwin D\u00edaz Asenjo, la Municipalidad de Portezuelo, a trav\u00e9s de su Direcci\u00f3n de Seguridad P\u00fablica, dio inicio oficial al Plan Estival 2025-2026, una iniciativa integral enfocada en la\u00a0prevenci\u00f3n de incendios forestales\u00a0y la\u00a0prevenci\u00f3n de la violencia intrafamiliar, dos pilares fundamentales para el bienestar de la [&hellip;]<\/p>\n","protected":false},"author":1,"featured_media":10364,"comment_status":"open","ping_status":"open","sticky":false,"template":"elementor_header_footer","format":"standard","meta":{"_monsterinsights_skip_tracking":false,"_monsterinsights_sitenote_active":false,"_monsterinsights_sitenote_note":"","_monsterinsights_sitenote_category":0,"iawp_total_views":19,"footnotes":""},"categories":[42],"tags":[],"class_list":["post-10363","post","type-post","status-publish","format-standard","has-post-thumbnail","hentry","category-municipalidad"],"aioseo_notices":[],"_links":{"self":[{"href":"https:\/\/mportezuelo.cl\/Inicio\/wp-json\/wp\/v2\/posts\/10363","targetHints":{"allow":["GET"]}}],"collection":[{"href":"https:\/\/mportezuelo.cl\/Inicio\/wp-json\/wp\/v2\/posts"}],"about":[{"href":"https:\/\/mportezuelo.cl\/Inicio\/wp-json\/wp\/v2\/types\/post"}],"author":[{"embeddable":true,"href":"https:\/\/mportezuelo.cl\/Inicio\/wp-json\/wp\/v2\/users\/1"}],"replies":[{"embeddable":true,"href":"https:\/\/mportezuelo.cl\/Inicio\/wp-json\/wp\/v2\/comments?post=10363"}],"version-history":[{"count":4,"href":"https:\/\/mportezuelo.cl\/Inicio\/wp-json\/wp\/v2\/posts\/10363\/revisions"}],"predecessor-version":[{"id":10374,"href":"https:\/\/mportezuelo.cl\/Inicio\/wp-json\/wp\/v2\/posts\/10363\/revisions\/10374"}],"wp:featuredmedia":[{"embeddable":true,"href":"https:\/\/mportezuelo.cl\/Inicio\/wp-json\/wp\/v2\/media\/10364"}],"wp:attachment":[{"href":"https:\/\/mportezuelo.cl\/Inicio\/wp-json\/wp\/v2\/media?parent=10363"}],"wp:term":[{"taxonomy":"category","embeddable":true,"href":"https:\/\/mportezuelo.cl\/Inicio\/wp-json\/wp\/v2\/categories?post=10363"},{"taxonomy":"post_tag","embeddable":true,"href":"https:\/\/mportezuelo.cl\/Inicio\/wp-json\/wp\/v2\/tags?post=10363"}],"curies":[{"name":"wp","href":"https:\/\/api.w.org\/{rel}","templated":true}]}}