{"id":10264,"date":"2025-11-19T13:04:44","date_gmt":"2025-11-19T16:04:44","guid":{"rendered":"https:\/\/mportezuelo.cl\/Inicio\/?p=10264"},"modified":"2025-11-19T13:10:36","modified_gmt":"2025-11-19T16:10:36","slug":"fondo-social-presidente-de-la-republica-beneficia-a-dos-organizaciones-clave","status":"publish","type":"post","link":"https:\/\/mportezuelo.cl\/Inicio\/2025\/11\/19\/fondo-social-presidente-de-la-republica-beneficia-a-dos-organizaciones-clave\/","title":{"rendered":"Fondo Social Presidente de la Rep\u00fablica Beneficia a Dos Organizaciones Clave"},"content":{"rendered":"\t\t<div data-elementor-type=\"wp-post\" data-elementor-id=\"10264\" class=\"elementor elementor-10264\" data-elementor-post-type=\"post\">\n\t\t\t\t\n<div class=\"elementor-element elementor-element-c4c5044 e-flex e-con-boxed e-con e-parent\" data-id=\"c4c5044\" data-element_type=\"container\" data-e-type=\"container\" data-settings=\"{&quot;tmea_shape_divider_top&quot;:&quot;none&quot;,&quot;tmea_shape_divider_bottom&quot;:&quot;none&quot;}\">\n\t\t\t\t\t<div class=\"e-con-inner\">\n\t\t\t\t<div class=\"elementor-element elementor-element-5e466af elementor-widget elementor-widget-image\" data-id=\"5e466af\" data-element_type=\"widget\" data-e-type=\"widget\" data-widget_type=\"image.default\">\n\t\t\t\t<div class=\"elementor-widget-container\">\n\t\t\t\t\t\t\t\t\t\t\t\t\t\t\t<img fetchpriority=\"high\" decoding=\"async\" width=\"1024\" height=\"594\" src=\"https:\/\/mportezuelo.cl\/Inicio\/wp-content\/uploads\/2025\/11\/WhatsApp-Image-2025-11-18-at-16.31.01-1-e1763568377758-1024x594.jpeg\" class=\"attachment-large size-large wp-image-10265\" alt=\"\" srcset=\"https:\/\/mportezuelo.cl\/Inicio\/wp-content\/uploads\/2025\/11\/WhatsApp-Image-2025-11-18-at-16.31.01-1-e1763568377758-1024x594.jpeg 1024w, https:\/\/mportezuelo.cl\/Inicio\/wp-content\/uploads\/2025\/11\/WhatsApp-Image-2025-11-18-at-16.31.01-1-e1763568377758-300x174.jpeg 300w, https:\/\/mportezuelo.cl\/Inicio\/wp-content\/uploads\/2025\/11\/WhatsApp-Image-2025-11-18-at-16.31.01-1-e1763568377758-768x445.jpeg 768w, https:\/\/mportezuelo.cl\/Inicio\/wp-content\/uploads\/2025\/11\/WhatsApp-Image-2025-11-18-at-16.31.01-1-e1763568377758-1536x891.jpeg 1536w, https:\/\/mportezuelo.cl\/Inicio\/wp-content\/uploads\/2025\/11\/WhatsApp-Image-2025-11-18-at-16.31.01-1-e1763568377758.jpeg 1600w\" sizes=\"(max-width: 1024px) 100vw, 1024px\" \/>\t\t\t\t\t\t\t\t\t\t\t\t\t\t\t<\/div>\n\t\t\t\t<\/div>\n\t\t\t\t\t<\/div>\n\t\t\t\t<\/div>\n\t\t<div class=\"elementor-element elementor-element-28422a0 e-flex e-con-boxed e-con e-parent\" data-id=\"28422a0\" data-element_type=\"container\" data-e-type=\"container\" data-settings=\"{&quot;tmea_shape_divider_top&quot;:&quot;none&quot;,&quot;tmea_shape_divider_bottom&quot;:&quot;none&quot;}\">\n\t\t\t\t\t<div class=\"e-con-inner\">\n\t\t\t\t<div class=\"elementor-element elementor-element-73c6e3d elementor-widget elementor-widget-text-editor\" data-id=\"73c6e3d\" data-element_type=\"widget\" data-e-type=\"widget\" data-widget_type=\"text-editor.default\">\n\t\t\t\t<div class=\"elementor-widget-container\">\n\t\t\t\t\t\t\t\t\t<p>El <b>Fondo Social Presidente de la Rep\u00fablica (FSPR)<\/b>, instrumento de financiamiento clave del Estado de Chile para el apoyo al tejido social, concret\u00f3 la entrega de recursos correspondientes al periodo 2025 en la comuna de Portezuelo, Regi\u00f3n de \u00d1uble. Esta inversi\u00f3n busca potenciar las capacidades de equipamiento e implementaci\u00f3n de organizaciones sin fines de lucro, contribuyendo directamente al bienestar de sus comunidades.<\/p>\t\t\t\t\t\t\t\t<\/div>\n\t\t\t\t<\/div>\n\t\t\t\t\t<\/div>\n\t\t\t\t<\/div>\n\t\t<div class=\"elementor-element elementor-element-0e83e4d e-flex e-con-boxed e-con e-parent\" data-id=\"0e83e4d\" data-element_type=\"container\" data-e-type=\"container\" data-settings=\"{&quot;tmea_shape_divider_top&quot;:&quot;none&quot;,&quot;tmea_shape_divider_bottom&quot;:&quot;none&quot;}\">\n\t\t\t\t\t<div class=\"e-con-inner\">\n\t\t<div class=\"elementor-element elementor-element-591bc4f e-con-full e-flex e-con e-child\" data-id=\"591bc4f\" data-element_type=\"container\" data-e-type=\"container\" data-settings=\"{&quot;tmea_shape_divider_top&quot;:&quot;none&quot;,&quot;tmea_shape_divider_bottom&quot;:&quot;none&quot;}\">\n\t\t\t\t<div class=\"elementor-element elementor-element-56cae86 elementor-widget elementor-widget-image\" data-id=\"56cae86\" data-element_type=\"widget\" data-e-type=\"widget\" data-widget_type=\"image.default\">\n\t\t\t\t<div class=\"elementor-widget-container\">\n\t\t\t\t\t\t\t\t\t\t\t\t\t\t\t<img decoding=\"async\" width=\"1024\" height=\"682\" src=\"https:\/\/mportezuelo.cl\/Inicio\/wp-content\/uploads\/2025\/11\/WhatsApp-Image-2025-11-18-at-16.30.49-1024x682.jpeg\" class=\"attachment-large size-large wp-image-10267\" alt=\"\" srcset=\"https:\/\/mportezuelo.cl\/Inicio\/wp-content\/uploads\/2025\/11\/WhatsApp-Image-2025-11-18-at-16.30.49-1024x682.jpeg 1024w, https:\/\/mportezuelo.cl\/Inicio\/wp-content\/uploads\/2025\/11\/WhatsApp-Image-2025-11-18-at-16.30.49-300x200.jpeg 300w, https:\/\/mportezuelo.cl\/Inicio\/wp-content\/uploads\/2025\/11\/WhatsApp-Image-2025-11-18-at-16.30.49-768x512.jpeg 768w, https:\/\/mportezuelo.cl\/Inicio\/wp-content\/uploads\/2025\/11\/WhatsApp-Image-2025-11-18-at-16.30.49-1536x1023.jpeg 1536w, https:\/\/mportezuelo.cl\/Inicio\/wp-content\/uploads\/2025\/11\/WhatsApp-Image-2025-11-18-at-16.30.49.jpeg 1600w\" sizes=\"(max-width: 1024px) 100vw, 1024px\" \/>\t\t\t\t\t\t\t\t\t\t\t\t\t\t\t<\/div>\n\t\t\t\t<\/div>\n\t\t\t\t<\/div>\n\t\t<div class=\"elementor-element elementor-element-70af3e4 e-con-full e-flex e-con e-child\" data-id=\"70af3e4\" data-element_type=\"container\" data-e-type=\"container\" data-settings=\"{&quot;tmea_shape_divider_top&quot;:&quot;none&quot;,&quot;tmea_shape_divider_bottom&quot;:&quot;none&quot;}\">\n\t\t\t\t<div class=\"elementor-element elementor-element-3b7160d elementor-widget elementor-widget-text-editor\" data-id=\"3b7160d\" data-element_type=\"widget\" data-e-type=\"widget\" data-widget_type=\"text-editor.default\">\n\t\t\t\t<div class=\"elementor-widget-container\">\n\t\t\t\t\t\t\t\t\t<p data-path-to-node=\"4\">La ceremonia de cierre y entrega de recursos fue encabezada por el <b>Delegado Presidencial de Itata, Mario Cruces<\/b>, y el <b>Alcalde de Portezuelo, Juan Carlos Ram\u00edrez<\/b>, quienes formalizaron la transferencia de los fondos a las dos entidades beneficiarias en esta ocasi\u00f3n: el <b>Comit\u00e9 de Agua Potable Rural (APR) Orilla Itata<\/b> y la <b>Uni\u00f3n Comunal de Juntas de Vecinos de Portezuelo<\/b>.<\/p><blockquote data-path-to-node=\"5\"><p data-path-to-node=\"5,0\">&#8220;El Fondo Social Presidente de la Rep\u00fablica es una clara se\u00f1al del compromiso del Gobierno con las bases sociales. Estos recursos, aunque puntuales, son esenciales para que las organizaciones de la sociedad civil puedan llevar a cabo su labor de manera digna y eficiente,&#8221; se\u00f1al\u00f3 el Delegado Cruces durante la actividad.<\/p><\/blockquote>\t\t\t\t\t\t\t\t<\/div>\n\t\t\t\t<\/div>\n\t\t\t\t<\/div>\n\t\t\t\t\t<\/div>\n\t\t\t\t<\/div>\n\t\t<div class=\"elementor-element elementor-element-4366c95 e-flex e-con-boxed e-con e-parent\" data-id=\"4366c95\" data-element_type=\"container\" data-e-type=\"container\" data-settings=\"{&quot;tmea_shape_divider_top&quot;:&quot;none&quot;,&quot;tmea_shape_divider_bottom&quot;:&quot;none&quot;}\">\n\t\t\t\t\t<div class=\"e-con-inner\">\n\t\t<div class=\"elementor-element elementor-element-b23891c e-con-full e-flex e-con e-child\" data-id=\"b23891c\" data-element_type=\"container\" data-e-type=\"container\" data-settings=\"{&quot;tmea_shape_divider_top&quot;:&quot;none&quot;,&quot;tmea_shape_divider_bottom&quot;:&quot;none&quot;}\">\n\t\t\t\t<div class=\"elementor-element elementor-element-f4a4012 elementor-widget elementor-widget-image\" data-id=\"f4a4012\" data-element_type=\"widget\" data-e-type=\"widget\" data-widget_type=\"image.default\">\n\t\t\t\t<div class=\"elementor-widget-container\">\n\t\t\t\t\t\t\t\t\t\t\t\t\t\t\t<img decoding=\"async\" width=\"1024\" height=\"682\" src=\"https:\/\/mportezuelo.cl\/Inicio\/wp-content\/uploads\/2025\/11\/WhatsApp-Image-2025-11-18-at-16.30.50-1-1024x682.jpeg\" class=\"attachment-large size-large wp-image-10268\" alt=\"\" srcset=\"https:\/\/mportezuelo.cl\/Inicio\/wp-content\/uploads\/2025\/11\/WhatsApp-Image-2025-11-18-at-16.30.50-1-1024x682.jpeg 1024w, https:\/\/mportezuelo.cl\/Inicio\/wp-content\/uploads\/2025\/11\/WhatsApp-Image-2025-11-18-at-16.30.50-1-300x200.jpeg 300w, https:\/\/mportezuelo.cl\/Inicio\/wp-content\/uploads\/2025\/11\/WhatsApp-Image-2025-11-18-at-16.30.50-1-768x512.jpeg 768w, https:\/\/mportezuelo.cl\/Inicio\/wp-content\/uploads\/2025\/11\/WhatsApp-Image-2025-11-18-at-16.30.50-1-1536x1023.jpeg 1536w, https:\/\/mportezuelo.cl\/Inicio\/wp-content\/uploads\/2025\/11\/WhatsApp-Image-2025-11-18-at-16.30.50-1.jpeg 1600w\" sizes=\"(max-width: 1024px) 100vw, 1024px\" \/>\t\t\t\t\t\t\t\t\t\t\t\t\t\t\t<\/div>\n\t\t\t\t<\/div>\n\t\t\t\t<\/div>\n\t\t<div class=\"elementor-element elementor-element-1a7933d e-con-full e-flex e-con e-child\" data-id=\"1a7933d\" data-element_type=\"container\" data-e-type=\"container\" data-settings=\"{&quot;tmea_shape_divider_top&quot;:&quot;none&quot;,&quot;tmea_shape_divider_bottom&quot;:&quot;none&quot;}\">\n\t\t\t\t<div class=\"elementor-element elementor-element-7edad6e elementor-widget elementor-widget-text-editor\" data-id=\"7edad6e\" data-element_type=\"widget\" data-e-type=\"widget\" data-widget_type=\"text-editor.default\">\n\t\t\t\t<div class=\"elementor-widget-container\">\n\t\t\t\t\t\t\t\t\t<h3>Inversi\u00f3n Detallada para el Desarrollo Local<\/h3><p>\u00a0<\/p><p data-path-to-node=\"7\">Las dos organizaciones de la comuna de Portezuelo recibir\u00e1n un total de <b>$726.840<\/b> en inversi\u00f3n, los cuales ser\u00e1n utilizados para la adquisici\u00f3n de equipamiento fundamental para sus funciones y actividades comunitarias:<\/p><table data-path-to-node=\"8\"><thead><tr><td><strong>Organizaci\u00f3n Beneficiada<\/strong><\/td><td><strong>Monto Adjudicado<\/strong><\/td><td><strong>Inversi\u00f3n Detallada<\/strong><\/td><\/tr><\/thead><tbody><tr><td data-path-to-node=\"8,1,0,0\"><b>Comit\u00e9 de APR Orilla Itata<\/b><\/td><td data-path-to-node=\"8,1,1,0\"><b>$336.790<\/b><\/td><td data-path-to-node=\"8,1,2,0\">Adquisici\u00f3n de loza, servicios (cubiertos), mesas plegables y un hervidor de agua caliente de 20 litros.<\/td><\/tr><tr><td data-path-to-node=\"8,2,0,0\"><b>Uni\u00f3n Comunal de Juntas de Vecinos<\/b><\/td><td data-path-to-node=\"8,2,1,0\"><b>$390.050<\/b><\/td><td data-path-to-node=\"8,2,2,0\">Compra de kits de vajilla de 30 piezas, dos mesas plegables y dos hervidores el\u00e9ctricos de 20 litros.<\/td><\/tr><\/tbody><\/table>\t\t\t\t\t\t\t\t<\/div>\n\t\t\t\t<\/div>\n\t\t\t\t<\/div>\n\t\t\t\t\t<\/div>\n\t\t\t\t<\/div>\n\t\t<div class=\"elementor-element elementor-element-1e1ea19 e-flex e-con-boxed e-con e-parent\" data-id=\"1e1ea19\" data-element_type=\"container\" data-e-type=\"container\" data-settings=\"{&quot;tmea_shape_divider_top&quot;:&quot;none&quot;,&quot;tmea_shape_divider_bottom&quot;:&quot;none&quot;}\">\n\t\t\t\t\t<div class=\"e-con-inner\">\n\t\t\t\t<div class=\"elementor-element elementor-element-56232c7 elementor-widget elementor-widget-spacer\" data-id=\"56232c7\" data-element_type=\"widget\" data-e-type=\"widget\" data-widget_type=\"spacer.default\">\n\t\t\t\t<div class=\"elementor-widget-container\">\n\t\t\t\t\t\t\t<div class=\"elementor-spacer\">\n\t\t\t<div class=\"elementor-spacer-inner\"><\/div>\n\t\t<\/div>\n\t\t\t\t\t\t<\/div>\n\t\t\t\t<\/div>\n\t\t\t\t\t<\/div>\n\t\t\t\t<\/div>\n\t\t\t\t<\/div>\n\t\t","protected":false},"excerpt":{"rendered":"<p>El Fondo Social Presidente de la Rep\u00fablica (FSPR), instrumento de financiamiento clave del Estado de Chile para el apoyo al tejido social, concret\u00f3 la entrega de recursos correspondientes al periodo 2025 en la comuna de Portezuelo, Regi\u00f3n de \u00d1uble. Esta inversi\u00f3n busca potenciar las capacidades de equipamiento e implementaci\u00f3n de organizaciones sin fines de lucro, [&hellip;]<\/p>\n","protected":false},"author":1,"featured_media":10265,"comment_status":"open","ping_status":"open","sticky":false,"template":"elementor_header_footer","format":"standard","meta":{"_monsterinsights_skip_tracking":false,"_monsterinsights_sitenote_active":false,"_monsterinsights_sitenote_note":"","_monsterinsights_sitenote_category":0,"iawp_total_views":12,"footnotes":""},"categories":[42],"tags":[],"class_list":["post-10264","post","type-post","status-publish","format-standard","has-post-thumbnail","hentry","category-municipalidad"],"aioseo_notices":[],"_links":{"self":[{"href":"https:\/\/mportezuelo.cl\/Inicio\/wp-json\/wp\/v2\/posts\/10264","targetHints":{"allow":["GET"]}}],"collection":[{"href":"https:\/\/mportezuelo.cl\/Inicio\/wp-json\/wp\/v2\/posts"}],"about":[{"href":"https:\/\/mportezuelo.cl\/Inicio\/wp-json\/wp\/v2\/types\/post"}],"author":[{"embeddable":true,"href":"https:\/\/mportezuelo.cl\/Inicio\/wp-json\/wp\/v2\/users\/1"}],"replies":[{"embeddable":true,"href":"https:\/\/mportezuelo.cl\/Inicio\/wp-json\/wp\/v2\/comments?post=10264"}],"version-history":[{"count":7,"href":"https:\/\/mportezuelo.cl\/Inicio\/wp-json\/wp\/v2\/posts\/10264\/revisions"}],"predecessor-version":[{"id":10274,"href":"https:\/\/mportezuelo.cl\/Inicio\/wp-json\/wp\/v2\/posts\/10264\/revisions\/10274"}],"wp:featuredmedia":[{"embeddable":true,"href":"https:\/\/mportezuelo.cl\/Inicio\/wp-json\/wp\/v2\/media\/10265"}],"wp:attachment":[{"href":"https:\/\/mportezuelo.cl\/Inicio\/wp-json\/wp\/v2\/media?parent=10264"}],"wp:term":[{"taxonomy":"category","embeddable":true,"href":"https:\/\/mportezuelo.cl\/Inicio\/wp-json\/wp\/v2\/categories?post=10264"},{"taxonomy":"post_tag","embeddable":true,"href":"https:\/\/mportezuelo.cl\/Inicio\/wp-json\/wp\/v2\/tags?post=10264"}],"curies":[{"name":"wp","href":"https:\/\/api.w.org\/{rel}","templated":true}]}}