{"id":10258,"date":"2025-11-18T14:42:19","date_gmt":"2025-11-18T17:42:19","guid":{"rendered":"https:\/\/mportezuelo.cl\/Inicio\/?p=10258"},"modified":"2025-11-18T14:47:23","modified_gmt":"2025-11-18T17:47:23","slug":"portezuelo-se-declara-capital-del-vino-de-chile-y-celebra-sus-305-anos-con-una-gran-fiesta-de-tradicion-y-patrimonio","status":"publish","type":"post","link":"https:\/\/mportezuelo.cl\/Inicio\/2025\/11\/18\/portezuelo-se-declara-capital-del-vino-de-chile-y-celebra-sus-305-anos-con-una-gran-fiesta-de-tradicion-y-patrimonio\/","title":{"rendered":"Portezuelo se Declara Capital del Vino de Chile y Celebra sus 305 A\u00f1os con una Gran Fiesta de Tradici\u00f3n y Patrimonio"},"content":{"rendered":"\t\t<div data-elementor-type=\"wp-post\" data-elementor-id=\"10258\" class=\"elementor elementor-10258\" data-elementor-post-type=\"post\">\n\t\t\t\t<div class=\"elementor-element elementor-element-ccac92d e-flex e-con-boxed e-con e-parent\" data-id=\"ccac92d\" data-element_type=\"container\" data-e-type=\"container\" data-settings=\"{&quot;tmea_shape_divider_top&quot;:&quot;none&quot;,&quot;tmea_shape_divider_bottom&quot;:&quot;none&quot;}\">\n\t\t\t\t\t<div class=\"e-con-inner\">\n\t\t\t\t<div class=\"elementor-element elementor-element-77c09d8 elementor-widget elementor-widget-image\" data-id=\"77c09d8\" data-element_type=\"widget\" data-e-type=\"widget\" data-widget_type=\"image.default\">\n\t\t\t\t<div class=\"elementor-widget-container\">\n\t\t\t\t\t\t\t\t\t\t\t\t\t\t\t<img fetchpriority=\"high\" decoding=\"async\" width=\"1024\" height=\"595\" src=\"https:\/\/mportezuelo.cl\/Inicio\/wp-content\/uploads\/2025\/11\/WhatsApp-Image-2025-11-18-at-14.28.44-1024x595.jpeg\" class=\"attachment-large size-large wp-image-10259\" alt=\"\" srcset=\"https:\/\/mportezuelo.cl\/Inicio\/wp-content\/uploads\/2025\/11\/WhatsApp-Image-2025-11-18-at-14.28.44-1024x595.jpeg 1024w, https:\/\/mportezuelo.cl\/Inicio\/wp-content\/uploads\/2025\/11\/WhatsApp-Image-2025-11-18-at-14.28.44-300x174.jpeg 300w, https:\/\/mportezuelo.cl\/Inicio\/wp-content\/uploads\/2025\/11\/WhatsApp-Image-2025-11-18-at-14.28.44-768x446.jpeg 768w, https:\/\/mportezuelo.cl\/Inicio\/wp-content\/uploads\/2025\/11\/WhatsApp-Image-2025-11-18-at-14.28.44.jpeg 1438w\" sizes=\"(max-width: 1024px) 100vw, 1024px\" \/>\t\t\t\t\t\t\t\t\t\t\t\t\t\t\t<\/div>\n\t\t\t\t<\/div>\n\t\t\t\t\t<\/div>\n\t\t\t\t<\/div>\n\t\t<div class=\"elementor-element elementor-element-8f3060c e-flex e-con-boxed e-con e-parent\" data-id=\"8f3060c\" data-element_type=\"container\" data-e-type=\"container\" data-settings=\"{&quot;tmea_shape_divider_top&quot;:&quot;none&quot;,&quot;tmea_shape_divider_bottom&quot;:&quot;none&quot;}\">\n\t\t\t\t\t<div class=\"e-con-inner\">\n\t\t\n\t\t<div class=\"elementor-element elementor-element-5544819 elementor-widget elementor-widget-text-editor\" data-id=\"5544819\" data-element_type=\"widget\" data-e-type=\"widget\" data-widget_type=\"text-editor.default\">\n\t\t\t\t<div class=\"elementor-widget-container\">\n\t\t\t\t\t\t\t\t\t<p><strong>Portezuelo, Regi\u00f3n de \u00d1uble.<\/strong> La comuna de Portezuelo, cuna hist\u00f3rica de la tradici\u00f3n vitivin\u00edcola nacional, se prepara para vivir un fin de semana \u00e9pico al declararse formalmente la <strong>Capital del Vino de Chile<\/strong>. La celebraci\u00f3n se enmarca en la esperada Fiesta del Vino y el aniversario comunal, eventos que se tomar\u00e1n la Plaza de Armas este <strong>viernes 21 y s\u00e1bado 22 de noviembre<\/strong>.<\/p><p>El alcalde de Portezuelo, Juan Carlos Ram\u00edrez, extendi\u00f3 una invitaci\u00f3n abierta a toda la regi\u00f3n de \u00d1uble y a los visitantes de otras zonas para sumarse a este encuentro que busca honrar la identidad vitivin\u00edcola de la comuna.<\/p><p>&#8220;Queremos disfrutar de un fin de semana donde celebremos nuestro patrimonio, lo que nos identifica como comuna y como regi\u00f3n: el vino chileno. Tendremos tradiciones, artesan\u00edas, comida t\u00edpica, juegos aut\u00f3ctonos y la cl\u00e1sica carrera a la chilena en honor a Manuel Riquelme Palma&#8221;, destac\u00f3 el edil.<\/p><p>\u00a0<\/p><h3><strong>Un Fin de Semana de Cultura y Espect\u00e1culo Gratuito<\/strong><\/h3><p>La programaci\u00f3n promete mezclar la riqueza cultural con el entretenimiento de alto nivel.<\/p><ul><li>El <strong>viernes 21<\/strong>, a partir de las 20:00 horas, el escenario principal vibrar\u00e1 al ritmo de <strong>La Onda Llanera<\/strong>.<\/li><li>El <strong>s\u00e1bado 22<\/strong> ser\u00e1 el turno de la m\u00fasica con la presentaci\u00f3n del grupo <strong>Disparo<\/strong>.<\/li><\/ul><p>Ambos espect\u00e1culos son <strong>totalmente gratuitos<\/strong> y abiertos a todo p\u00fablico, reafirmando el compromiso de la comuna con la accesibilidad a la cultura.<\/p><p>\u00a0<\/p><h3><strong>\u00a0Reforzando el Valor del Enoturismo<\/strong><\/h3><p>La declaraci\u00f3n de Portezuelo como Capital del Vino no solo es un acto simb\u00f3lico, sino tambi\u00e9n una estrategia para potenciar el Valle del Itata como un destino de enoturismo de clase mundial.<\/p><p>Augusto Gonz\u00e1lez, director regional de SERNATUR, enfatiz\u00f3 el valor del evento: &#8220;Portezuelo es cuna del vino chileno y ejemplo de una tradici\u00f3n vitivin\u00edcola viva. Invitamos a todos a vivir una experiencia \u00fanica en el Valle del Itata&#8221;.<\/p><p>Por su parte, el seremi de Econom\u00eda, Juan Pablo Ar\u00e9valo, subray\u00f3 el trabajo coordinado entre el Gobierno Regional, SERNATUR y el municipio: &#8220;Este fin de semana, Portezuelo ser\u00e1 la capital del vino de Chile. Invitamos a turistas y visitantes a disfrutar su patrimonio, sus vi\u00f1as, su artesan\u00eda y sus emprendimientos&#8221;.<\/p><p>\u00a0<\/p><h3><strong>305 A\u00f1os de Historia<\/strong><\/h3><p>El alcalde Ram\u00edrez aprovech\u00f3 la instancia para anunciar que se est\u00e1 avanzando en una investigaci\u00f3n hist\u00f3rica para fijar oficialmente la fecha de fundaci\u00f3n de Portezuelo. Los primeros antecedentes se\u00f1alan que la comuna estar\u00e1 cumpliendo <strong>305 a\u00f1os en 2025<\/strong>, una cifra que subraya la profundidad de su arraigo hist\u00f3rico en la regi\u00f3n.<\/p><p><strong>La Fiesta del Vino y el Aniversario Comunal de Portezuelo<\/strong> se consolidan, as\u00ed como una cita imperdible para quienes deseen celebrar la cultura, el patrimonio y la bebida nacional en su lugar de origen, reafirmando a la comuna como un referente indiscutible del vino y la cultura del Itata.<\/p>\t\t\t\t\t\t\t\t<\/div>\n\t\t\t\t<\/div>\n\t\t\t\t\t<\/div>\n\t\t\t\t<\/div>\n\t\t\t\t<\/div>\n\t\t","protected":false},"excerpt":{"rendered":"<p>Portezuelo, Regi\u00f3n de \u00d1uble. La comuna de Portezuelo, cuna hist\u00f3rica de la tradici\u00f3n vitivin\u00edcola nacional, se prepara para vivir un fin de semana \u00e9pico al declararse formalmente la Capital del Vino de Chile. La celebraci\u00f3n se enmarca en la esperada Fiesta del Vino y el aniversario comunal, eventos que se tomar\u00e1n la Plaza de Armas [&hellip;]<\/p>\n","protected":false},"author":1,"featured_media":10259,"comment_status":"open","ping_status":"open","sticky":false,"template":"elementor_header_footer","format":"standard","meta":{"_monsterinsights_skip_tracking":false,"_monsterinsights_sitenote_active":false,"_monsterinsights_sitenote_note":"","_monsterinsights_sitenote_category":0,"iawp_total_views":35,"footnotes":""},"categories":[52],"tags":[],"class_list":["post-10258","post","type-post","status-publish","format-standard","has-post-thumbnail","hentry","category-comuna"],"aioseo_notices":[],"_links":{"self":[{"href":"https:\/\/mportezuelo.cl\/Inicio\/wp-json\/wp\/v2\/posts\/10258","targetHints":{"allow":["GET"]}}],"collection":[{"href":"https:\/\/mportezuelo.cl\/Inicio\/wp-json\/wp\/v2\/posts"}],"about":[{"href":"https:\/\/mportezuelo.cl\/Inicio\/wp-json\/wp\/v2\/types\/post"}],"author":[{"embeddable":true,"href":"https:\/\/mportezuelo.cl\/Inicio\/wp-json\/wp\/v2\/users\/1"}],"replies":[{"embeddable":true,"href":"https:\/\/mportezuelo.cl\/Inicio\/wp-json\/wp\/v2\/comments?post=10258"}],"version-history":[{"count":4,"href":"https:\/\/mportezuelo.cl\/Inicio\/wp-json\/wp\/v2\/posts\/10258\/revisions"}],"predecessor-version":[{"id":10263,"href":"https:\/\/mportezuelo.cl\/Inicio\/wp-json\/wp\/v2\/posts\/10258\/revisions\/10263"}],"wp:featuredmedia":[{"embeddable":true,"href":"https:\/\/mportezuelo.cl\/Inicio\/wp-json\/wp\/v2\/media\/10259"}],"wp:attachment":[{"href":"https:\/\/mportezuelo.cl\/Inicio\/wp-json\/wp\/v2\/media?parent=10258"}],"wp:term":[{"taxonomy":"category","embeddable":true,"href":"https:\/\/mportezuelo.cl\/Inicio\/wp-json\/wp\/v2\/categories?post=10258"},{"taxonomy":"post_tag","embeddable":true,"href":"https:\/\/mportezuelo.cl\/Inicio\/wp-json\/wp\/v2\/tags?post=10258"}],"curies":[{"name":"wp","href":"https:\/\/api.w.org\/{rel}","templated":true}]}}