{"id":10003,"date":"2025-10-03T12:12:20","date_gmt":"2025-10-03T15:12:20","guid":{"rendered":"https:\/\/mportezuelo.cl\/Inicio\/?p=10003"},"modified":"2025-10-03T12:25:42","modified_gmt":"2025-10-03T15:25:42","slug":"portezuelo-y-fundacion-un-techo-para-chile-se-unen-para-construir-esperanza","status":"publish","type":"post","link":"https:\/\/mportezuelo.cl\/Inicio\/2025\/10\/03\/portezuelo-y-fundacion-un-techo-para-chile-se-unen-para-construir-esperanza\/","title":{"rendered":"Portezuelo y Fundaci\u00f3n \u201cUn Techo para Chile\u201d se unen para construir esperanza"},"content":{"rendered":"\t\t<div data-elementor-type=\"wp-post\" data-elementor-id=\"10003\" class=\"elementor elementor-10003\" data-elementor-post-type=\"post\">\n\t\t\t\t\n<div class=\"elementor-element elementor-element-826166f e-flex e-con-boxed e-con e-parent\" data-id=\"826166f\" data-element_type=\"container\" data-e-type=\"container\" data-settings=\"{&quot;tmea_shape_divider_top&quot;:&quot;none&quot;,&quot;tmea_shape_divider_bottom&quot;:&quot;none&quot;}\">\n\t\t\t\t\t<div class=\"e-con-inner\">\n\t\t\t\t<div class=\"elementor-element elementor-element-e07b097 elementor-widget elementor-widget-image\" data-id=\"e07b097\" data-element_type=\"widget\" data-e-type=\"widget\" data-widget_type=\"image.default\">\n\t\t\t\t<div class=\"elementor-widget-container\">\n\t\t\t\t\t\t\t\t\t\t\t\t\t\t\t<img fetchpriority=\"high\" decoding=\"async\" width=\"1024\" height=\"526\" src=\"https:\/\/mportezuelo.cl\/Inicio\/wp-content\/uploads\/2025\/10\/casa-techo-e1759504503577-1024x526.jpg\" class=\"attachment-large size-large wp-image-10009\" alt=\"\" srcset=\"https:\/\/mportezuelo.cl\/Inicio\/wp-content\/uploads\/2025\/10\/casa-techo-e1759504503577-1024x526.jpg 1024w, https:\/\/mportezuelo.cl\/Inicio\/wp-content\/uploads\/2025\/10\/casa-techo-e1759504503577-300x154.jpg 300w, https:\/\/mportezuelo.cl\/Inicio\/wp-content\/uploads\/2025\/10\/casa-techo-e1759504503577-768x394.jpg 768w, https:\/\/mportezuelo.cl\/Inicio\/wp-content\/uploads\/2025\/10\/casa-techo-e1759504503577-1536x789.jpg 1536w, https:\/\/mportezuelo.cl\/Inicio\/wp-content\/uploads\/2025\/10\/casa-techo-e1759504503577.jpg 1920w\" sizes=\"(max-width: 1024px) 100vw, 1024px\" \/>\t\t\t\t\t\t\t\t\t\t\t\t\t\t\t<\/div>\n\t\t\t\t<\/div>\n\t\t\t\t\t<\/div>\n\t\t\t\t<\/div>\n\t\t<div class=\"elementor-element elementor-element-56e92d8 e-flex e-con-boxed e-con e-parent\" data-id=\"56e92d8\" data-element_type=\"container\" data-e-type=\"container\" data-settings=\"{&quot;tmea_shape_divider_top&quot;:&quot;none&quot;,&quot;tmea_shape_divider_bottom&quot;:&quot;none&quot;}\">\n\t\t\t\t\t<div class=\"e-con-inner\">\n\t\t\t\t<div class=\"elementor-element elementor-element-fd22e39 elementor-widget elementor-widget-text-editor\" data-id=\"fd22e39\" data-element_type=\"widget\" data-e-type=\"widget\" data-widget_type=\"text-editor.default\">\n\t\t\t\t<div class=\"elementor-widget-container\">\n\t\t\t\t\t\t\t\t\t<p>Un importante acuerdo de colaboraci\u00f3n se concret\u00f3 en la comuna de <strong>Portezuelo<\/strong> con la firma de un convenio entre el municipio y la <strong>Fundaci\u00f3n &#8220;Un Techo para Chile&#8221;<\/strong>. Este pacto social tiene como objetivo principal brindar una soluci\u00f3n habitacional r\u00e1pida a familias en situaci\u00f3n de vulnerabilidad de la comuna.<\/p>\t\t\t\t\t\t\t\t<\/div>\n\t\t\t\t<\/div>\n\t\t\t\t\t<\/div>\n\t\t\t\t<\/div>\n\t\t<div class=\"elementor-element elementor-element-d217c54 e-flex e-con-boxed e-con e-parent\" data-id=\"d217c54\" data-element_type=\"container\" data-e-type=\"container\" data-settings=\"{&quot;tmea_shape_divider_top&quot;:&quot;none&quot;,&quot;tmea_shape_divider_bottom&quot;:&quot;none&quot;}\">\n\t\t\t\t\t<div class=\"e-con-inner\">\n\t\t<div class=\"elementor-element elementor-element-b43fc57 e-con-full e-flex e-con e-child\" data-id=\"b43fc57\" data-element_type=\"container\" data-e-type=\"container\" data-settings=\"{&quot;tmea_shape_divider_top&quot;:&quot;none&quot;,&quot;tmea_shape_divider_bottom&quot;:&quot;none&quot;}\">\n\t\t\t\t<div class=\"elementor-element elementor-element-b4ba779 elementor-widget elementor-widget-image\" data-id=\"b4ba779\" data-element_type=\"widget\" data-e-type=\"widget\" data-widget_type=\"image.default\">\n\t\t\t\t<div class=\"elementor-widget-container\">\n\t\t\t\t\t\t\t\t\t\t\t\t\t\t\t<img decoding=\"async\" width=\"447\" height=\"447\" src=\"https:\/\/mportezuelo.cl\/Inicio\/wp-content\/uploads\/2025\/10\/556781891_1249879250509341_8780582143260477304_n.jpg\" class=\"attachment-large size-large wp-image-10006\" alt=\"\" srcset=\"https:\/\/mportezuelo.cl\/Inicio\/wp-content\/uploads\/2025\/10\/556781891_1249879250509341_8780582143260477304_n.jpg 447w, https:\/\/mportezuelo.cl\/Inicio\/wp-content\/uploads\/2025\/10\/556781891_1249879250509341_8780582143260477304_n-300x300.jpg 300w, https:\/\/mportezuelo.cl\/Inicio\/wp-content\/uploads\/2025\/10\/556781891_1249879250509341_8780582143260477304_n-150x150.jpg 150w\" sizes=\"(max-width: 447px) 100vw, 447px\" \/>\t\t\t\t\t\t\t\t\t\t\t\t\t\t\t<\/div>\n\t\t\t\t<\/div>\n\t\t\t\t<\/div>\n\t\t<div class=\"elementor-element elementor-element-bffb37b e-con-full e-flex e-con e-child\" data-id=\"bffb37b\" data-element_type=\"container\" data-e-type=\"container\" data-settings=\"{&quot;tmea_shape_divider_top&quot;:&quot;none&quot;,&quot;tmea_shape_divider_bottom&quot;:&quot;none&quot;}\">\n\t\t\t\t<div class=\"elementor-element elementor-element-1d68fd9 elementor-widget elementor-widget-text-editor\" data-id=\"1d68fd9\" data-element_type=\"widget\" data-e-type=\"widget\" data-widget_type=\"text-editor.default\">\n\t\t\t\t<div class=\"elementor-widget-container\">\n\t\t\t\t\t\t\t\t\t<p>El alcalde <strong>Juan Carlos Ram\u00edrez<\/strong> fue el encargado de formalizar el acuerdo con la fundaci\u00f3n, lo que permitir\u00e1 la <strong>construcci\u00f3n de ocho viviendas de emergencia<\/strong> en diversos puntos de Portezuelo. Los trabajos de edificaci\u00f3n est\u00e1n programados para llevarse a cabo entre el <strong>6 y el 14 de enero de 2026<\/strong>.<\/p><p>&#8220;Agradecemos profundamente a la fundaci\u00f3n por su compromiso con las familias de nuestra comuna. Su labor es fundamental para llegar con soluciones concretas a quienes m\u00e1s lo necesitan&#8221;, expres\u00f3 el alcalde Juan Carlos Ram\u00edrez tras la firma.<\/p><p>Con esta alianza, el municipio ratifica su enfoque en el desarrollo social. &#8220;Como municipio, seguimos trabajando para traer m\u00e1s proyectos y recursos que mejoren la calidad de vida de nuestros vecinos y vecinas&#8221;, a\u00f1adi\u00f3 el alcalde, destacando que esta es una de varias iniciativas que se buscan concretar para el bienestar de la comunidad.<\/p>\t\t\t\t\t\t\t\t<\/div>\n\t\t\t\t<\/div>\n\t\t\t\t<\/div>\n\t\t\t\t\t<\/div>\n\t\t\t\t<\/div>\n\t\t<div class=\"elementor-element elementor-element-459c13a e-flex e-con-boxed e-con e-parent\" data-id=\"459c13a\" data-element_type=\"container\" data-e-type=\"container\" data-settings=\"{&quot;tmea_shape_divider_top&quot;:&quot;none&quot;,&quot;tmea_shape_divider_bottom&quot;:&quot;none&quot;}\">\n\t\t\t\t\t<div class=\"e-con-inner\">\n\t\t\t\t<div class=\"elementor-element elementor-element-2884420 elementor-widget elementor-widget-text-editor\" data-id=\"2884420\" data-element_type=\"widget\" data-e-type=\"widget\" data-widget_type=\"text-editor.default\">\n\t\t\t\t<div class=\"elementor-widget-container\">\n\t\t\t\t\t\t\t\t\t<p>La construcci\u00f3n de estas viviendas de emergencia se presenta como un apoyo vital y una se\u00f1al de esperanza para las familias beneficiadas, y subraya la importancia de la colaboraci\u00f3n entre el sector p\u00fablico y las organizaciones de la sociedad civil para abordar las necesidades habitacionales.<\/p>\t\t\t\t\t\t\t\t<\/div>\n\t\t\t\t<\/div>\n\t\t\t\t\t<\/div>\n\t\t\t\t<\/div>\n\t\t<div class=\"elementor-element elementor-element-59a7992 e-flex e-con-boxed e-con e-parent\" data-id=\"59a7992\" data-element_type=\"container\" data-e-type=\"container\" data-settings=\"{&quot;tmea_shape_divider_top&quot;:&quot;none&quot;,&quot;tmea_shape_divider_bottom&quot;:&quot;none&quot;}\">\n\t\t\t\t\t<div class=\"e-con-inner\">\n\t\t<div class=\"elementor-element elementor-element-5911fff e-con-full e-flex e-con e-child\" data-id=\"5911fff\" data-element_type=\"container\" data-e-type=\"container\" data-settings=\"{&quot;tmea_shape_divider_top&quot;:&quot;none&quot;,&quot;tmea_shape_divider_bottom&quot;:&quot;none&quot;}\">\n\t\t\t\t<div class=\"elementor-element elementor-element-2fcb596 elementor-widget elementor-widget-image\" data-id=\"2fcb596\" data-element_type=\"widget\" data-e-type=\"widget\" data-widget_type=\"image.default\">\n\t\t\t\t<div class=\"elementor-widget-container\">\n\t\t\t\t\t\t\t\t\t\t\t\t\t\t\t<img decoding=\"async\" width=\"658\" height=\"658\" src=\"https:\/\/mportezuelo.cl\/Inicio\/wp-content\/uploads\/2025\/10\/556514387_1249879503842649_4150837846547726759_n.jpg\" class=\"attachment-large size-large wp-image-10007\" alt=\"\" srcset=\"https:\/\/mportezuelo.cl\/Inicio\/wp-content\/uploads\/2025\/10\/556514387_1249879503842649_4150837846547726759_n.jpg 658w, https:\/\/mportezuelo.cl\/Inicio\/wp-content\/uploads\/2025\/10\/556514387_1249879503842649_4150837846547726759_n-300x300.jpg 300w, https:\/\/mportezuelo.cl\/Inicio\/wp-content\/uploads\/2025\/10\/556514387_1249879503842649_4150837846547726759_n-150x150.jpg 150w\" sizes=\"(max-width: 658px) 100vw, 658px\" \/>\t\t\t\t\t\t\t\t\t\t\t\t\t\t\t<\/div>\n\t\t\t\t<\/div>\n\t\t\t\t<\/div>\n\t\t<div class=\"elementor-element elementor-element-186d463 e-con-full e-flex e-con e-child\" data-id=\"186d463\" data-element_type=\"container\" data-e-type=\"container\" data-settings=\"{&quot;tmea_shape_divider_top&quot;:&quot;none&quot;,&quot;tmea_shape_divider_bottom&quot;:&quot;none&quot;}\">\n\t\t\t\t<div class=\"elementor-element elementor-element-53ec20f elementor-widget elementor-widget-image\" data-id=\"53ec20f\" data-element_type=\"widget\" data-e-type=\"widget\" data-widget_type=\"image.default\">\n\t\t\t\t<div class=\"elementor-widget-container\">\n\t\t\t\t\t\t\t\t\t\t\t\t\t\t\t<img loading=\"lazy\" decoding=\"async\" width=\"688\" height=\"688\" src=\"https:\/\/mportezuelo.cl\/Inicio\/wp-content\/uploads\/2025\/10\/556537837_1249879343842665_7118344884354581244_n.jpg\" class=\"attachment-large size-large wp-image-10005\" alt=\"\" srcset=\"https:\/\/mportezuelo.cl\/Inicio\/wp-content\/uploads\/2025\/10\/556537837_1249879343842665_7118344884354581244_n.jpg 688w, https:\/\/mportezuelo.cl\/Inicio\/wp-content\/uploads\/2025\/10\/556537837_1249879343842665_7118344884354581244_n-300x300.jpg 300w, https:\/\/mportezuelo.cl\/Inicio\/wp-content\/uploads\/2025\/10\/556537837_1249879343842665_7118344884354581244_n-150x150.jpg 150w\" sizes=\"(max-width: 688px) 100vw, 688px\" \/>\t\t\t\t\t\t\t\t\t\t\t\t\t\t\t<\/div>\n\t\t\t\t<\/div>\n\t\t\t\t<\/div>\n\t\t\t\t\t<\/div>\n\t\t\t\t<\/div>\n\t\t<div class=\"elementor-element elementor-element-b63d023 e-flex e-con-boxed e-con e-parent\" data-id=\"b63d023\" data-element_type=\"container\" data-e-type=\"container\" data-settings=\"{&quot;tmea_shape_divider_top&quot;:&quot;none&quot;,&quot;tmea_shape_divider_bottom&quot;:&quot;none&quot;}\">\n\t\t\t\t\t<div class=\"e-con-inner\">\n\t\t\t\t<div class=\"elementor-element elementor-element-a14a0ab elementor-widget elementor-widget-spacer\" data-id=\"a14a0ab\" data-element_type=\"widget\" data-e-type=\"widget\" data-widget_type=\"spacer.default\">\n\t\t\t\t<div class=\"elementor-widget-container\">\n\t\t\t\t\t\t\t<div class=\"elementor-spacer\">\n\t\t\t<div class=\"elementor-spacer-inner\"><\/div>\n\t\t<\/div>\n\t\t\t\t\t\t<\/div>\n\t\t\t\t<\/div>\n\t\t\t\t\t<\/div>\n\t\t\t\t<\/div>\n\t\t\t\t<\/div>\n\t\t","protected":false},"excerpt":{"rendered":"<p>Un importante acuerdo de colaboraci\u00f3n se concret\u00f3 en la comuna de Portezuelo con la firma de un convenio entre el municipio y la Fundaci\u00f3n &#8220;Un Techo para Chile&#8221;. Este pacto social tiene como objetivo principal brindar una soluci\u00f3n habitacional r\u00e1pida a familias en situaci\u00f3n de vulnerabilidad de la comuna. El alcalde Juan Carlos Ram\u00edrez fue [&hellip;]<\/p>\n","protected":false},"author":1,"featured_media":10009,"comment_status":"open","ping_status":"open","sticky":false,"template":"elementor_header_footer","format":"standard","meta":{"_monsterinsights_skip_tracking":false,"_monsterinsights_sitenote_active":false,"_monsterinsights_sitenote_note":"","_monsterinsights_sitenote_category":0,"iawp_total_views":9,"footnotes":""},"categories":[42],"tags":[],"class_list":["post-10003","post","type-post","status-publish","format-standard","has-post-thumbnail","hentry","category-municipalidad"],"aioseo_notices":[],"_links":{"self":[{"href":"https:\/\/mportezuelo.cl\/Inicio\/wp-json\/wp\/v2\/posts\/10003","targetHints":{"allow":["GET"]}}],"collection":[{"href":"https:\/\/mportezuelo.cl\/Inicio\/wp-json\/wp\/v2\/posts"}],"about":[{"href":"https:\/\/mportezuelo.cl\/Inicio\/wp-json\/wp\/v2\/types\/post"}],"author":[{"embeddable":true,"href":"https:\/\/mportezuelo.cl\/Inicio\/wp-json\/wp\/v2\/users\/1"}],"replies":[{"embeddable":true,"href":"https:\/\/mportezuelo.cl\/Inicio\/wp-json\/wp\/v2\/comments?post=10003"}],"version-history":[{"count":5,"href":"https:\/\/mportezuelo.cl\/Inicio\/wp-json\/wp\/v2\/posts\/10003\/revisions"}],"predecessor-version":[{"id":10013,"href":"https:\/\/mportezuelo.cl\/Inicio\/wp-json\/wp\/v2\/posts\/10003\/revisions\/10013"}],"wp:featuredmedia":[{"embeddable":true,"href":"https:\/\/mportezuelo.cl\/Inicio\/wp-json\/wp\/v2\/media\/10009"}],"wp:attachment":[{"href":"https:\/\/mportezuelo.cl\/Inicio\/wp-json\/wp\/v2\/media?parent=10003"}],"wp:term":[{"taxonomy":"category","embeddable":true,"href":"https:\/\/mportezuelo.cl\/Inicio\/wp-json\/wp\/v2\/categories?post=10003"},{"taxonomy":"post_tag","embeddable":true,"href":"https:\/\/mportezuelo.cl\/Inicio\/wp-json\/wp\/v2\/tags?post=10003"}],"curies":[{"name":"wp","href":"https:\/\/api.w.org\/{rel}","templated":true}]}}